{"id":8178,"date":"2026-09-01T12:33:41","date_gmt":"2026-09-01T15:33:41","guid":{"rendered":"https:\/\/diadianews.com\/index.php\/2026\/09\/01\/candidaturas-no-centro-oeste-predominio-de-candidatos-brancos-em-2026\/"},"modified":"2026-09-01T12:33:41","modified_gmt":"2026-09-01T15:33:41","slug":"candidaturas-no-centro-oeste-predominio-de-candidatos-brancos-em-2026","status":"publish","type":"post","link":"http:\/\/diadianews.com\/index.php\/2026\/09\/01\/candidaturas-no-centro-oeste-predominio-de-candidatos-brancos-em-2026\/","title":{"rendered":"Candidaturas no Centro-Oeste: Predom\u00ednio de Candidatos Brancos em 2026"},"content":{"rendered":"<div>\n<p><strong>Candidaturas no Centro-Oeste: Predom\u00ednio de Candidatos Brancos em 2026<\/strong><\/p>\n<\/p>\n<div><img width=\"727\" height=\"483\" src=\"https:\/\/jbr.jor.br\/wp-content\/uploads\/2026\/09\/Captura-de-tela-2026-09-01-105828.webp\" class=\"webfeedsFeaturedVisual wp-post-image\" alt=\"Candidaturas no Centro-Oeste: Predom\u00ednio de Candidatos Brancos em 2026\" style=\"float: left; margin-right: 5px;\" link_thumbnail=\"\" decoding=\"async\" fetchpriority=\"high\" srcset=\"https:\/\/jbr.jor.br\/wp-content\/uploads\/2026\/09\/Captura-de-tela-2026-09-01-105828.webp 727w, https:\/\/jbr.jor.br\/wp-content\/uploads\/2026\/09\/Captura-de-tela-2026-09-01-105828-300x199.webp 300w, https:\/\/jbr.jor.br\/wp-content\/uploads\/2026\/09\/Captura-de-tela-2026-09-01-105828-465x309.webp 465w, https:\/\/jbr.jor.br\/wp-content\/uploads\/2026\/09\/Captura-de-tela-2026-09-01-105828-695x462.webp 695w\" sizes=\"(max-width: 727px) 100vw, 727px\" itemprop=\"image\">As elei\u00e7\u00f5es de 2026 no Centro-Oeste revelam um cen\u00e1rio distinto em rela\u00e7\u00e3o \u00e0 composi\u00e7\u00e3o racial dos candidatos. Dados do Tribunal Superior Eleitoral (TSE) indicam que 50,1% dos candidatos se declaram brancos, enquanto apenas 31,4% do eleitorado se identifica dessa forma. A maioria dos eleitores, 56,6%, \u00e9 composta por pessoas que<\/div>\n<p>\nLeia a reportagem completa em:<br \/>\n<a href=\"https:\/\/jbr.jor.br\/candidaturas-centro-oeste-2026\/\" target=\"_blank\" rel=\"noopener noreferrer\"><br \/>\nJBR Jornal Brasil Regional<br \/>\n<\/a>\n<\/p>\n<p><!-- bloco-portais-jbr --><\/p>\n<div class=\"box-portais-jbr\" style=\"border:1px solid #e0e0e0;padding:16px 18px;margin:24px 0;border-radius:8px;background:#f9f9f9;font-size:0.95rem;\">\n<p style=\"margin:0 0 10px 0;font-weight:600;\">\n        Continue sempre bem informado acessando nossos portais:\n    <\/p>\n<ul style=\"margin:0;padding-left:20px;\">\n<li style=\"margin-bottom:8px;\">\n            <strong><a href=\"https:\/\/jornaldiadia.com.br\/\" target=\"_blank\" rel=\"noopener\" style=\"text-decoration:none;\">Jornal Dia Dia<\/a><\/strong> \u2013<br \/>\n            Sua fonte confi\u00e1vel para as melhores not\u00edcias e artigos \u00fateis. Fique por dentro dos acontecimentos mais importantes, dicas pr\u00e1ticas e conte\u00fados de qualidade.\n<\/li>\n<li style=\"margin-bottom:8px;\">\n            <strong><a href=\"https:\/\/jbr.jor.br\/\" target=\"_blank\" rel=\"noopener\" style=\"text-decoration:none;\">Jornal Brasil Regional (JBR)<\/a><\/strong> \u2013<br \/>\n            O pulso do pa\u00eds em tempo real. Not\u00edcias nacionais, regionais e internacionais com \u00e9tica e credibilidade.\n        <\/li>\n<li style=\"margin-bottom:8px;\">\n            <strong><a href=\"https:\/\/castilho.jor.br\/\" target=\"_blank\" rel=\"noopener\" style=\"text-decoration:none;\">Castilho Not\u00edcias (News)<\/a><\/strong> \u2013<br \/>\n            O seu di\u00e1rio local com cobertura de Castilho e Regi\u00e3o (SP). Jornalismo com credibilidade.\n        <\/li>\n<li style=\"margin-bottom:8px;\">\n            <strong><a href=\"https:\/\/casaejardim.net.br\/\" target=\"_blank\" rel=\"noopener\" style=\"text-decoration:none;\">Casa e Jardim<\/a><\/strong> \u2013<br \/>\n            Dicas exclusivas sobre decora\u00e7\u00e3o, jardinagem, arquitetura, DIY, reformas e muito mais. Tend\u00eancias, solu\u00e7\u00f5es pr\u00e1ticas e ideias criativas para todos os estilos e or\u00e7amentos.\n        <\/li>\n<li style=\"margin-bottom:0;\">\n            <strong><a href=\"https:\/\/b10.net.br\/\" target=\"_blank\" rel=\"noopener\" style=\"text-decoration:none;\">B10 Brasil<\/a><\/strong> \u2013<br \/>\n            As principais not\u00edcias, an\u00e1lises e insights sobre neg\u00f3cios, economia e soberania nacional. Conectando o Brasil ao mundo com intelig\u00eancia e estrat\u00e9gia.\n        <\/li>\n<\/ul>\n<\/div>\n<p><!-- \/bloco-portais-jbr --><\/p>\n<\/div>\n","protected":false},"excerpt":{"rendered":"<p>Candidaturas no Centro-Oeste: Predom\u00ednio de Candidatos Brancos em 2026 As elei\u00e7\u00f5es de 2026 no Centro-Oeste revelam um cen\u00e1rio distinto em rela\u00e7\u00e3o \u00e0 composi\u00e7\u00e3o racial dos candidatos. Dados do Tribunal Superior Eleitoral (TSE) indicam que 50,1% dos candidatos se declaram brancos, enquanto apenas 31,4% do eleitorado se identifica dessa forma. A<span class=\"more-link\"><a href=\"http:\/\/diadianews.com\/index.php\/2026\/09\/01\/candidaturas-no-centro-oeste-predominio-de-candidatos-brancos-em-2026\/\">Continue Reading<\/a><\/span><\/p>\n","protected":false},"author":1,"featured_media":8179,"comment_status":"closed","ping_status":"closed","sticky":false,"template":"","format":"standard","meta":{"footnotes":""},"categories":[1],"tags":[],"class_list":["entry","author-valdei","post-8178","post","type-post","status-publish","format-standard","has-post-thumbnail","category-news-do-dia"],"_links":{"self":[{"href":"http:\/\/diadianews.com\/index.php\/wp-json\/wp\/v2\/posts\/8178","targetHints":{"allow":["GET"]}}],"collection":[{"href":"http:\/\/diadianews.com\/index.php\/wp-json\/wp\/v2\/posts"}],"about":[{"href":"http:\/\/diadianews.com\/index.php\/wp-json\/wp\/v2\/types\/post"}],"author":[{"embeddable":true,"href":"http:\/\/diadianews.com\/index.php\/wp-json\/wp\/v2\/users\/1"}],"replies":[{"embeddable":true,"href":"http:\/\/diadianews.com\/index.php\/wp-json\/wp\/v2\/comments?post=8178"}],"version-history":[{"count":0,"href":"http:\/\/diadianews.com\/index.php\/wp-json\/wp\/v2\/posts\/8178\/revisions"}],"wp:featuredmedia":[{"embeddable":true,"href":"http:\/\/diadianews.com\/index.php\/wp-json\/wp\/v2\/media\/8179"}],"wp:attachment":[{"href":"http:\/\/diadianews.com\/index.php\/wp-json\/wp\/v2\/media?parent=8178"}],"wp:term":[{"taxonomy":"category","embeddable":true,"href":"http:\/\/diadianews.com\/index.php\/wp-json\/wp\/v2\/categories?post=8178"},{"taxonomy":"post_tag","embeddable":true,"href":"http:\/\/diadianews.com\/index.php\/wp-json\/wp\/v2\/tags?post=8178"}],"curies":[{"name":"wp","href":"https:\/\/api.w.org\/{rel}","templated":true}]}}