{"id":8199,"date":"2026-09-01T18:05:05","date_gmt":"2026-09-01T21:05:05","guid":{"rendered":"https:\/\/diadianews.com\/index.php\/2026\/09\/01\/anpd-inicia-consulta-publica-para-agenda-regulatoria-2027-2028\/"},"modified":"2026-09-01T18:05:05","modified_gmt":"2026-09-01T21:05:05","slug":"anpd-inicia-consulta-publica-para-agenda-regulatoria-2027-2028","status":"publish","type":"post","link":"http:\/\/diadianews.com\/index.php\/2026\/09\/01\/anpd-inicia-consulta-publica-para-agenda-regulatoria-2027-2028\/","title":{"rendered":"ANPD Inicia Consulta P\u00fablica para Agenda Regulat\u00f3ria 2027-2028"},"content":{"rendered":"<div>\n<h2>Oportunidade para Contribui\u00e7\u00f5es<\/h2>\n<p>A Ag\u00eancia Nacional de Prote\u00e7\u00e3o de Dados (ANPD) deu in\u00edcio, no dia 1\u00ba de outubro, a um per\u00edodo de consulta p\u00fablica, permitindo que diversos segmentos da sociedade apresentem sugest\u00f5es para a constru\u00e7\u00e3o da sua agenda regulat\u00f3ria para o bi\u00eanio 2027-2028. Este processo de coleta de propostas vai at\u00e9 o dia 16 de outubro e \u00e9 realizado por meio da plataforma <a href=\"https:\/\/www.gov.br\/governodigital\/pt-br\/participacao-social\/brasil-participativo\">Brasil Participativo<\/a>, que visa democratizar a participa\u00e7\u00e3o na formula\u00e7\u00e3o de pol\u00edticas p\u00fablicas.<\/p>\n<h2>Temas em Foco<\/h2>\n<p>A agenda regulat\u00f3ria da ANPD \u00e9 fundamental para o desenvolvimento de diretrizes que visem a prote\u00e7\u00e3o dos dados pessoais e a promo\u00e7\u00e3o de um ambiente digital seguro. Para o pr\u00f3ximo bi\u00eanio, a ANPD destaca eixos tem\u00e1ticos priorit\u00e1rios, entre os quais se destaca a prote\u00e7\u00e3o de crian\u00e7as, adolescentes e mulheres no ambiente digital. Este foco inclui a supervis\u00e3o parental, o design seguro das plataformas digitais e a utiliza\u00e7\u00e3o respons\u00e1vel de ferramentas de intelig\u00eancia artificial.<\/p>\n<h3>Desafios e Oportunidades<\/h3>\n<p>Com a crescente digitaliza\u00e7\u00e3o da sociedade, surgem novos desafios quanto \u00e0 seguran\u00e7a e \u00e0 privacidade dos dados. A ANPD prop\u00f5e regulamenta\u00e7\u00f5es que abordem a transfer\u00eancia internacional de dados e a verifica\u00e7\u00e3o de idade em ambientes digitais, t\u00f3picos que t\u00eam gerado debates intensos entre especialistas e cidad\u00e3os. A participa\u00e7\u00e3o ativa da sociedade nesse processo \u00e9 essencial para que as regulamenta\u00e7\u00f5es reflitam as necessidades reais dos usu\u00e1rios e promovam um ambiente mais seguro e transparente.<\/p>\n<h2>Import\u00e2ncia da Consulta P\u00fablica<\/h2>\n<p>A consulta p\u00fablica promovida pela ANPD \u00e9 uma oportunidade \u00fanica para que pesquisadores, organiza\u00e7\u00f5es da sociedade civil, empresas e cidad\u00e3os contribuam com suas experi\u00eancias e conhecimentos, ajudando na constru\u00e7\u00e3o de uma regulamenta\u00e7\u00e3o mais eficaz e abrangente. A participa\u00e7\u00e3o efetiva neste processo pode influenciar diretamente a maneira como as futuras regulamenta\u00e7\u00f5es ser\u00e3o implementadas, garantindo que a legisla\u00e7\u00e3o n\u00e3o apenas proteja os dados, mas tamb\u00e9m promova um uso respons\u00e1vel da tecnologia.<\/p>\n<h3>Prazos e Aprova\u00e7\u00f5es<\/h3>\n<p>De acordo com a Portaria n\u00ba 16\/202, a agenda regulat\u00f3ria deve ser finalizada at\u00e9 1\u00ba de fevereiro de 2027. A proposta de regulamenta\u00e7\u00e3o ser\u00e1 avaliada e poder\u00e1 trazer impactos significativos na forma como as empresas e institui\u00e7\u00f5es lidam com dados pessoais. A Agenda de Avalia\u00e7\u00e3o de Resultado Regulat\u00f3rio, que ser\u00e1 implementada entre 2027 e 2030, visa monitorar os efeitos das regulamenta\u00e7\u00f5es na sociedade e ajustar as diretrizes conforme necess\u00e1rio.<\/p>\n<h2>Conclus\u00e3o<\/h2>\n<p>A abertura do prazo para contribui\u00e7\u00f5es reafirma o compromisso da ANPD com a transpar\u00eancia e a inclus\u00e3o na formula\u00e7\u00e3o de pol\u00edticas p\u00fablicas. Para mais informa\u00e7\u00f5es sobre as iniciativas regulat\u00f3rias e como participar, \u00e9 poss\u00edvel acessar a <a href=\"https:\/\/msinteiro.jor.br\/anpd-abre-prazo-para-contribuicoes-na-agenda-regulatoria-2027-2028\/\">reportagem do MS Inteiro<\/a>, que detalha os temas em discuss\u00e3o e as diretrizes da ANPD.<\/p>\n<p><!-- bloco-portais-jbr --><\/p>\n<div class=\"box-portais-jbr\" style=\"border:1px solid #e0e0e0;padding:16px 18px;margin:24px 0;border-radius:8px;background:#f9f9f9;font-size:0.95rem;\">\n<p style=\"margin:0 0 10px 0;font-weight:600;\">\n        Continue sempre bem informado acessando nossos portais:\n    <\/p>\n<ul style=\"margin:0;padding-left:20px;\">\n<li style=\"margin-bottom:8px;\">\n            <strong><a href=\"https:\/\/jornaldiadia.com.br\/\" target=\"_blank\" rel=\"noopener\" style=\"text-decoration:none;\">Jornal Dia Dia<\/a><\/strong> \u2013<br \/>\n            Sua fonte confi\u00e1vel para as melhores not\u00edcias e artigos \u00fateis. Fique por dentro dos acontecimentos mais importantes, dicas pr\u00e1ticas e conte\u00fados de qualidade.\n<\/li>\n<li style=\"margin-bottom:8px;\">\n            <strong><a href=\"https:\/\/jbr.jor.br\/\" target=\"_blank\" rel=\"noopener\" style=\"text-decoration:none;\">Jornal Brasil Regional (JBR)<\/a><\/strong> \u2013<br \/>\n            O pulso do pa\u00eds em tempo real. Not\u00edcias nacionais, regionais e internacionais com \u00e9tica e credibilidade.\n        <\/li>\n<li style=\"margin-bottom:8px;\">\n            <strong><a href=\"https:\/\/castilho.jor.br\/\" target=\"_blank\" rel=\"noopener\" style=\"text-decoration:none;\">Castilho Not\u00edcias (News)<\/a><\/strong> \u2013<br \/>\n            O seu di\u00e1rio local com cobertura de Castilho e Regi\u00e3o (SP). Jornalismo com credibilidade.\n        <\/li>\n<li style=\"margin-bottom:8px;\">\n            <strong><a href=\"https:\/\/casaejardim.net.br\/\" target=\"_blank\" rel=\"noopener\" style=\"text-decoration:none;\">Casa e Jardim<\/a><\/strong> \u2013<br \/>\n            Dicas exclusivas sobre decora\u00e7\u00e3o, jardinagem, arquitetura, DIY, reformas e muito mais. Tend\u00eancias, solu\u00e7\u00f5es pr\u00e1ticas e ideias criativas para todos os estilos e or\u00e7amentos.\n        <\/li>\n<li style=\"margin-bottom:0;\">\n            <strong><a href=\"https:\/\/b10.net.br\/\" target=\"_blank\" rel=\"noopener\" style=\"text-decoration:none;\">B10 Brasil<\/a><\/strong> \u2013<br \/>\n            As principais not\u00edcias, an\u00e1lises e insights sobre neg\u00f3cios, economia e soberania nacional. Conectando o Brasil ao mundo com intelig\u00eancia e estrat\u00e9gia.\n        <\/li>\n<\/ul>\n<\/div>\n<p><!-- \/bloco-portais-jbr --><\/p>\n<\/div>\n","protected":false},"excerpt":{"rendered":"<p>Oportunidade para Contribui\u00e7\u00f5es A Ag\u00eancia Nacional de Prote\u00e7\u00e3o de Dados (ANPD) deu in\u00edcio, no dia 1\u00ba de outubro, a um per\u00edodo de consulta p\u00fablica, permitindo que diversos segmentos da sociedade apresentem sugest\u00f5es para a constru\u00e7\u00e3o da sua agenda regulat\u00f3ria para o bi\u00eanio 2027-2028. Este processo de coleta de propostas vai<span class=\"more-link\"><a href=\"http:\/\/diadianews.com\/index.php\/2026\/09\/01\/anpd-inicia-consulta-publica-para-agenda-regulatoria-2027-2028\/\">Continue Reading<\/a><\/span><\/p>\n","protected":false},"author":1,"featured_media":8200,"comment_status":"closed","ping_status":"closed","sticky":false,"template":"","format":"standard","meta":{"footnotes":""},"categories":[1],"tags":[],"class_list":["entry","author-valdei","post-8199","post","type-post","status-publish","format-standard","has-post-thumbnail","category-news-do-dia"],"_links":{"self":[{"href":"http:\/\/diadianews.com\/index.php\/wp-json\/wp\/v2\/posts\/8199","targetHints":{"allow":["GET"]}}],"collection":[{"href":"http:\/\/diadianews.com\/index.php\/wp-json\/wp\/v2\/posts"}],"about":[{"href":"http:\/\/diadianews.com\/index.php\/wp-json\/wp\/v2\/types\/post"}],"author":[{"embeddable":true,"href":"http:\/\/diadianews.com\/index.php\/wp-json\/wp\/v2\/users\/1"}],"replies":[{"embeddable":true,"href":"http:\/\/diadianews.com\/index.php\/wp-json\/wp\/v2\/comments?post=8199"}],"version-history":[{"count":0,"href":"http:\/\/diadianews.com\/index.php\/wp-json\/wp\/v2\/posts\/8199\/revisions"}],"wp:featuredmedia":[{"embeddable":true,"href":"http:\/\/diadianews.com\/index.php\/wp-json\/wp\/v2\/media\/8200"}],"wp:attachment":[{"href":"http:\/\/diadianews.com\/index.php\/wp-json\/wp\/v2\/media?parent=8199"}],"wp:term":[{"taxonomy":"category","embeddable":true,"href":"http:\/\/diadianews.com\/index.php\/wp-json\/wp\/v2\/categories?post=8199"},{"taxonomy":"post_tag","embeddable":true,"href":"http:\/\/diadianews.com\/index.php\/wp-json\/wp\/v2\/tags?post=8199"}],"curies":[{"name":"wp","href":"https:\/\/api.w.org\/{rel}","templated":true}]}}