{"id":8242,"date":"2026-09-02T10:38:03","date_gmt":"2026-09-02T13:38:03","guid":{"rendered":"https:\/\/diadianews.com\/index.php\/2026\/09\/02\/governo-trump-discute-novas-sancoes-contra-alexandre-de-moraes\/"},"modified":"2026-09-02T10:38:03","modified_gmt":"2026-09-02T13:38:03","slug":"governo-trump-discute-novas-sancoes-contra-alexandre-de-moraes","status":"publish","type":"post","link":"http:\/\/diadianews.com\/index.php\/2026\/09\/02\/governo-trump-discute-novas-sancoes-contra-alexandre-de-moraes\/","title":{"rendered":"Governo Trump discute novas san\u00e7\u00f5es contra Alexandre de Moraes"},"content":{"rendered":"<div>\n<p class=\"wp-block-paragraph\">Informa\u00e7\u00e3o foi revelada pelo jornal brit\u00e2nico Financial Times<\/p>\n<p class=\"wp-block-paragraph\">Ag\u00eancia Estado \u2013 16\/08\/2026 \u2013 21:30 \u2013 Ministro do STF, Alexandre de Moraes. (Carlos Moura, SCO, STF)<\/p>\n<p class=\"wp-block-paragraph\">O governo dos Estados Unidos voltou a discutir a possibilidade de impor san\u00e7\u00f5es ao ministro Alexandre de Moraes, do Supremo Tribunal Federal (STF), em mais um sinal de deteriora\u00e7\u00e3o das rela\u00e7\u00f5es diplom\u00e1ticas entre Washington e <a href=\"https:\/\/midiamax.com.br\/municipios\/brasilia\/\">Bras\u00edlia<\/a>. A informa\u00e7\u00e3o foi publicada neste domingo, 16, pelo\u00a0<em>Financial Times<\/em>, que ouviu pessoas familiarizadas com as discuss\u00f5es no governo do presidente Donald Trump.<\/p>\n<p class=\"wp-block-paragraph\">Segundo o jornal brit\u00e2nico, a administra\u00e7\u00e3o Trump considera voltar a aplicar contra Moraes san\u00e7\u00f5es previstas na Lei Global Magnitsky, mecanismo usado pelos Estados Unidos para punir estrangeiros acusados de corrup\u00e7\u00e3o ou graves viola\u00e7\u00f5es de direitos humanos. Ainda n\u00e3o h\u00e1, por\u00e9m, decis\u00e3o sobre a ado\u00e7\u00e3o da medida nem prazo para que isso ocorra.<\/p>\n<p class=\"wp-block-paragraph\">Moraes j\u00e1 havia sido inclu\u00eddo na lista de sancionados pela Lei Magnitsky em julho de 2025. Na ocasi\u00e3o, o secret\u00e1rio do Tesouro americano, Scott Bessent, acusou o ministro de promover uma campanha de censura, deten\u00e7\u00f5es arbitr\u00e1rias e processos politizados, incluindo a\u00e7\u00f5es contra o ex-presidente Jair Bolsonaro.<\/p>\n<p class=\"wp-block-paragraph\">As san\u00e7\u00f5es foram retiradas em dezembro de 2025, menos de cinco meses depois de terem sido aplicadas. A decis\u00e3o ocorreu durante um per\u00edodo de aproxima\u00e7\u00e3o entre Trump e o presidente Luiz In\u00e1cio Lula da Silva e tamb\u00e9m alcan\u00e7ou a mulher de Moraes e uma empresa ligada \u00e0 fam\u00edlia do ministro.<\/p>\n<p class=\"wp-block-paragraph\">Agora, de acordo com o FT, a aten\u00e7\u00e3o do governo americano sobre Moraes voltou a crescer, em parte, por causa de uma investiga\u00e7\u00e3o que reacendeu o debate sobre liberdade de imprensa no Brasil. O ministro autorizou opera\u00e7\u00f5es policiais contra um jornalista e duas pessoas apontadas como poss\u00edveis fontes de reportagens envolvendo o ministro Fl\u00e1vio Dino e familiares dele.<\/p>\n<p class=\"wp-block-paragraph\">Moraes sustentou que as informa\u00e7\u00f5es teriam sido obtidas e divulgadas ilegalmente e que sua publica\u00e7\u00e3o colocaria em risco a seguran\u00e7a da fam\u00edlia do magistrado. Segundo o\u00a0<em>Financial Times<\/em>, o Departamento de Estado e a Casa Branca n\u00e3o responderam aos pedidos de coment\u00e1rio. O STF tamb\u00e9m n\u00e3o havia se manifestado at\u00e9 a publica\u00e7\u00e3o da reportagem.<\/p>\n<h2 class=\"wp-block-heading\"><img decoding=\"async\" src=\"https:\/\/s.w.org\/images\/core\/emoji\/17.0.2\/72x72\/1f4ac.png\" alt=\"\ud83d\udcac\" class=\"wp-smiley\" style=\"height: 1em; max-height: 1em;\"> Receba not\u00edcias antes de todo mundo<\/h2>\n<p class=\"wp-block-paragraph\"><mark>Seja o<strong>\u00a0primeiro a saber de tudo<\/strong>\u00a0o que acontece<\/mark>\u00a0nas cidades de Mato Grosso do Sul. S\u00e3o\u00a0<a href=\"https:\/\/midiamax.com.br\/tag\/noticias\/\">not\u00edcias<\/a>\u00a0em tempo real com\u00a0<strong>informa\u00e7\u00f5es detalhadas\u00a0<\/strong>dos casos policiais, tempo em MS, tr\u00e2nsito, vagas de\u00a0<a href=\"https:\/\/midiamax.com.br\/tag\/emprego\/\">emprego<\/a>\u00a0e concursos, direitos do consumidor. Al\u00e9m disso, voc\u00ea fica por dentro das \u00faltimas novidades sobre pol\u00edtica, transpar\u00eancia e esc\u00e2ndalos.<br \/><img decoding=\"async\" src=\"https:\/\/s.w.org\/images\/core\/emoji\/17.0.2\/72x72\/1f4e2.png\" alt=\"\ud83d\udce2\" class=\"wp-smiley\" style=\"height: 1em; max-height: 1em;\">\u00a0<a href=\"https:\/\/chat.whatsapp.com\/CDGma4urfU40F8GmHw09A4\" target=\"_blank\" rel=\"noopener\">Participe da nossa comunidade no WhatsApp<\/a>\u00a0e\u00a0<mark>acompanhe a cobertura jornal\u00edstica mais completa e mais r\u00e1pida de Mato Grosso do Sul.<\/mark><\/p>\n<p class=\"wp-block-paragraph\">Midiamax<\/p>\n<p><!-- bloco-portais-jbr --><\/p>\n<div class=\"box-portais-jbr\" style=\"border:1px solid #e0e0e0;padding:16px 18px;margin:24px 0;border-radius:8px;background:#f9f9f9;font-size:0.95rem;\">\n<p style=\"margin:0 0 10px 0;font-weight:600;\">\n        Continue sempre bem informado acessando nossos portais:\n    <\/p>\n<ul style=\"margin:0;padding-left:20px;\">\n<li style=\"margin-bottom:8px;\">\n            <strong><a href=\"https:\/\/jornaldiadia.com.br\/\" target=\"_blank\" rel=\"noopener\" style=\"text-decoration:none;\">Jornal Dia Dia<\/a><\/strong> \u2013<br \/>\n            Sua fonte confi\u00e1vel para as melhores not\u00edcias e artigos \u00fateis. Fique por dentro dos acontecimentos mais importantes, dicas pr\u00e1ticas e conte\u00fados de qualidade.\n        <\/li>\n<li style=\"margin-bottom:8px;\">\n            <strong><a href=\"https:\/\/jbr.jor.br\/\" target=\"_blank\" rel=\"noopener\" style=\"text-decoration:none;\">Jornal Brasil Regional (JBR)<\/a><\/strong> \u2013<br \/>\n            O pulso do pa\u00eds em tempo real. Not\u00edcias nacionais, regionais e internacionais com \u00e9tica e credibilidade.\n        <\/li>\n<li style=\"margin-bottom:8px;\">\n            <strong><a href=\"https:\/\/castilho.jor.br\/\" target=\"_blank\" rel=\"noopener\" style=\"text-decoration:none;\">Castilho Not\u00edcias (News)<\/a><\/strong> \u2013<br \/>\n            O seu di\u00e1rio local com cobertura de Castilho e Regi\u00e3o (SP). Jornalismo com credibilidade.\n        <\/li>\n<li style=\"margin-bottom:8px;\">\n            <strong><a href=\"https:\/\/casaejardim.net.br\/\" target=\"_blank\" rel=\"noopener\" style=\"text-decoration:none;\">Casa e Jardim<\/a><\/strong> \u2013<br \/>\n            Dicas exclusivas sobre decora\u00e7\u00e3o, jardinagem, arquitetura, DIY, reformas e muito mais. Tend\u00eancias, solu\u00e7\u00f5es pr\u00e1ticas e ideias criativas para todos os estilos e or\u00e7amentos.\n        <\/li>\n<li style=\"margin-bottom:0;\">\n            <strong><a href=\"https:\/\/b10.net.br\/\" target=\"_blank\" rel=\"noopener\" style=\"text-decoration:none;\">B10 Brasil<\/a><\/strong> \u2013<br \/>\n            As principais not\u00edcias, an\u00e1lises e insights sobre neg\u00f3cios, economia e soberania nacional. Conectando o Brasil ao mundo com intelig\u00eancia e estrat\u00e9gia.\n        <\/li>\n<\/ul>\n<\/div>\n<p><!-- \/bloco-portais-jbr --><\/div>\n","protected":false},"excerpt":{"rendered":"<p>Informa\u00e7\u00e3o foi revelada pelo jornal brit\u00e2nico Financial Times Ag\u00eancia Estado \u2013 16\/08\/2026 \u2013 21:30 \u2013 Ministro do STF, Alexandre de Moraes. (Carlos Moura, SCO, STF) O governo dos Estados Unidos voltou a discutir a possibilidade de impor san\u00e7\u00f5es ao ministro Alexandre de Moraes, do Supremo Tribunal Federal (STF), em mais<span class=\"more-link\"><a href=\"http:\/\/diadianews.com\/index.php\/2026\/09\/02\/governo-trump-discute-novas-sancoes-contra-alexandre-de-moraes\/\">Continue Reading<\/a><\/span><\/p>\n","protected":false},"author":1,"featured_media":8243,"comment_status":"closed","ping_status":"closed","sticky":false,"template":"","format":"standard","meta":{"footnotes":""},"categories":[1],"tags":[],"class_list":["entry","author-valdei","post-8242","post","type-post","status-publish","format-standard","has-post-thumbnail","category-news-do-dia"],"_links":{"self":[{"href":"http:\/\/diadianews.com\/index.php\/wp-json\/wp\/v2\/posts\/8242","targetHints":{"allow":["GET"]}}],"collection":[{"href":"http:\/\/diadianews.com\/index.php\/wp-json\/wp\/v2\/posts"}],"about":[{"href":"http:\/\/diadianews.com\/index.php\/wp-json\/wp\/v2\/types\/post"}],"author":[{"embeddable":true,"href":"http:\/\/diadianews.com\/index.php\/wp-json\/wp\/v2\/users\/1"}],"replies":[{"embeddable":true,"href":"http:\/\/diadianews.com\/index.php\/wp-json\/wp\/v2\/comments?post=8242"}],"version-history":[{"count":0,"href":"http:\/\/diadianews.com\/index.php\/wp-json\/wp\/v2\/posts\/8242\/revisions"}],"wp:featuredmedia":[{"embeddable":true,"href":"http:\/\/diadianews.com\/index.php\/wp-json\/wp\/v2\/media\/8243"}],"wp:attachment":[{"href":"http:\/\/diadianews.com\/index.php\/wp-json\/wp\/v2\/media?parent=8242"}],"wp:term":[{"taxonomy":"category","embeddable":true,"href":"http:\/\/diadianews.com\/index.php\/wp-json\/wp\/v2\/categories?post=8242"},{"taxonomy":"post_tag","embeddable":true,"href":"http:\/\/diadianews.com\/index.php\/wp-json\/wp\/v2\/tags?post=8242"}],"curies":[{"name":"wp","href":"https:\/\/api.w.org\/{rel}","templated":true}]}}