{"id":8244,"date":"2026-09-02T10:43:17","date_gmt":"2026-09-02T13:43:17","guid":{"rendered":"https:\/\/diadianews.com\/index.php\/2026\/09\/02\/presidente-do-stf-fachin-diz-que-ministros-precisam-ter-limites-e-que-tomara-medidas-cabiveis\/"},"modified":"2026-09-02T10:43:17","modified_gmt":"2026-09-02T13:43:17","slug":"presidente-do-stf-fachin-diz-que-ministros-precisam-ter-limites-e-que-tomara-medidas-cabiveis","status":"publish","type":"post","link":"http:\/\/diadianews.com\/index.php\/2026\/09\/02\/presidente-do-stf-fachin-diz-que-ministros-precisam-ter-limites-e-que-tomara-medidas-cabiveis\/","title":{"rendered":"Presidente do STF, Fachin diz que ministros precisam \u2018ter limites\u2019 e que tomar\u00e1 \u2018medidas cab\u00edveis\u2019"},"content":{"rendered":"<div>\n<p class=\"wp-block-paragraph\">Ministro se pronunciou ap\u00f3s a divulga\u00e7\u00e3o da troca de mensagens entre Alexandre de Moraes e o banqueiro Daniel Vorcaro<\/p>\n<p class=\"wp-block-paragraph\">Gabriel Maymone \u2013 02\/09\/2026 \u2013 09:11 \u2013 O presidente do STF (Supremo Tribunal Federal), ministro Edson Fachin. (Foto: Rosinei Coutinho\/STF)<\/p>\n<p class=\"wp-block-paragraph\">O presidente do STF, ministro Edson Fachin, divulgou nota a respeito das novas divulga\u00e7\u00f5es sobre troca de mensagens entre o ministro Alexandre de Moraes e o banqueiro preso por fraude, Daniel Vorcaro, do Banco Master.<\/p>\n<p class=\"wp-block-paragraph\">Conforme a nota publicada no site do Supremo, Fachin diz que o momento \u00e9 de \u2018especial gravidade\u2019, refor\u00e7ando que a \u201celevada autoridade do cargo n\u00e3o confere privil\u00e9gios, mas imp\u00f5e deveres, limites e responsabilidades, que devem ser observados com absoluto respeito \u00e0 Constitui\u00e7\u00e3o, \u00e0s leis e ao Supremo Tribunal Federal\u201d.<\/p>\n<p class=\"wp-block-paragraph\">Ent\u00e3o, diz que dever\u00e1 concluir a an\u00e1lise do caso nos pr\u00f3ximos dias para anunciar as medidas cab\u00edveis e necess\u00e1rias. <a href=\"https:\/\/noticias.stf.jus.br\/postsnoticias\/manifestacao-do-presidente-do-stf-ministro-edson-fachin\/\" target=\"_blank\" rel=\"noopener\">Confira a nota na \u00edntegra<\/a>:<\/p>\n<p class=\"wp-block-paragraph\"><em>\u201cEm momentos de especial gravidade, \u00e9 dever de todos preservar a integridade do Supremo Tribunal Federal, a autoridade de suas decis\u00f5es, o respeito \u00e0s suas normas e, acima de tudo, a confian\u00e7a da sociedade na institui\u00e7\u00e3o.<\/em><\/p>\n<p class=\"wp-block-paragraph\"><em>Os ind\u00edcios reclamam o devido encaminhamento institucional. Circunst\u00e2ncias relacionadas, de um lado, \u00e0 atua\u00e7\u00e3o processual e, de outro, a s\u00e9rios elementos de fatos que exigem desta Presid\u00eancia serenidade, responsabilidade e firmeza.<\/em><\/p>\n<p class=\"wp-block-paragraph\"><em>A elevada autoridade do cargo n\u00e3o confere privil\u00e9gios, mas imp\u00f5e deveres, limites e responsabilidades, que devem ser observados com absoluto respeito \u00e0 Constitui\u00e7\u00e3o, \u00e0s leis e ao Supremo Tribunal Federal.<\/em><\/p>\n<p class=\"wp-block-paragraph\"><em>Nos pr\u00f3ximos dias, conclu\u00edda a an\u00e1lise necess\u00e1ria dos fatos e observados os procedimentos institucionais pertinentes, esta Presid\u00eancia anunciar\u00e1, no tempo devido e sem precipita\u00e7\u00e3o, as medidas que cab\u00edveis e necess\u00e1rias.<\/em><\/p>\n<p class=\"wp-block-paragraph\"><em><a href=\"https:\/\/midiamax.com.br\/municipios\/brasilia\/\">Bras\u00edlia<\/a>, 2 de setembro de 2026.<\/em><\/p>\n<p class=\"wp-block-paragraph\"><em>Ministro Luiz Edson Fachin<\/em><br \/><em>Presidente do Supremo Tribunal Federal\u201d<\/em><\/p>\n<h2 class=\"wp-block-heading\">Fachin vai decidir sobre levar caso de Moraes ao plen\u00e1rio<\/h2>\n<figure class=\"wp-block-image is-resized\"><img decoding=\"async\" src=\"https:\/\/cdn.midiamax.com.br\/wp-content\/uploads\/2026\/09\/vorcaro-moraes.jpg\" alt=\"\" class=\"wp-image-3403647\" style=\"aspect-ratio:1.7777777777777777;width:1920px;height:auto\"><figcaption class=\"wp-element-caption\">Relat\u00f3rio exp\u00f4s troca de mensagens entre Vorcaro e Moraes antes da pris\u00e3o do banqueiro (Montagem: Divulga\u00e7\u00e3o\/Master, STF)<\/figcaption><\/figure>\n<p class=\"wp-block-paragraph\">Ap\u00f3s o relator do caso, ministro Andr\u00e9 Mendon\u00e7a determinar o levantamento do sigilo dos autos e liberar o conte\u00fado do relat\u00f3rio da PF expondo trocas de mensagens entre Moraes e Vorcaro, cabe ao presidente Fachin decidir de levar\u00e1 o caso ao Plen\u00e1rio da Corte.<\/p>\n<p class=\"wp-block-paragraph\">Segundo o Regimento Interno do Supremo, o plen\u00e1rio tamb\u00e9m tem como compet\u00eancia exclusiva processar e julgar seus magistrados. Mas, para que isso ocorra, o presidente da Corte ou a PGR (Procuradoria-Geral da Rep\u00fablica) deve provocar a abertura de um inqu\u00e9rito.<\/p>\n<p class=\"wp-block-paragraph\">O procurador-geral da Rep\u00fablica, <a href=\"https:\/\/midiamax.com.br\/brasil\/2026\/pgr-pede-anulacao-investigacao-relacao-alexandre-moraes-vorcaro\/\"><strong>Paulo Gonet, afirmou que o documento \u00e9 nulo<\/strong><\/a> e Mendon\u00e7a n\u00e3o deveria ter solicitado o relat\u00f3rio \u00e0 PF. Em vez disso, o ministro deveria ter levado o caso ao plen\u00e1rio do STF.<\/p>\n<h2 class=\"wp-block-heading\">Moraes enviou mensagens a Vorcaro antes da pris\u00e3o<\/h2>\n<p class=\"wp-block-paragraph\">O ministro Alexandre de Moraes enviou quatro mensagens de visualiza\u00e7\u00e3o \u00fanica para Daniel Vorcaro no dia em que o ex-banqueiro foi preso, conforme o relat\u00f3rio p\u00fablico.<\/p>\n<p class=\"wp-block-paragraph\">Vorcaro \u00e9 investigado pela Opera\u00e7\u00e3o Compliance Zero e foi preso no dia 17 de novembro de 2025, quando embarcava em jato particular com destino a Malta. Moraes enviou as mensagens \u00e0s 8h16, 17h31, 20h21 e 20h23. Segundo a PF, eles trocavam mensagens de visualiza\u00e7\u00e3o \u00fanica com prints de escritos nas notas do celular.<\/p>\n<p class=\"wp-block-paragraph\">A PF identificou parcialmente o conte\u00fado das mensagens. No envio das 7h19, Vorcaro afirma que tentava antecipar os seus planos para salvar o Banco Master e vend\u00ea-lo aos investidores. \u00c0s 17h22, o banqueiro diz: \u201cFiz uma correria aqui para tentar salvar. Fiz o que deu, vou anunciar parte da transa\u00e7\u00e3o\u201d.<\/p>\n<p class=\"wp-block-paragraph\">O investigado envia mais uma mensagem a Moraes, perguntando sobre atualiza\u00e7\u00f5es: \u201cAlguma novidade? Conseguiu ter not\u00edcia ou bloquear?\u201d.<\/p>\n<p class=\"wp-block-paragraph\">A \u00faltima mensagem recuperada pela pol\u00edcia foi \u00e0s 20h48, na qual Vorcaro avisa que vai para Malta, momentos antes da pris\u00e3o: \u201cT\u00f4 indo assinar com os investidores de fora e estou online\u201d.<\/p>\n<h2 class=\"wp-block-heading\"><img decoding=\"async\" src=\"https:\/\/s.w.org\/images\/core\/emoji\/17.0.2\/72x72\/1f535.png\" alt=\"\ud83d\udd35\" class=\"wp-smiley\" style=\"height: 1em; max-height: 1em;\"> Receba not\u00edcias de Pol\u00edtica no seu WhatsApp<\/h2>\n<p class=\"wp-block-paragraph\">Participe do <strong>grupo de Pol\u00edtica<\/strong> do <strong>Jornal Midiamax<\/strong> no <strong>WhatsApp<\/strong> e receba informa\u00e7\u00f5es di\u00e1rias de tudo o que acontece na pol\u00edtica de Mato Grosso do Sul.<\/p>\n<p><img decoding=\"async\" src=\"https:\/\/s.w.org\/images\/core\/emoji\/17.0.2\/72x72\/2705.png\" alt=\"\u2705\" class=\"wp-smiley\" style=\"height: 1em; max-height: 1em;\"> <a href=\"https:\/\/whatsapp.com\/channel\/0029Va5AFylHVvTaxQMjBE1O\">Clique aqui para participar<\/a><\/p>\n<p class=\"wp-block-paragraph\">Midiamax<\/p>\n<p><!-- bloco-portais-jbr --><\/p>\n<div class=\"box-portais-jbr\" style=\"border:1px solid #e0e0e0;padding:16px 18px;margin:24px 0;border-radius:8px;background:#f9f9f9;font-size:0.95rem;\">\n<p style=\"margin:0 0 10px 0;font-weight:600;\">\n        Continue sempre bem informado acessando nossos portais:\n    <\/p>\n<ul style=\"margin:0;padding-left:20px;\">\n<li style=\"margin-bottom:8px;\">\n            <strong><a href=\"https:\/\/jornaldiadia.com.br\/\" target=\"_blank\" rel=\"noopener\" style=\"text-decoration:none;\">Jornal Dia Dia<\/a><\/strong> \u2013<br \/>\n            Sua fonte confi\u00e1vel para as melhores not\u00edcias e artigos \u00fateis. Fique por dentro dos acontecimentos mais importantes, dicas pr\u00e1ticas e conte\u00fados de qualidade.\n        <\/li>\n<li style=\"margin-bottom:8px;\">\n            <strong><a href=\"https:\/\/jbr.jor.br\/\" target=\"_blank\" rel=\"noopener\" style=\"text-decoration:none;\">Jornal Brasil Regional (JBR)<\/a><\/strong> \u2013<br \/>\n            O pulso do pa\u00eds em tempo real. Not\u00edcias nacionais, regionais e internacionais com \u00e9tica e credibilidade.\n        <\/li>\n<li style=\"margin-bottom:8px;\">\n            <strong><a href=\"https:\/\/castilho.jor.br\/\" target=\"_blank\" rel=\"noopener\" style=\"text-decoration:none;\">Castilho Not\u00edcias (News)<\/a><\/strong> \u2013<br \/>\n            O seu di\u00e1rio local com cobertura de Castilho e Regi\u00e3o (SP). Jornalismo com credibilidade.\n        <\/li>\n<li style=\"margin-bottom:8px;\">\n            <strong><a href=\"https:\/\/casaejardim.net.br\/\" target=\"_blank\" rel=\"noopener\" style=\"text-decoration:none;\">Casa e Jardim<\/a><\/strong> \u2013<br \/>\n            Dicas exclusivas sobre decora\u00e7\u00e3o, jardinagem, arquitetura, DIY, reformas e muito mais. Tend\u00eancias, solu\u00e7\u00f5es pr\u00e1ticas e ideias criativas para todos os estilos e or\u00e7amentos.\n        <\/li>\n<li style=\"margin-bottom:0;\">\n            <strong><a href=\"https:\/\/b10.net.br\/\" target=\"_blank\" rel=\"noopener\" style=\"text-decoration:none;\">B10 Brasil<\/a><\/strong> \u2013<br \/>\n            As principais not\u00edcias, an\u00e1lises e insights sobre neg\u00f3cios, economia e soberania nacional. Conectando o Brasil ao mundo com intelig\u00eancia e estrat\u00e9gia.\n        <\/li>\n<\/ul>\n<\/div>\n<p><!-- \/bloco-portais-jbr --><\/div>\n","protected":false},"excerpt":{"rendered":"<p>Ministro se pronunciou ap\u00f3s a divulga\u00e7\u00e3o da troca de mensagens entre Alexandre de Moraes e o banqueiro Daniel Vorcaro Gabriel Maymone \u2013 02\/09\/2026 \u2013 09:11 \u2013 O presidente do STF (Supremo Tribunal Federal), ministro Edson Fachin. (Foto: Rosinei Coutinho\/STF) O presidente do STF, ministro Edson Fachin, divulgou nota a respeito<span class=\"more-link\"><a href=\"http:\/\/diadianews.com\/index.php\/2026\/09\/02\/presidente-do-stf-fachin-diz-que-ministros-precisam-ter-limites-e-que-tomara-medidas-cabiveis\/\">Continue Reading<\/a><\/span><\/p>\n","protected":false},"author":1,"featured_media":8245,"comment_status":"closed","ping_status":"closed","sticky":false,"template":"","format":"standard","meta":{"footnotes":""},"categories":[1],"tags":[],"class_list":["entry","author-valdei","post-8244","post","type-post","status-publish","format-standard","has-post-thumbnail","category-news-do-dia"],"_links":{"self":[{"href":"http:\/\/diadianews.com\/index.php\/wp-json\/wp\/v2\/posts\/8244","targetHints":{"allow":["GET"]}}],"collection":[{"href":"http:\/\/diadianews.com\/index.php\/wp-json\/wp\/v2\/posts"}],"about":[{"href":"http:\/\/diadianews.com\/index.php\/wp-json\/wp\/v2\/types\/post"}],"author":[{"embeddable":true,"href":"http:\/\/diadianews.com\/index.php\/wp-json\/wp\/v2\/users\/1"}],"replies":[{"embeddable":true,"href":"http:\/\/diadianews.com\/index.php\/wp-json\/wp\/v2\/comments?post=8244"}],"version-history":[{"count":0,"href":"http:\/\/diadianews.com\/index.php\/wp-json\/wp\/v2\/posts\/8244\/revisions"}],"wp:featuredmedia":[{"embeddable":true,"href":"http:\/\/diadianews.com\/index.php\/wp-json\/wp\/v2\/media\/8245"}],"wp:attachment":[{"href":"http:\/\/diadianews.com\/index.php\/wp-json\/wp\/v2\/media?parent=8244"}],"wp:term":[{"taxonomy":"category","embeddable":true,"href":"http:\/\/diadianews.com\/index.php\/wp-json\/wp\/v2\/categories?post=8244"},{"taxonomy":"post_tag","embeddable":true,"href":"http:\/\/diadianews.com\/index.php\/wp-json\/wp\/v2\/tags?post=8244"}],"curies":[{"name":"wp","href":"https:\/\/api.w.org\/{rel}","templated":true}]}}