{"id":8256,"date":"2026-09-02T11:48:15","date_gmt":"2026-09-02T14:48:15","guid":{"rendered":"https:\/\/diadianews.com\/index.php\/2026\/09\/02\/familias-do-centro-de-tres-lagoas-movimentam-r-1638-mil-com-producao-de-hortalicas-apoiada-pela-suzano\/"},"modified":"2026-09-02T11:48:15","modified_gmt":"2026-09-02T14:48:15","slug":"familias-do-centro-de-tres-lagoas-movimentam-r-1638-mil-com-producao-de-hortalicas-apoiada-pela-suzano","status":"publish","type":"post","link":"http:\/\/diadianews.com\/index.php\/2026\/09\/02\/familias-do-centro-de-tres-lagoas-movimentam-r-1638-mil-com-producao-de-hortalicas-apoiada-pela-suzano\/","title":{"rendered":"Fam\u00edlias do Centro de Tr\u00eas Lagoas movimentam R$ 163,8 mil com produ\u00e7\u00e3o de hortali\u00e7as apoiada pela Suzano"},"content":{"rendered":"<div>\n<p class=\"wp-block-paragraph\"><em>Projeto desenvolvido em parceria com a Miss\u00e3o Salesiana promove gera\u00e7\u00e3o de renda e seguran\u00e7a alimentar com a implanta\u00e7\u00e3o e manejo de \u00e1rea aproximada de 5.000 m\u00b2 destinada ao cultivo agroecol\u00f3gico.<\/em><\/p>\n<p class=\"wp-block-paragraph\">As fam\u00edlias participantes do projeto Hortas Urbanas, desenvolvido pela Miss\u00e3o Salesiana com o apoio da Suzano, movimentaram R$ 163,8 mil com a comercializa\u00e7\u00e3o de alimentos agroecol\u00f3gicos produzidos no Centro de Tr\u00eas Lagoas (MS) entre 2025 e o primeiro semestre de 2026. No per\u00edodo, foram vendidos mais de 22,9 mil itens aliment\u00edcios, entre ma\u00e7os de hortali\u00e7as, legumes e temperos artesanais. Desde o in\u00edcio da iniciativa, em 2022, mais de 90 fam\u00edlias j\u00e1 foram atendidas pela iniciativa, com impacto indireto estimado em 495 pessoas.<\/p>\n<p class=\"wp-block-paragraph\">\u201cO projeto Hortas Urbanas demonstra, na pr\u00e1tica, que a uni\u00e3o de esfor\u00e7os e a constru\u00e7\u00e3o de parcerias com institui\u00e7\u00f5es respeitadas, como a Miss\u00e3o Salesiana, podem transformar realidades. Ao promover o acesso a alimentos saud\u00e1veis, fortalecer a seguran\u00e7a alimentar e contribuir para a gera\u00e7\u00e3o de renda, a iniciativa impacta positivamente a vida de dezenas de pessoas. Mais do que produzir e comercializar alimentos, o projeto compartilha conhecimento e incentiva os participantes a aplicar as t\u00e9cnicas de cultivo em suas pr\u00f3prias casas, ampliando sua autonomia e qualidade de vida\u201d, afirma Paulo Guilherme Rocha, coordenador de Sustentabilidade da Suzano em Mato Grosso do Sul.<\/p>\n<p class=\"wp-block-paragraph\">Baseada na agroecologia, o projeto oferece suporte t\u00e9cnico e capacita\u00e7\u00f5es para aprimorar as t\u00e9cnicas de cultivo e manejo sustent\u00e1veis na produ\u00e7\u00e3o de hortali\u00e7as, legumes, temperos artesanais e conservas. <\/p>\n<p class=\"wp-block-paragraph\">A horta fica em uma \u00e1rea cedida pela Miss\u00e3o Salesiana de aproximadamente 5.000 m\u00b2, atr\u00e1s da Igreja Matriz, e o objetivo \u00e9 que parte desses alimentos seja destinada \u00e0 mesa dos participantes e a produ\u00e7\u00e3o sobressalente comercializada.<\/p>\n<p class=\"wp-block-paragraph\">Conforme Sadi Silva, coordenadora do Centro Juvenil Jesus Adolescente da Miss\u00e3o Salesiana, em Tr\u00eas Lagoas, o impacto positivo da iniciativa vai al\u00e9m da gera\u00e7\u00e3o de renda. <\/p>\n<p class=\"wp-block-paragraph\">\u201cA parceria entre a Suzano e a Miss\u00e3o Salesiana tem se destacado como uma importante iniciativa de transforma\u00e7\u00e3o social. O projeto Hortas Urbanas Sustent\u00e1veis promove o acesso a alimentos saud\u00e1veis, incentiva pr\u00e1ticas sustent\u00e1veis e pode gerar renda por meio da comercializa\u00e7\u00e3o dos produtos cultivados. Al\u00e9m de contribuir para a seguran\u00e7a alimentar, a iniciativa fortalece o senso de comunidade e a autonomia dos participantes\u201d.<\/p>\n<p class=\"wp-block-paragraph\"><strong>Empoderamento feminino e equidade de oportunidades<\/strong><\/p>\n<p class=\"wp-block-paragraph\">Outro impacto positivo do projeto \u00e9 a promo\u00e7\u00e3o do empoderamento feminino e da equidade de oportunidades para mulheres. Desde o lan\u00e7amento do projeto, elas s\u00e3o maioria entre os participantes. Atualmente, 20 fam\u00edlias participam do projeto, sendo 16 lideradas por mulheres.<\/p>\n<p class=\"wp-block-paragraph\">Entre elas, est\u00e1 Ana Karen Roman Gil. Aos 37 anos, m\u00e3e de dois filhos, ela conta que a iniciativa trouxe mudan\u00e7as para sua vida pessoal e para a rotina da fam\u00edlia. <\/p>\n<p class=\"wp-block-paragraph\">\u201cDepois que entrei no Hortas Urbanas, minha vida mudou muito, tanto na renda familiar quanto na minha vida pessoal. Antes, eu era mais reservada e tinha a autoestima baixa. Hoje me sinto outra pessoa, mais confiante, feliz e aberta \u00e0 conviv\u00eancia com outras pessoas. A renda do projeto tamb\u00e9m trouxe seguran\u00e7a para a minha fam\u00edlia, porque toda semana recebemos nosso dinheiro e consigo garantir as compras e a comida dos meus filhos. Hoje, estou pagando minha bicicleta el\u00e9trica com essa renda, e essa foi uma grande conquista para mim. Ela \u00e9 muito importante no meu dia a dia, porque uso para ir trabalhar, levar meus filhos \u00e0 escola e ao m\u00e9dico, fazer compras e resolver outras coisas.\u201d<\/p>\n<p class=\"wp-block-paragraph\">Aos 44 anos, Rosimeire Pires da Silva, m\u00e3e de tr\u00eas filhos, tamb\u00e9m relata as transforma\u00e7\u00f5es proporcionadas pela iniciativa. <\/p>\n<p class=\"wp-block-paragraph\">\u201cQuando entrei no projeto, eu n\u00e3o tinha o h\u00e1bito de consumir legumes e verduras. Hoje, al\u00e9m de consumir diariamente, aprendi a plantar e tenho uma horta na minha pr\u00f3pria casa, com alimentos que eu nem imaginava cultivar. O projeto tamb\u00e9m trouxe mudan\u00e7as para a minha autoestima e confian\u00e7a. A renda que consegui com o trabalho me permitiu realizar conquistas importantes, como comprar minha moto e reformar minha casa. Espero que o projeto continue para que eu possa realizar ainda mais sonhos.\u201d<\/p>\n<p class=\"wp-block-paragraph\">Al\u00e9m da gera\u00e7\u00e3o de renda e do incentivo \u00e0 alimenta\u00e7\u00e3o saud\u00e1vel, o projeto tamb\u00e9m vem ampliando sua atua\u00e7\u00e3o em educa\u00e7\u00e3o ambiental. <\/p>\n<p class=\"wp-block-paragraph\">Em 2026, o espa\u00e7o passou a receber visitas de escolas e projetos sociais, fortalecendo seu papel como ambiente de aprendizagem sobre sustentabilidade e seguran\u00e7a alimentar.<\/p>\n<p class=\"wp-block-paragraph\"><strong>Produ\u00e7\u00e3o e educa\u00e7\u00e3o ambiental<\/strong><\/p>\n<p class=\"wp-block-paragraph\">Em 2025, as fam\u00edlias que atuam no projeto contabilizaram 8.744 horas de trabalho, que geraram um faturamento bruto de R$ 108.301,62. Entre os principais produtos vendidos, estiveram: 13.906 ma\u00e7os de hortali\u00e7as folhosas; 1.040 pacotes de ab\u00f3bora caboti\u00e1; 540 potes de temperos artesanais e 120 unidades de tomate-cereja.<\/p>\n<p class=\"wp-block-paragraph\">J\u00e1 no primeiro semestre deste ano, foram registradas 4.164 horas de trabalho e comercializados 7.200 ma\u00e7os de hortali\u00e7as folhosas, 500 pacotes de ab\u00f3bora caboti\u00e1 e 260 potes de temperos artesanais, gerando uma receita bruta de R$ 55.500,00. <\/p>\n<p class=\"wp-block-paragraph\">O resultado se manteve mesmo com a redu\u00e7\u00e3o da produ\u00e7\u00e3o provocada pelo per\u00edodo chuvoso no in\u00edcio do ano, gra\u00e7as \u00e0 diversifica\u00e7\u00e3o dos produtos ofertados.<\/p>\n<p class=\"wp-block-paragraph\">Para os pr\u00f3ximos meses, a previs\u00e3o \u00e9 fortalecer o acompanhamento t\u00e9cnico das fam\u00edlias, ampliar as a\u00e7\u00f5es de educa\u00e7\u00e3o ambiental e consolidar a produ\u00e7\u00e3o de alimentos processados como estrat\u00e9gia de gera\u00e7\u00e3o de renda.<\/p>\n<p class=\"wp-block-paragraph\"><strong>Sobre a Suzano<\/strong><strong><\/strong><\/p>\n<p class=\"wp-block-paragraph\">A Suzano \u00e9 a maior produtora mundial de celulose, uma das maiores fabricantes de pap\u00e9is da Am\u00e9rica Latina e l\u00edder no segmento de papel higi\u00eanico no Brasil. A companhia adota as melhores pr\u00e1ticas de inova\u00e7\u00e3o e sustentabilidade para desenvolver produtos e solu\u00e7\u00f5es a partir de mat\u00e9ria-prima renov\u00e1vel. <\/p>\n<p class=\"wp-block-paragraph\">Os produtos da Suzano est\u00e3o presentes na vida de mais de 2 bilh\u00f5es de pessoas, cerca de 25% da popula\u00e7\u00e3o mundial, e incluem celulose; itens para higiene pessoal como papel higi\u00eanico e guardanapos; pap\u00e9is para embalagens, copos e canudos; pap\u00e9is para imprimir e escrever, entre outros produtos desenvolvidos para atender \u00e0 crescente necessidade do planeta por itens mais sustent\u00e1veis. <\/p>\n<p class=\"wp-block-paragraph\">Entre suas marcas no Brasil est\u00e3o Neve\u00ae, P\u00f3len\u00ae, Suzano Report\u00ae, Mimmo\u00ae, entre outras. <\/p>\n<p class=\"wp-block-paragraph\">Com sede no Brasil e opera\u00e7\u00f5es na Am\u00e9rica Latina, Am\u00e9rica do Norte, Europa e \u00c1sia, a empresa tem mais de 100 anos de hist\u00f3ria e a\u00e7\u00f5es negociadas nas bolsas do Brasil (SUZB3) e dos Estados Unidos (SUZ). <\/p>\n<p class=\"wp-block-paragraph\">Saiba mais em: <a href=\"http:\/\/www.suzano.com.br\/\" target=\"_blank\" rel=\"noopener\"><\/a><a href=\"http:\/\/www.suzano.com.br\/\" target=\"_blank\" rel=\"noopener\">www.suzano.com.br<\/a><\/p>\n<p class=\"wp-block-paragraph\"><strong>Informa\u00e7\u00f5es \u00e0 Imprensa<\/strong><strong><\/strong><\/p>\n<p class=\"wp-block-paragraph\">Infomuts \u2013 Informa\u00e7\u00e3o Inteligente<\/p>\n<p class=\"wp-block-paragraph\">Renata Prandini | <a href=\"mailto:renata@infomuts.com\" target=\"_blank\" rel=\"noopener\">renata@infomuts.com<\/a> | 12 99760-7099<\/p>\n<figure class=\"wp-block-image size-large\"><img loading=\"lazy\" decoding=\"async\" width=\"1024\" height=\"682\" src=\"https:\/\/jornaldiadia.com.br\/wp-content\/uploads\/image-9766-1024x682.webp\" alt=\"\" class=\"wp-image-84102\" srcset=\"https:\/\/jornaldiadia.com.br\/wp-content\/uploads\/image-9766-1024x682.webp 1024w, https:\/\/jornaldiadia.com.br\/wp-content\/uploads\/image-9766-300x200.webp 300w, https:\/\/jornaldiadia.com.br\/wp-content\/uploads\/image-9766-768x512.webp 768w, https:\/\/jornaldiadia.com.br\/wp-content\/uploads\/image-9766-1536x1023.webp 1536w, https:\/\/jornaldiadia.com.br\/wp-content\/uploads\/image-9766-465x310.webp 465w, https:\/\/jornaldiadia.com.br\/wp-content\/uploads\/image-9766-695x463.webp 695w, https:\/\/jornaldiadia.com.br\/wp-content\/uploads\/image-9766.webp 1600w\" sizes=\"auto, (max-width: 1024px) 100vw, 1024px\"><\/figure>\n<figure class=\"wp-block-image size-large\"><img loading=\"lazy\" decoding=\"async\" width=\"1024\" height=\"682\" src=\"https:\/\/jornaldiadia.com.br\/wp-content\/uploads\/image-9767-1024x682.webp\" alt=\"\" class=\"wp-image-84103\" srcset=\"https:\/\/jornaldiadia.com.br\/wp-content\/uploads\/image-9767-1024x682.webp 1024w, https:\/\/jornaldiadia.com.br\/wp-content\/uploads\/image-9767-300x200.webp 300w, https:\/\/jornaldiadia.com.br\/wp-content\/uploads\/image-9767-768x512.webp 768w, https:\/\/jornaldiadia.com.br\/wp-content\/uploads\/image-9767-1536x1023.webp 1536w, https:\/\/jornaldiadia.com.br\/wp-content\/uploads\/image-9767-465x310.webp 465w, https:\/\/jornaldiadia.com.br\/wp-content\/uploads\/image-9767-695x463.webp 695w, https:\/\/jornaldiadia.com.br\/wp-content\/uploads\/image-9767.webp 1600w\" sizes=\"auto, (max-width: 1024px) 100vw, 1024px\"><\/figure>\n<figure class=\"wp-block-image size-large\"><img loading=\"lazy\" decoding=\"async\" width=\"1024\" height=\"682\" src=\"https:\/\/jornaldiadia.com.br\/wp-content\/uploads\/image-9768-1024x682.webp\" alt=\"\" class=\"wp-image-84104\" srcset=\"https:\/\/jornaldiadia.com.br\/wp-content\/uploads\/image-9768-1024x682.webp 1024w, https:\/\/jornaldiadia.com.br\/wp-content\/uploads\/image-9768-300x200.webp 300w, https:\/\/jornaldiadia.com.br\/wp-content\/uploads\/image-9768-768x512.webp 768w, https:\/\/jornaldiadia.com.br\/wp-content\/uploads\/image-9768-1536x1023.webp 1536w, https:\/\/jornaldiadia.com.br\/wp-content\/uploads\/image-9768-465x310.webp 465w, https:\/\/jornaldiadia.com.br\/wp-content\/uploads\/image-9768-695x463.webp 695w, https:\/\/jornaldiadia.com.br\/wp-content\/uploads\/image-9768.webp 1600w\" sizes=\"auto, (max-width: 1024px) 100vw, 1024px\"><\/figure>\n<figure class=\"wp-block-image size-large\"><img loading=\"lazy\" decoding=\"async\" width=\"1024\" height=\"682\" src=\"https:\/\/jornaldiadia.com.br\/wp-content\/uploads\/image-9769-1024x682.webp\" alt=\"\" class=\"wp-image-84105\" srcset=\"https:\/\/jornaldiadia.com.br\/wp-content\/uploads\/image-9769-1024x682.webp 1024w, https:\/\/jornaldiadia.com.br\/wp-content\/uploads\/image-9769-300x200.webp 300w, https:\/\/jornaldiadia.com.br\/wp-content\/uploads\/image-9769-768x512.webp 768w, https:\/\/jornaldiadia.com.br\/wp-content\/uploads\/image-9769-1536x1023.webp 1536w, https:\/\/jornaldiadia.com.br\/wp-content\/uploads\/image-9769-465x310.webp 465w, https:\/\/jornaldiadia.com.br\/wp-content\/uploads\/image-9769-695x463.webp 695w, https:\/\/jornaldiadia.com.br\/wp-content\/uploads\/image-9769.webp 1600w\" sizes=\"auto, (max-width: 1024px) 100vw, 1024px\"><\/figure>\n<figure class=\"wp-block-image size-large\"><img loading=\"lazy\" decoding=\"async\" width=\"1024\" height=\"653\" src=\"https:\/\/jornaldiadia.com.br\/wp-content\/uploads\/image-9770-1024x653.webp\" alt=\"\" class=\"wp-image-84106\" srcset=\"https:\/\/jornaldiadia.com.br\/wp-content\/uploads\/image-9770-1024x653.webp 1024w, https:\/\/jornaldiadia.com.br\/wp-content\/uploads\/image-9770-300x191.webp 300w, https:\/\/jornaldiadia.com.br\/wp-content\/uploads\/image-9770-768x490.webp 768w, https:\/\/jornaldiadia.com.br\/wp-content\/uploads\/image-9770-1536x980.webp 1536w, https:\/\/jornaldiadia.com.br\/wp-content\/uploads\/image-9770-465x297.webp 465w, https:\/\/jornaldiadia.com.br\/wp-content\/uploads\/image-9770-695x443.webp 695w, https:\/\/jornaldiadia.com.br\/wp-content\/uploads\/image-9770.webp 1600w\" sizes=\"auto, (max-width: 1024px) 100vw, 1024px\"><\/figure>\n<figure class=\"wp-block-image size-large\"><img loading=\"lazy\" decoding=\"async\" width=\"1024\" height=\"682\" src=\"https:\/\/jornaldiadia.com.br\/wp-content\/uploads\/image-9771-1024x682.webp\" alt=\"\" class=\"wp-image-84107\" srcset=\"https:\/\/jornaldiadia.com.br\/wp-content\/uploads\/image-9771-1024x682.webp 1024w, https:\/\/jornaldiadia.com.br\/wp-content\/uploads\/image-9771-300x200.webp 300w, https:\/\/jornaldiadia.com.br\/wp-content\/uploads\/image-9771-768x512.webp 768w, https:\/\/jornaldiadia.com.br\/wp-content\/uploads\/image-9771-1536x1023.webp 1536w, https:\/\/jornaldiadia.com.br\/wp-content\/uploads\/image-9771-465x310.webp 465w, https:\/\/jornaldiadia.com.br\/wp-content\/uploads\/image-9771-695x463.webp 695w, https:\/\/jornaldiadia.com.br\/wp-content\/uploads\/image-9771.webp 1600w\" sizes=\"auto, (max-width: 1024px) 100vw, 1024px\"><\/figure>\n<figure class=\"wp-block-image size-large\"><img loading=\"lazy\" decoding=\"async\" width=\"1024\" height=\"748\" src=\"https:\/\/jornaldiadia.com.br\/wp-content\/uploads\/image-9772-1024x748.webp\" alt=\"\" class=\"wp-image-84108\" srcset=\"https:\/\/jornaldiadia.com.br\/wp-content\/uploads\/image-9772-1024x748.webp 1024w, https:\/\/jornaldiadia.com.br\/wp-content\/uploads\/image-9772-300x219.webp 300w, https:\/\/jornaldiadia.com.br\/wp-content\/uploads\/image-9772-768x561.webp 768w, https:\/\/jornaldiadia.com.br\/wp-content\/uploads\/image-9772-465x340.webp 465w, https:\/\/jornaldiadia.com.br\/wp-content\/uploads\/image-9772-685x500.webp 685w, https:\/\/jornaldiadia.com.br\/wp-content\/uploads\/image-9772.webp 1479w\" sizes=\"auto, (max-width: 1024px) 100vw, 1024px\"><\/figure>\n<figure class=\"wp-block-image size-large\"><img loading=\"lazy\" decoding=\"async\" width=\"1024\" height=\"682\" src=\"https:\/\/jornaldiadia.com.br\/wp-content\/uploads\/image-9773-1024x682.webp\" alt=\"\" class=\"wp-image-84109\" srcset=\"https:\/\/jornaldiadia.com.br\/wp-content\/uploads\/image-9773-1024x682.webp 1024w, https:\/\/jornaldiadia.com.br\/wp-content\/uploads\/image-9773-300x200.webp 300w, https:\/\/jornaldiadia.com.br\/wp-content\/uploads\/image-9773-768x512.webp 768w, https:\/\/jornaldiadia.com.br\/wp-content\/uploads\/image-9773-1536x1023.webp 1536w, https:\/\/jornaldiadia.com.br\/wp-content\/uploads\/image-9773-465x310.webp 465w, https:\/\/jornaldiadia.com.br\/wp-content\/uploads\/image-9773-695x463.webp 695w, https:\/\/jornaldiadia.com.br\/wp-content\/uploads\/image-9773.webp 1600w\" sizes=\"auto, (max-width: 1024px) 100vw, 1024px\"><\/figure>\n<p><!-- bloco-portais-jbr --><\/p>\n<div class=\"box-portais-jbr\" style=\"border:1px solid #e0e0e0;padding:16px 18px;margin:24px 0;border-radius:8px;background:#f9f9f9;font-size:0.95rem;\">\n<p style=\"margin:0 0 10px 0;font-weight:600;\">\n        Continue sempre bem informado acessando nossos portais:\n    <\/p>\n<ul style=\"margin:0;padding-left:20px;\">\n<li style=\"margin-bottom:8px;\">\n            <strong><a href=\"https:\/\/jornaldiadia.com.br\/\" target=\"_blank\" rel=\"noopener\" style=\"text-decoration:none;\">Jornal Dia Dia<\/a><\/strong> \u2013<br \/>\n            Sua fonte confi\u00e1vel para as melhores not\u00edcias e artigos \u00fateis. Fique por dentro dos acontecimentos mais importantes, dicas pr\u00e1ticas e conte\u00fados de qualidade.\n        <\/li>\n<li style=\"margin-bottom:8px;\">\n            <strong><a href=\"https:\/\/jbr.jor.br\/\" target=\"_blank\" rel=\"noopener\" style=\"text-decoration:none;\">Jornal Brasil Regional (JBR)<\/a><\/strong> \u2013<br \/>\n            O pulso do pa\u00eds em tempo real. Not\u00edcias nacionais, regionais e internacionais com \u00e9tica e credibilidade.\n        <\/li>\n<li style=\"margin-bottom:8px;\">\n            <strong><a href=\"https:\/\/castilho.jor.br\/\" target=\"_blank\" rel=\"noopener\" style=\"text-decoration:none;\">Castilho Not\u00edcias (News)<\/a><\/strong> \u2013<br \/>\n            O seu di\u00e1rio local com cobertura de Castilho e Regi\u00e3o (SP). Jornalismo com credibilidade.\n        <\/li>\n<li style=\"margin-bottom:8px;\">\n            <strong><a href=\"https:\/\/casaejardim.net.br\/\" target=\"_blank\" rel=\"noopener\" style=\"text-decoration:none;\">Casa e Jardim<\/a><\/strong> \u2013<br \/>\n            Dicas exclusivas sobre decora\u00e7\u00e3o, jardinagem, arquitetura, DIY, reformas e muito mais. Tend\u00eancias, solu\u00e7\u00f5es pr\u00e1ticas e ideias criativas para todos os estilos e or\u00e7amentos.\n        <\/li>\n<li style=\"margin-bottom:0;\">\n            <strong><a href=\"https:\/\/b10.net.br\/\" target=\"_blank\" rel=\"noopener\" style=\"text-decoration:none;\">B10 Brasil<\/a><\/strong> \u2013<br \/>\n            As principais not\u00edcias, an\u00e1lises e insights sobre neg\u00f3cios, economia e soberania nacional. Conectando o Brasil ao mundo com intelig\u00eancia e estrat\u00e9gia.\n        <\/li>\n<\/ul>\n<\/div>\n<p><!-- \/bloco-portais-jbr --><\/div>\n","protected":false},"excerpt":{"rendered":"<p>Projeto desenvolvido em parceria com a Miss\u00e3o Salesiana promove gera\u00e7\u00e3o de renda e seguran\u00e7a alimentar com a implanta\u00e7\u00e3o e manejo de \u00e1rea aproximada de 5.000 m\u00b2 destinada ao cultivo agroecol\u00f3gico. As fam\u00edlias participantes do projeto Hortas Urbanas, desenvolvido pela Miss\u00e3o Salesiana com o apoio da Suzano, movimentaram R$ 163,8 mil<span class=\"more-link\"><a href=\"http:\/\/diadianews.com\/index.php\/2026\/09\/02\/familias-do-centro-de-tres-lagoas-movimentam-r-1638-mil-com-producao-de-hortalicas-apoiada-pela-suzano\/\">Continue Reading<\/a><\/span><\/p>\n","protected":false},"author":1,"featured_media":8257,"comment_status":"closed","ping_status":"closed","sticky":false,"template":"","format":"standard","meta":{"footnotes":""},"categories":[1],"tags":[],"class_list":["entry","author-valdei","post-8256","post","type-post","status-publish","format-standard","has-post-thumbnail","category-news-do-dia"],"_links":{"self":[{"href":"http:\/\/diadianews.com\/index.php\/wp-json\/wp\/v2\/posts\/8256","targetHints":{"allow":["GET"]}}],"collection":[{"href":"http:\/\/diadianews.com\/index.php\/wp-json\/wp\/v2\/posts"}],"about":[{"href":"http:\/\/diadianews.com\/index.php\/wp-json\/wp\/v2\/types\/post"}],"author":[{"embeddable":true,"href":"http:\/\/diadianews.com\/index.php\/wp-json\/wp\/v2\/users\/1"}],"replies":[{"embeddable":true,"href":"http:\/\/diadianews.com\/index.php\/wp-json\/wp\/v2\/comments?post=8256"}],"version-history":[{"count":0,"href":"http:\/\/diadianews.com\/index.php\/wp-json\/wp\/v2\/posts\/8256\/revisions"}],"wp:featuredmedia":[{"embeddable":true,"href":"http:\/\/diadianews.com\/index.php\/wp-json\/wp\/v2\/media\/8257"}],"wp:attachment":[{"href":"http:\/\/diadianews.com\/index.php\/wp-json\/wp\/v2\/media?parent=8256"}],"wp:term":[{"taxonomy":"category","embeddable":true,"href":"http:\/\/diadianews.com\/index.php\/wp-json\/wp\/v2\/categories?post=8256"},{"taxonomy":"post_tag","embeddable":true,"href":"http:\/\/diadianews.com\/index.php\/wp-json\/wp\/v2\/tags?post=8256"}],"curies":[{"name":"wp","href":"https:\/\/api.w.org\/{rel}","templated":true}]}}