{"id":8282,"date":"2026-09-02T15:58:09","date_gmt":"2026-09-02T18:58:09","guid":{"rendered":"https:\/\/diadianews.com\/index.php\/2026\/09\/02\/os-responsaveis-pela-maior-parte-da-economia-das-cidades-querem-sentar-na-mesa-de-decisoes\/"},"modified":"2026-09-02T15:58:09","modified_gmt":"2026-09-02T18:58:09","slug":"os-responsaveis-pela-maior-parte-da-economia-das-cidades-querem-sentar-na-mesa-de-decisoes","status":"publish","type":"post","link":"http:\/\/diadianews.com\/index.php\/2026\/09\/02\/os-responsaveis-pela-maior-parte-da-economia-das-cidades-querem-sentar-na-mesa-de-decisoes\/","title":{"rendered":"Os respons\u00e1veis pela maior parte da economia das cidades querem sentar na mesa de decis\u00f5es"},"content":{"rendered":"<div>\n<p class=\"wp-block-paragraph\"><strong><br \/><em>FCDL-MS e entidades do varejo finalizam Manifesto e aguardam agenda com candidatos ao Governo e ao Senado em Mato Grosso do Sul<\/em><\/strong><\/p>\n<p class=\"wp-block-paragraph\">Setor-produtivo-se-une-e-prepara-documento-para-pautar-os-futuros-governantes-FCDL-MS<\/p>\n<p class=\"wp-block-paragraph\">A Federa\u00e7\u00e3o das C\u00e2maras de Dirigentes Lojistas de Mato Grosso do Sul (FCDL-MS) juntamente com as demais Entidades do setor produtivo finalizaram o Manifesto do Varejo de Com\u00e9rcio e Servi\u00e7os. <\/p>\n<p class=\"wp-block-paragraph\">As Entidades agora aguardam uma agenda para que o documento seja entregue aos candidatos ao governo do Estado e ao Senado Federal. O manifesto re\u00fane as principais demandas do setor para a gest\u00e3o 2027-2030 e nasce de um processo coletivo, constru\u00eddo com a participa\u00e7\u00e3o de in\u00fameras entidades empresariais de Mato Grosso do Sul.<\/p>\n<p class=\"wp-block-paragraph\">O manifesto parte de um diagn\u00f3stico: Mato Grosso do Sul avan\u00e7ou na agropecu\u00e1ria e na ind\u00fastria, mas \u00e9 no com\u00e9rcio e na presta\u00e7\u00e3o de servi\u00e7os que a riqueza gerada nos campos e nos distritos industriais se transforma em emprego, renda e qualidade de vida nas cidades. <\/p>\n<p class=\"wp-block-paragraph\">Os n\u00fameros da Junta Comercial de Mato Grosso do Sul (Jucems) sustentam esse argumento. O estado tem 442.017 empresas ativas, das quais mais de 71% pertencem a empres\u00e1rios individuais. O setor de servi\u00e7os responde por 54,8% da atividade produtiva registrada e o com\u00e9rcio por 32,5%. Juntos, os dois segmentos somam mais de 87% de toda a economia formal do estado.<\/p>\n<p class=\"wp-block-paragraph\">O documento tamb\u00e9m rebate uma l\u00f3gica antiga na formula\u00e7\u00e3o de pol\u00edticas p\u00fablicas. Durante anos, o com\u00e9rcio e os servi\u00e7os foram tratados como benefici\u00e1rios indiretos do crescimento de outros setores, sob o argumento de que os ganhos da agropecu\u00e1ria e da ind\u00fastria transbordariam naturalmente para o varejo. <\/p>\n<p class=\"wp-block-paragraph\">O manifesto contesta essa premissa e defende que o setor precisa de agenda pr\u00f3pria, com pol\u00edticas diretas de fomento, incentivos ison\u00f4micos, cr\u00e9dito acess\u00edvel, seguran\u00e7a urbana e desburocratiza\u00e7\u00e3o.<\/p>\n<p class=\"wp-block-paragraph\">Entre as propostas apresentadas est\u00e3o a cria\u00e7\u00e3o de um programa estadual de incentivos para o varejo, a implanta\u00e7\u00e3o de uma nova serventia extrajudicial em Campo Grande, a cria\u00e7\u00e3o de uma delegacia especializada em crimes contra o com\u00e9rcio, regras tribut\u00e1rias espec\u00edficas para vendas digitais e o incentivo a uma rota a\u00e9rea direta entre Campo Grande e Assun\u00e7\u00e3o, no Paraguai.<\/p>\n<p class=\"wp-block-paragraph\">A presidente da FCDL-MS, In\u00eas Santiago, afirma que o momento exige presen\u00e7a ativa do setor produtivo na formula\u00e7\u00e3o das pol\u00edticas de estado. <\/p>\n<p class=\"wp-block-paragraph\">\u201cO varejo sustenta a economia de Mato Grosso do Sul todos os dias, no emprego, na arrecada\u00e7\u00e3o e na vida das fam\u00edlias. Chegou a hora de deixarmos de ser tratados como consequ\u00eancia do crescimento e passarmos a ser tratados como protagonistas dele. Este manifesto \u00e9 a voz organizada de quem move a economia real das nossas cidades e n\u00e3o vamos abrir m\u00e3o de sentar \u00e0 mesa onde as decis\u00f5es s\u00e3o tomadas\u201d, declara a presidente.<\/p>\n<p class=\"wp-block-paragraph\">O Manifesto do Varejo de Com\u00e9rcio e Servi\u00e7os de Mato Grosso do Sul est\u00e1 dispon\u00edvel na \u00edntegra. Acesse pelo link abaixo:\u00a0<\/p>\n<p class=\"wp-block-paragraph\"><a href=\"https:\/\/fcdlms.com.br\/sem-categoria\/os-responsaveis-pela-maior-parte-da-economia-das-cidades-querem-sentar-na-mesa-de-decisoes\/--\">https:\/\/fcdlms.com.br\/sem-categoria\/os-responsaveis-pela-maior-parte-da-economia-das-cidades-querem-sentar-na-mesa-de-decisoes\/\u2013<\/a><\/p>\n<p class=\"wp-block-paragraph\">Assessoria de Imprensa<br \/>(67) 9 9811-4915<br \/><a href=\"mailto:assessoriadeimprensa@cdlcg.com.br\" target=\"_blank\" rel=\"noopener\">assessoriadeimprensa@cdlcg.com.br<\/a><\/p>\n<p><!-- bloco-portais-jbr --><\/p>\n<div class=\"box-portais-jbr\" style=\"border:1px solid #e0e0e0;padding:16px 18px;margin:24px 0;border-radius:8px;background:#f9f9f9;font-size:0.95rem;\">\n<p style=\"margin:0 0 10px 0;font-weight:600;\">\n        Continue sempre bem informado acessando nossos portais:\n    <\/p>\n<ul style=\"margin:0;padding-left:20px;\">\n<li style=\"margin-bottom:8px;\">\n            <strong><a href=\"https:\/\/jornaldiadia.com.br\/\" target=\"_blank\" rel=\"noopener\" style=\"text-decoration:none;\">Jornal Dia Dia<\/a><\/strong> \u2013<br \/>\n            Sua fonte confi\u00e1vel para as melhores not\u00edcias e artigos \u00fateis. Fique por dentro dos acontecimentos mais importantes, dicas pr\u00e1ticas e conte\u00fados de qualidade.\n        <\/li>\n<li style=\"margin-bottom:8px;\">\n            <strong><a href=\"https:\/\/jbr.jor.br\/\" target=\"_blank\" rel=\"noopener\" style=\"text-decoration:none;\">Jornal Brasil Regional (JBR)<\/a><\/strong> \u2013<br \/>\n            O pulso do pa\u00eds em tempo real. Not\u00edcias nacionais, regionais e internacionais com \u00e9tica e credibilidade.\n        <\/li>\n<li style=\"margin-bottom:8px;\">\n            <strong><a href=\"https:\/\/castilho.jor.br\/\" target=\"_blank\" rel=\"noopener\" style=\"text-decoration:none;\">Castilho Not\u00edcias (News)<\/a><\/strong> \u2013<br \/>\n            O seu di\u00e1rio local com cobertura de Castilho e Regi\u00e3o (SP). Jornalismo com credibilidade.\n        <\/li>\n<li style=\"margin-bottom:8px;\">\n            <strong><a href=\"https:\/\/casaejardim.net.br\/\" target=\"_blank\" rel=\"noopener\" style=\"text-decoration:none;\">Casa e Jardim<\/a><\/strong> \u2013<br \/>\n            Dicas exclusivas sobre decora\u00e7\u00e3o, jardinagem, arquitetura, DIY, reformas e muito mais. Tend\u00eancias, solu\u00e7\u00f5es pr\u00e1ticas e ideias criativas para todos os estilos e or\u00e7amentos.\n        <\/li>\n<li style=\"margin-bottom:0;\">\n            <strong><a href=\"https:\/\/b10.net.br\/\" target=\"_blank\" rel=\"noopener\" style=\"text-decoration:none;\">B10 Brasil<\/a><\/strong> \u2013<br \/>\n            As principais not\u00edcias, an\u00e1lises e insights sobre neg\u00f3cios, economia e soberania nacional. Conectando o Brasil ao mundo com intelig\u00eancia e estrat\u00e9gia.\n        <\/li>\n<\/ul>\n<\/div>\n<p><!-- \/bloco-portais-jbr --><\/div>\n","protected":false},"excerpt":{"rendered":"<p>FCDL-MS e entidades do varejo finalizam Manifesto e aguardam agenda com candidatos ao Governo e ao Senado em Mato Grosso do Sul Setor-produtivo-se-une-e-prepara-documento-para-pautar-os-futuros-governantes-FCDL-MS A Federa\u00e7\u00e3o das C\u00e2maras de Dirigentes Lojistas de Mato Grosso do Sul (FCDL-MS) juntamente com as demais Entidades do setor produtivo finalizaram o Manifesto do Varejo de<span class=\"more-link\"><a href=\"http:\/\/diadianews.com\/index.php\/2026\/09\/02\/os-responsaveis-pela-maior-parte-da-economia-das-cidades-querem-sentar-na-mesa-de-decisoes\/\">Continue Reading<\/a><\/span><\/p>\n","protected":false},"author":1,"featured_media":8283,"comment_status":"closed","ping_status":"closed","sticky":false,"template":"","format":"standard","meta":{"footnotes":""},"categories":[1],"tags":[],"class_list":["entry","author-valdei","post-8282","post","type-post","status-publish","format-standard","has-post-thumbnail","category-news-do-dia"],"_links":{"self":[{"href":"http:\/\/diadianews.com\/index.php\/wp-json\/wp\/v2\/posts\/8282","targetHints":{"allow":["GET"]}}],"collection":[{"href":"http:\/\/diadianews.com\/index.php\/wp-json\/wp\/v2\/posts"}],"about":[{"href":"http:\/\/diadianews.com\/index.php\/wp-json\/wp\/v2\/types\/post"}],"author":[{"embeddable":true,"href":"http:\/\/diadianews.com\/index.php\/wp-json\/wp\/v2\/users\/1"}],"replies":[{"embeddable":true,"href":"http:\/\/diadianews.com\/index.php\/wp-json\/wp\/v2\/comments?post=8282"}],"version-history":[{"count":0,"href":"http:\/\/diadianews.com\/index.php\/wp-json\/wp\/v2\/posts\/8282\/revisions"}],"wp:featuredmedia":[{"embeddable":true,"href":"http:\/\/diadianews.com\/index.php\/wp-json\/wp\/v2\/media\/8283"}],"wp:attachment":[{"href":"http:\/\/diadianews.com\/index.php\/wp-json\/wp\/v2\/media?parent=8282"}],"wp:term":[{"taxonomy":"category","embeddable":true,"href":"http:\/\/diadianews.com\/index.php\/wp-json\/wp\/v2\/categories?post=8282"},{"taxonomy":"post_tag","embeddable":true,"href":"http:\/\/diadianews.com\/index.php\/wp-json\/wp\/v2\/tags?post=8282"}],"curies":[{"name":"wp","href":"https:\/\/api.w.org\/{rel}","templated":true}]}}