{"id":8294,"date":"2026-09-02T16:18:51","date_gmt":"2026-09-02T19:18:51","guid":{"rendered":"https:\/\/diadianews.com\/index.php\/2026\/09\/02\/candidatura-de-augusto-cury-o-que-dizem-os-eleitores-independentes\/"},"modified":"2026-09-02T16:18:51","modified_gmt":"2026-09-02T19:18:51","slug":"candidatura-de-augusto-cury-o-que-dizem-os-eleitores-independentes","status":"publish","type":"post","link":"http:\/\/diadianews.com\/index.php\/2026\/09\/02\/candidatura-de-augusto-cury-o-que-dizem-os-eleitores-independentes\/","title":{"rendered":"Candidatura de Augusto Cury: O Que Dizem os Eleitores Independentes?"},"content":{"rendered":"<div>\n<h2>Candidatura de Augusto Cury e o Cen\u00e1rio Pol\u00edtico Atual<\/h2>\n<p>A corrida eleitoral est\u00e1 em pleno andamento e, entre os candidatos, Augusto Cury, do Avante, se destaca como uma figura intrigante. Recentemente, uma pesquisa da Quaest revelou que Cury lidera as inten\u00e7\u00f5es de voto entre os eleitores independentes, com 24%. Este dado levanta quest\u00f5es sobre o apelo do candidato e o perfil desse eleitorado.<\/p>\n<h3>Quem S\u00e3o os Eleitores Independentes?<\/h3>\n<p>Os eleitores independentes, muitas vezes considerados um term\u00f4metro para as elei\u00e7\u00f5es, podem ser uma for\u00e7a decisiva. Segundo a pesquisa, 65% desse grupo ainda n\u00e3o conhece Cury. Isso indica que, embora ele esteja \u00e0 frente em termos de inten\u00e7\u00f5es de voto, h\u00e1 uma grande parcela do p\u00fablico que ainda n\u00e3o formou uma opini\u00e3o clara sobre sua candidatura.<\/p>\n<h3>Compara\u00e7\u00e3o com Outros Candidatos<\/h3>\n<p>Na mesma pesquisa, Cury supera Lula, que possui 21% das inten\u00e7\u00f5es de voto entre os independentes, e Fl\u00e1vio Bolsonaro, que aparece com 9%. Esta situa\u00e7\u00e3o sugere que Cury pode estar capturando uma fatia do eleitorado que busca alternativas fora do tradicional cen\u00e1rio pol\u00edtico brasileiro.<\/p>\n<h3>O Que os Eleitores Sabem Sobre Cury?<\/h3>\n<p>Entre os que conhecem o candidato, 18% afirmaram que poderiam votar nele, enquanto 17% disseram que n\u00e3o. Esses n\u00fameros indicam que Cury ainda tem espa\u00e7o para crescer, especialmente se conseguir aumentar sua visibilidade e engajamento com o p\u00fablico. Para mais detalhes sobre a pesquisa, voc\u00ea pode consultar <a href=\"https:\/\/msinteiro.jor.br\/cury-lidera-intencoes-de-voto-entre-independentes-com-24-diz-pesquisa-quaest\/\" target=\"_blank\">informa\u00e7\u00f5es publicadas pelo MS Inteiro<\/a>.<\/p>\n<h3>Prefer\u00eancias e Mudan\u00e7as de Opini\u00e3o<\/h3>\n<p>Outra parte interessante da pesquisa \u00e9 a disposi\u00e7\u00e3o dos eleitores em mudar de ideia. Entre aqueles que pretendem votar em Cury, 48% indicam que podem reavaliar sua escolha, enquanto 52% consideram seu voto definitivo. Isso revela uma certa instabilidade entre os eleitores, que pode ser explorada pelos candidatos ao longo da campanha.<\/p>\n<h3>A Influ\u00eancia da Direita e da Esquerda<\/h3>\n<p>A pesquisa tamb\u00e9m mostra um cen\u00e1rio polarizado. Entre os eleitores da direita n\u00e3o bolsonarista, Cury tem apenas 6% de prefer\u00eancia, enquanto Fl\u00e1vio Bolsonaro domina com 72%. Por outro lado, entre os lulistas, 93% das inten\u00e7\u00f5es de voto v\u00e3o para Lula, deixando Cury com apenas 1%. Este panorama evidencia a dificuldade de Cury em atrair eleitores de diferentes espectros pol\u00edticos, o que pode ser um desafio para sua campanha.<\/p>\n<h3>O Que Esperar de Cury?<\/h3>\n<p>A lideran\u00e7a de Cury entre os independentes \u00e9 um sinal de que ele pode estar atingindo um eleitorado insatisfeito com as op\u00e7\u00f5es tradicionais. Contudo, seu desafio ser\u00e1 transformar essa lideran\u00e7a em um apoio mais s\u00f3lido \u00e0 medida que a campanha avan\u00e7a. Com a elei\u00e7\u00e3o se aproximando, ser\u00e1 fundamental observar como ele pretende se apresentar e conquistar os eleitores que ainda est\u00e3o hesitantes.<\/p>\n<p><!-- bloco-portais-jbr --><\/p>\n<div class=\"box-portais-jbr\" style=\"border:1px solid #e0e0e0;padding:16px 18px;margin:24px 0;border-radius:8px;background:#f9f9f9;font-size:0.95rem;\">\n<p style=\"margin:0 0 10px 0;font-weight:600;\">\n        Continue sempre bem informado acessando nossos portais:\n    <\/p>\n<ul style=\"margin:0;padding-left:20px;\">\n<li style=\"margin-bottom:8px;\">\n            <strong><a href=\"https:\/\/jornaldiadia.com.br\/\" target=\"_blank\" rel=\"noopener\" style=\"text-decoration:none;\">Jornal Dia Dia<\/a><\/strong> \u2013<br \/>\n            Sua fonte confi\u00e1vel para as melhores not\u00edcias e artigos \u00fateis. Fique por dentro dos acontecimentos mais importantes, dicas pr\u00e1ticas e conte\u00fados de qualidade.\n<\/li>\n<li style=\"margin-bottom:8px;\">\n            <strong><a href=\"https:\/\/jbr.jor.br\/\" target=\"_blank\" rel=\"noopener\" style=\"text-decoration:none;\">Jornal Brasil Regional (JBR)<\/a><\/strong> \u2013<br \/>\n            O pulso do pa\u00eds em tempo real. Not\u00edcias nacionais, regionais e internacionais com \u00e9tica e credibilidade.\n        <\/li>\n<li style=\"margin-bottom:8px;\">\n            <strong><a href=\"https:\/\/castilho.jor.br\/\" target=\"_blank\" rel=\"noopener\" style=\"text-decoration:none;\">Castilho Not\u00edcias (News)<\/a><\/strong> \u2013<br \/>\n            O seu di\u00e1rio local com cobertura de Castilho e Regi\u00e3o (SP). Jornalismo com credibilidade.\n        <\/li>\n<li style=\"margin-bottom:8px;\">\n            <strong><a href=\"https:\/\/casaejardim.net.br\/\" target=\"_blank\" rel=\"noopener\" style=\"text-decoration:none;\">Casa e Jardim<\/a><\/strong> \u2013<br \/>\n            Dicas exclusivas sobre decora\u00e7\u00e3o, jardinagem, arquitetura, DIY, reformas e muito mais. Tend\u00eancias, solu\u00e7\u00f5es pr\u00e1ticas e ideias criativas para todos os estilos e or\u00e7amentos.\n        <\/li>\n<li style=\"margin-bottom:0;\">\n            <strong><a href=\"https:\/\/b10.net.br\/\" target=\"_blank\" rel=\"noopener\" style=\"text-decoration:none;\">B10 Brasil<\/a><\/strong> \u2013<br \/>\n            As principais not\u00edcias, an\u00e1lises e insights sobre neg\u00f3cios, economia e soberania nacional. Conectando o Brasil ao mundo com intelig\u00eancia e estrat\u00e9gia.\n        <\/li>\n<\/ul>\n<\/div>\n<p><!-- \/bloco-portais-jbr --><\/p>\n<\/div>\n","protected":false},"excerpt":{"rendered":"<p>Candidatura de Augusto Cury e o Cen\u00e1rio Pol\u00edtico Atual A corrida eleitoral est\u00e1 em pleno andamento e, entre os candidatos, Augusto Cury, do Avante, se destaca como uma figura intrigante. Recentemente, uma pesquisa da Quaest revelou que Cury lidera as inten\u00e7\u00f5es de voto entre os eleitores independentes, com 24%. Este<span class=\"more-link\"><a href=\"http:\/\/diadianews.com\/index.php\/2026\/09\/02\/candidatura-de-augusto-cury-o-que-dizem-os-eleitores-independentes\/\">Continue Reading<\/a><\/span><\/p>\n","protected":false},"author":1,"featured_media":8295,"comment_status":"closed","ping_status":"closed","sticky":false,"template":"","format":"standard","meta":{"footnotes":""},"categories":[1],"tags":[],"class_list":["entry","author-valdei","post-8294","post","type-post","status-publish","format-standard","has-post-thumbnail","category-news-do-dia"],"_links":{"self":[{"href":"http:\/\/diadianews.com\/index.php\/wp-json\/wp\/v2\/posts\/8294","targetHints":{"allow":["GET"]}}],"collection":[{"href":"http:\/\/diadianews.com\/index.php\/wp-json\/wp\/v2\/posts"}],"about":[{"href":"http:\/\/diadianews.com\/index.php\/wp-json\/wp\/v2\/types\/post"}],"author":[{"embeddable":true,"href":"http:\/\/diadianews.com\/index.php\/wp-json\/wp\/v2\/users\/1"}],"replies":[{"embeddable":true,"href":"http:\/\/diadianews.com\/index.php\/wp-json\/wp\/v2\/comments?post=8294"}],"version-history":[{"count":0,"href":"http:\/\/diadianews.com\/index.php\/wp-json\/wp\/v2\/posts\/8294\/revisions"}],"wp:featuredmedia":[{"embeddable":true,"href":"http:\/\/diadianews.com\/index.php\/wp-json\/wp\/v2\/media\/8295"}],"wp:attachment":[{"href":"http:\/\/diadianews.com\/index.php\/wp-json\/wp\/v2\/media?parent=8294"}],"wp:term":[{"taxonomy":"category","embeddable":true,"href":"http:\/\/diadianews.com\/index.php\/wp-json\/wp\/v2\/categories?post=8294"},{"taxonomy":"post_tag","embeddable":true,"href":"http:\/\/diadianews.com\/index.php\/wp-json\/wp\/v2\/tags?post=8294"}],"curies":[{"name":"wp","href":"https:\/\/api.w.org\/{rel}","templated":true}]}}