{"id":8302,"date":"2026-09-02T16:22:57","date_gmt":"2026-09-02T19:22:57","guid":{"rendered":"https:\/\/diadianews.com\/index.php\/2026\/09\/02\/tereza-cristina-critica-pressa-para-votar-pec-do-fim-da-escala-6x1-casa-carimbadora\/"},"modified":"2026-09-02T16:22:57","modified_gmt":"2026-09-02T19:22:57","slug":"tereza-cristina-critica-pressa-para-votar-pec-do-fim-da-escala-6x1-casa-carimbadora","status":"publish","type":"post","link":"http:\/\/diadianews.com\/index.php\/2026\/09\/02\/tereza-cristina-critica-pressa-para-votar-pec-do-fim-da-escala-6x1-casa-carimbadora\/","title":{"rendered":"Tereza Cristina critica pressa para votar PEC do fim da escala 6\u00d71: \u2018Casa carimbadora?\u2019"},"content":{"rendered":"<div>\n<p class=\"wp-block-paragraph\">Senadora de MS diz n\u00e3o ser contra reduzir jornada para 40 horas, mas questiona escala fixa<\/p>\n<p class=\"wp-block-paragraph\">Anna Gomes \u2013 02\/09\/2026 \u2013 12:46 \u2013 Senadora Tereza Cristina, do PP-MS. (Waldemir Barreto\/Ag\u00eancia Senado)<\/p>\n<p class=\"wp-block-paragraph\">A suposta pressa para votar a PEC que acaba com a escala 6\u00d71 virou alvo de cr\u00edticas da senadora Tereza Cristina (PP) na CCJ (Comiss\u00e3o de Constitui\u00e7\u00e3o, Justi\u00e7a e Cidadania) do Senado nesta quarta-feira (2). Relatora da reforma agr\u00e1ria e voz da bancada ruralista, ela afirmou que o Senado corre o risco de ser apenas \u201ccarimbador\u201d de uma proposta que mexe com toda a economia do pa\u00eds.<\/p>\n<p class=\"wp-block-paragraph\">\u201cN\u00e3o quero falar das minhas discord\u00e2ncias, mas das preocupa\u00e7\u00f5es. N\u00e3o sou contra os <a href=\"https:\/\/midiamax.com.br\/\" target=\"_blank\" rel=\"noopener\">trabalhadores<\/a>, mesmo porque gosto de trabalhar e sempre trabalhei, desde cedo. Entendo as dores dos mais vulner\u00e1veis. N\u00e3o podemos negar que nesta pauta existe um clamor popular. N\u00e3o tenho imposi\u00e7\u00e3o em diminuir a jornada para 40 horas, mas acho complicada a defini\u00e7\u00e3o no texto constitucional de uma escala fixa\u201d, disse Tereza Cristina durante a an\u00e1lise da PEC nesta manh\u00e3.<\/p>\n<p class=\"wp-block-paragraph\">O principal ponto da cr\u00edtica foi o rito acelerado. \u201cO que me deixa preocupada \u00e9 a pressa na vota\u00e7\u00e3o. Ningu\u00e9m pode fazer uma lei em um pa\u00eds t\u00e3o diverso como o nosso sem uma discuss\u00e3o mais aprofundada. O afobamento me preocupa. Ser\u00e1 que a casa \u00e9 carimbadora? N\u00e3o temos nada para oferecer para melhorar? Poder\u00edamos entregar uma lei muito melhor e duradoura\u201d, ressaltou.<\/p>\n<p class=\"wp-block-paragraph\">A fala ocorre no dia em que a CCJ (Comiss\u00e3o de Constitui\u00e7\u00e3o e Justi\u00e7a) prev\u00ea votar a PEC 221\/2019, que tem sido chamada de PEC do fim da escala 6\u00d71. O relator, senador Omar Aziz (PSD), deu parecer favor\u00e1vel e articula a aprova\u00e7\u00e3o para levar o texto ao plen\u00e1rio.<\/p>\n<p class=\"wp-block-paragraph\">Para ser promulgada, a PEC precisa de pelo menos 49 votos dos 81 senadores, em dois turnos. Pelo rito normal, ap\u00f3s passar na CCJ, a proposta ainda cumpre cinco sess\u00f5es de discuss\u00e3o em plen\u00e1rio. A base governista, no entanto, tenta encurtar esse prazo.<\/p>\n<p class=\"wp-block-paragraph\">Se aprovada, ser\u00e1 a primeira <a href=\"https:\/\/diogrande.campogrande.ms.gov.br\/\" target=\"_blank\" rel=\"noopener\">revis\u00e3o<\/a> da jornada desde a Constitui\u00e7\u00e3o de 1988, que fixou o limite em 8 horas di\u00e1rias e 44 horas semanais.<\/p>\n<h2 class=\"wp-block-heading\"><strong>O que prev\u00ea a proposta<\/strong><\/h2>\n<ul class=\"wp-block-list\">\n<li>Dois dias de repouso semanal remunerado, sendo um deles preferencialmente aos domingos;<\/li>\n<li>Proibi\u00e7\u00e3o de redu\u00e7\u00e3o salarial pela diminui\u00e7\u00e3o da jornada;<\/li>\n<li>Transi\u00e7\u00e3o em duas etapas: dois meses ap\u00f3s a promulga\u00e7\u00e3o, a jornada m\u00e1xima cai de 44 para 42 horas semanais; um ano depois, cai definitivamente para 40 horas.<\/li>\n<\/ul>\n<h2 class=\"wp-block-heading\"><img decoding=\"async\" src=\"https:\/\/s.w.org\/images\/core\/emoji\/17.0.2\/72x72\/2705.png\" alt=\"\u2705\" class=\"wp-smiley\" style=\"height: 1em; max-height: 1em;\"> Siga o @midiamax no Instagram<\/h2>\n<p class=\"wp-block-paragraph\">Fique por dentro de tudo que acontece em Mato Grosso do Sul, no Brasil e no mundo! No perfil do @midiamax voc\u00ea encontra <mark><strong>not\u00edcias quentinhas, v\u00eddeos informativos, coberturas em tempo real<\/strong><\/mark> e muito mais! <img decoding=\"async\" src=\"https:\/\/s.w.org\/images\/core\/emoji\/17.0.2\/72x72\/1f4f0.png\" alt=\"\ud83d\udcf0\" class=\"wp-smiley\" style=\"height: 1em; max-height: 1em;\"><\/p>\n<p class=\"wp-block-paragraph\"><img decoding=\"async\" src=\"https:\/\/s.w.org\/images\/core\/emoji\/17.0.2\/72x72\/1f381.png\" alt=\"\ud83c\udf81\" class=\"wp-smiley\" style=\"height: 1em; max-height: 1em;\"> E n\u00e3o para por a\u00ed! Temos sorteios, promo\u00e7\u00f5es e at\u00e9 bastidores exclusivos para voc\u00ea!<\/p>\n<p class=\"wp-block-paragraph\">Midiamax<\/p>\n<p><!-- bloco-portais-jbr --><\/p>\n<div class=\"box-portais-jbr\" style=\"border:1px solid #e0e0e0;padding:16px 18px;margin:24px 0;border-radius:8px;background:#f9f9f9;font-size:0.95rem;\">\n<p style=\"margin:0 0 10px 0;font-weight:600;\">\n        Continue sempre bem informado acessando nossos portais:\n    <\/p>\n<ul style=\"margin:0;padding-left:20px;\">\n<li style=\"margin-bottom:8px;\">\n            <strong><a href=\"https:\/\/jornaldiadia.com.br\/\" target=\"_blank\" rel=\"noopener\" style=\"text-decoration:none;\">Jornal Dia Dia<\/a><\/strong> \u2013<br \/>\n            Sua fonte confi\u00e1vel para as melhores not\u00edcias e artigos \u00fateis. Fique por dentro dos acontecimentos mais importantes, dicas pr\u00e1ticas e conte\u00fados de qualidade.\n        <\/li>\n<li style=\"margin-bottom:8px;\">\n            <strong><a href=\"https:\/\/jbr.jor.br\/\" target=\"_blank\" rel=\"noopener\" style=\"text-decoration:none;\">Jornal Brasil Regional (JBR)<\/a><\/strong> \u2013<br \/>\n            O pulso do pa\u00eds em tempo real. Not\u00edcias nacionais, regionais e internacionais com \u00e9tica e credibilidade.\n        <\/li>\n<li style=\"margin-bottom:8px;\">\n            <strong><a href=\"https:\/\/castilho.jor.br\/\" target=\"_blank\" rel=\"noopener\" style=\"text-decoration:none;\">Castilho Not\u00edcias (News)<\/a><\/strong> \u2013<br \/>\n            O seu di\u00e1rio local com cobertura de Castilho e Regi\u00e3o (SP). Jornalismo com credibilidade.\n        <\/li>\n<li style=\"margin-bottom:8px;\">\n            <strong><a href=\"https:\/\/casaejardim.net.br\/\" target=\"_blank\" rel=\"noopener\" style=\"text-decoration:none;\">Casa e Jardim<\/a><\/strong> \u2013<br \/>\n            Dicas exclusivas sobre decora\u00e7\u00e3o, jardinagem, arquitetura, DIY, reformas e muito mais. Tend\u00eancias, solu\u00e7\u00f5es pr\u00e1ticas e ideias criativas para todos os estilos e or\u00e7amentos.\n        <\/li>\n<li style=\"margin-bottom:0;\">\n            <strong><a href=\"https:\/\/b10.net.br\/\" target=\"_blank\" rel=\"noopener\" style=\"text-decoration:none;\">B10 Brasil<\/a><\/strong> \u2013<br \/>\n            As principais not\u00edcias, an\u00e1lises e insights sobre neg\u00f3cios, economia e soberania nacional. Conectando o Brasil ao mundo com intelig\u00eancia e estrat\u00e9gia.\n        <\/li>\n<\/ul>\n<\/div>\n<p><!-- \/bloco-portais-jbr --><\/div>\n","protected":false},"excerpt":{"rendered":"<p>Senadora de MS diz n\u00e3o ser contra reduzir jornada para 40 horas, mas questiona escala fixa Anna Gomes \u2013 02\/09\/2026 \u2013 12:46 \u2013 Senadora Tereza Cristina, do PP-MS. (Waldemir Barreto\/Ag\u00eancia Senado) A suposta pressa para votar a PEC que acaba com a escala 6\u00d71 virou alvo de cr\u00edticas da senadora<span class=\"more-link\"><a href=\"http:\/\/diadianews.com\/index.php\/2026\/09\/02\/tereza-cristina-critica-pressa-para-votar-pec-do-fim-da-escala-6x1-casa-carimbadora\/\">Continue Reading<\/a><\/span><\/p>\n","protected":false},"author":1,"featured_media":8303,"comment_status":"closed","ping_status":"closed","sticky":false,"template":"","format":"standard","meta":{"footnotes":""},"categories":[1],"tags":[],"class_list":["entry","author-valdei","post-8302","post","type-post","status-publish","format-standard","has-post-thumbnail","category-news-do-dia"],"_links":{"self":[{"href":"http:\/\/diadianews.com\/index.php\/wp-json\/wp\/v2\/posts\/8302","targetHints":{"allow":["GET"]}}],"collection":[{"href":"http:\/\/diadianews.com\/index.php\/wp-json\/wp\/v2\/posts"}],"about":[{"href":"http:\/\/diadianews.com\/index.php\/wp-json\/wp\/v2\/types\/post"}],"author":[{"embeddable":true,"href":"http:\/\/diadianews.com\/index.php\/wp-json\/wp\/v2\/users\/1"}],"replies":[{"embeddable":true,"href":"http:\/\/diadianews.com\/index.php\/wp-json\/wp\/v2\/comments?post=8302"}],"version-history":[{"count":0,"href":"http:\/\/diadianews.com\/index.php\/wp-json\/wp\/v2\/posts\/8302\/revisions"}],"wp:featuredmedia":[{"embeddable":true,"href":"http:\/\/diadianews.com\/index.php\/wp-json\/wp\/v2\/media\/8303"}],"wp:attachment":[{"href":"http:\/\/diadianews.com\/index.php\/wp-json\/wp\/v2\/media?parent=8302"}],"wp:term":[{"taxonomy":"category","embeddable":true,"href":"http:\/\/diadianews.com\/index.php\/wp-json\/wp\/v2\/categories?post=8302"},{"taxonomy":"post_tag","embeddable":true,"href":"http:\/\/diadianews.com\/index.php\/wp-json\/wp\/v2\/tags?post=8302"}],"curies":[{"name":"wp","href":"https:\/\/api.w.org\/{rel}","templated":true}]}}