{"id":8304,"date":"2026-09-02T16:28:48","date_gmt":"2026-09-02T19:28:48","guid":{"rendered":"https:\/\/diadianews.com\/index.php\/2026\/09\/02\/datagro-realiza-6a-edicao-do-forum-pecuaria-brasil-com-debates-sobre-mercado-inovacao-e-futuro-do-setor\/"},"modified":"2026-09-02T16:28:48","modified_gmt":"2026-09-02T19:28:48","slug":"datagro-realiza-6a-edicao-do-forum-pecuaria-brasil-com-debates-sobre-mercado-inovacao-e-futuro-do-setor","status":"publish","type":"post","link":"http:\/\/diadianews.com\/index.php\/2026\/09\/02\/datagro-realiza-6a-edicao-do-forum-pecuaria-brasil-com-debates-sobre-mercado-inovacao-e-futuro-do-setor\/","title":{"rendered":"DATAGRO realiza 6\u00aa edi\u00e7\u00e3o do F\u00f3rum Pecu\u00e1ria Brasil com debates sobre mercado, inova\u00e7\u00e3o e futuro do setor"},"content":{"rendered":"<div>\n<figure class=\"wp-block-image size-full\"><img loading=\"lazy\" decoding=\"async\" width=\"234\" height=\"60\" src=\"https:\/\/jornaldiadia.com.br\/wp-content\/uploads\/image-9780.webp\" alt=\"\" class=\"wp-image-84190\"><\/figure>\n<p class=\"wp-block-paragraph\"><em>Evento re\u00fane lideran\u00e7as, especialistas e representantes de diferentes elos da cadeia para discutir tend\u00eancias, estrat\u00e9gias e oportunidades para a pecu\u00e1ria brasileira<\/em><\/p>\n<p class=\"wp-block-paragraph\">Foto: arquivo<\/p>\n<p class=\"wp-block-paragraph\">A DATAGRO, consultoria especializada em intelig\u00eancia de mercado para o agroneg\u00f3cio, realiza no dia 16 de setembro, no Clube Atl\u00e9tico Monte L\u00edbano, em S\u00e3o Paulo, a 6\u00aa edi\u00e7\u00e3o do F\u00f3rum Pecu\u00e1ria Brasil. <\/p>\n<p class=\"wp-block-paragraph\">O encontro reunir\u00e1 pecuaristas, representantes da ind\u00fastria, lideran\u00e7as empresariais, especialistas, entidades e agentes do mercado financeiro em um mesmo ambiente, promovendo a conex\u00e3o entre diferentes elos da cadeia produtiva.<\/p>\n<p class=\"wp-block-paragraph\">A proposta \u00e9 combinar intelig\u00eancia de mercado, conte\u00fado t\u00e9cnico, relacionamento e oportunidades de neg\u00f3cios, criando um espa\u00e7o para a troca de experi\u00eancias e a discuss\u00e3o dos temas que influenciam as decis\u00f5es dos diferentes agentes da pecu\u00e1ria brasileira.<\/p>\n<p class=\"wp-block-paragraph\">\u201cA pecu\u00e1ria \u00e9 formada por diferentes elos que precisam estar cada vez mais conectados. O F\u00f3rum cria justamente esse ambiente, reunindo pecuaristas, ind\u00fastria, mercado financeiro, entidades e especialistas para discutir os desafios do setor sob diferentes perspectivas. \u00c9 uma oportunidade de acesso \u00e0 informa\u00e7\u00e3o qualificada, mas tamb\u00e9m de relacionamento e constru\u00e7\u00e3o de novas oportunidades\u201d, afirma Luiz Felipe Nastari, diretor de Comunica\u00e7\u00e3o e Eventos da DATAGRO.<\/p>\n<p class=\"wp-block-paragraph\">A programa\u00e7\u00e3o contar\u00e1 com seis pain\u00e9is e colocar\u00e1 em debate temas como as perspectivas para o mercado do boi em 2026 e 2027, os rumos da ind\u00fastria no mercado interno, as oportunidades para a carne brasileira no exterior, a retomada da liquidez do contrato futuro do boi na B3, os desafios do elo da cria e as estrat\u00e9gias adotadas por confinamentos de alta performance.<\/p>\n<p class=\"wp-block-paragraph\">O cen\u00e1rio internacional tamb\u00e9m ter\u00e1 espa\u00e7o pr\u00f3prio na programa\u00e7\u00e3o. O painel \u201cIntegra\u00e7\u00e3o Pecu\u00e1ria nas Am\u00e9ricas\u201d reunir\u00e1 representantes do Brasil e de outros mercados do continente para discutir as rela\u00e7\u00f5es comerciais e os movimentos da cadeia da carne.<\/p>\n<p class=\"wp-block-paragraph\">Entre os participantes da programa\u00e7\u00e3o est\u00e3o Plinio Nastari, presidente da DATAGRO; Roberto Perosa, presidente da Associa\u00e7\u00e3o Brasileira das Ind\u00fastrias Exportadoras de Carnes (ABIEC); Luciano Pascon, CEO do Frigol; Paulo Emilio, CEO da Plena Alimentos; Camila Faria de Castro, gerente de Produtos da B3; e Eduardo Pedroso, diretor executivo de Origina\u00e7\u00e3o da Friboi JBS, al\u00e9m de pecuaristas, analistas e representantes de outras empresas e entidades do setor.<\/p>\n<p class=\"wp-block-paragraph\">A edi\u00e7\u00e3o tamb\u00e9m ser\u00e1 marcada pela 3\u00aa Premia\u00e7\u00e3o Transpar\u00eancia \u2013 Indicador do Boi DATAGRO, que reconhecer\u00e1 participantes que contribuem para a forma\u00e7\u00e3o e a transpar\u00eancia do indicador. A agenda contar\u00e1 ainda com Innovation Drops, atra\u00e7\u00f5es ao longo do dia e momentos dedicados ao relacionamento entre os participantes, incluindo um coquetel de encerramento.<\/p>\n<p class=\"wp-block-paragraph\">Em 2025, o F\u00f3rum Pecu\u00e1ria Brasil reuniu mais de 600 participantes, mais de oito horas de conte\u00fado voltado ao mercado e representantes dos principais frigor\u00edficos do Pa\u00eds.<\/p>\n<p class=\"wp-block-paragraph\"><strong>Indicador do Boi DATAGRO na Estrada<\/strong><\/p>\n<p class=\"wp-block-paragraph\">O Indicador do Boi DATAGRO na Estrada chega a S\u00e3o Paulo para sua oitava e \u00faltima etapa. O encerramento do circuito acontecer\u00e1 no dia 16 de setembro, durante a 6\u00aa edi\u00e7\u00e3o do F\u00f3rum Pecu\u00e1ria Brasil.<\/p>\n<p class=\"wp-block-paragraph\">Ao longo do ano, a iniciativa passou por Ribeir\u00e3o Preto (SP), Rondon\u00f3polis (MT), Campo Grande (MS), Goi\u00e2nia (GO), Aragua\u00edna (TO), Porto Alegre (RS) e Ariquemes (RO). Foram mais de 5 mil quil\u00f4metros percorridos, com alcance em 10 estados e participa\u00e7\u00e3o de mais de 1.600 pessoas em uma jornada voltada \u00e0 intelig\u00eancia de mercado, relacionamento e aproxima\u00e7\u00e3o com a realidade da produ\u00e7\u00e3o pecu\u00e1ria brasileira.<\/p>\n<p class=\"wp-block-paragraph\"><strong>Servi\u00e7o:<\/strong>\u00a0\u00a0<\/p>\n<p class=\"wp-block-paragraph\"><strong>Evento: 6\u00ba F\u00f3rum Pecu\u00e1ria Brasil\u00a0<\/strong><\/p>\n<p class=\"wp-block-paragraph\"><strong>Data<\/strong>: 16 de setembro de 2026\u00a0<br \/><strong>Local:<\/strong>\u00a0Clube Atl\u00e9tico Monte L\u00edbano<br \/><strong>Endere\u00e7o:<\/strong>\u00a0 Av. Rep\u00fablica do L\u00edbano, 2267 \u2013 Moema, S\u00e3o Paulo<\/p>\n<p class=\"wp-block-paragraph\"><strong>Inscri\u00e7\u00f5es:<\/strong>\u00a0<a href=\"https:\/\/datagroexperience.com\/inscricoes\/6forumpecuaria\/\" target=\"_blank\" rel=\"noopener\">https:\/\/datagroexperience.com\/inscricoes\/6forumpecuaria\/<\/a><\/p>\n<p class=\"wp-block-paragraph\"><strong>Sobre a DATAGRO<\/strong><\/p>\n<p class=\"wp-block-paragraph\">Com mais de 40 anos de mercado, a DATAGRO \u00e9 uma consultoria agroindustrial independente com atua\u00e7\u00e3o global e refer\u00eancia no setor.<\/p>\n<p class=\"wp-block-paragraph\">Produz an\u00e1lises, not\u00edcias e dados prim\u00e1rios sobre agropecu\u00e1ria, soja, milho, algod\u00e3o, cana, a\u00e7\u00facar, etanol, biodiesel, caf\u00e9, citrus, pecu\u00e1ria, leite e outros, orientando a tomada de decis\u00e3o de clientes em mais de 50 pa\u00edses. S\u00e3o mais de 130 relat\u00f3rios mensais sobre 18 commodities agr\u00edcolas e de energia e mercados.<\/p>\n<p class=\"wp-block-paragraph\">Ao todo, a DATAGRO re\u00fane doze unidades de neg\u00f3cios: Alta Performance, An\u00e1lise de Mercado, Consultoria Estrat\u00e9gica, Gest\u00e3o, Markets, Financial, Governos, Benri, DataMaps, Deag, Geocane e Experience \u2013 \u00e1rea respons\u00e1vel pelos eventos, incluindo o Global Agribusiness F\u00f3rum (GAF) e o Global Agribusiness Festival (GAFFFF), os maiores eventos mundiais do agro, realizados todos os meses de outubro (em 2026, nos dias 23 a 26 de julho no Parque Tecnol\u00f3gico Luiz Giroletti, em Sorriso, no Mato Grosso e nos dias 1-2 de outubro no Nubank Parque, em S\u00e3o Paulo).<\/p>\n<p class=\"wp-block-paragraph\"><strong>Ag\u00eancia Fato Relevante<\/strong><\/p>\n<p class=\"wp-block-paragraph\"><a href=\"mailto:datagro@agenciafr.com.br\" target=\"_blank\" rel=\"noopener\">datagro@agenciafr.com.br<\/a><\/p>\n<p class=\"wp-block-paragraph\"><strong>Guilherme Araujo<\/strong><\/p>\n<p class=\"wp-block-paragraph\">11.97039-7078<\/p>\n<p class=\"wp-block-paragraph\"><strong>Daniela Ribeiro<\/strong><\/p>\n<ol start=\"11\" class=\"wp-block-list\">\n<li>99664-3441<\/li>\n<\/ol>\n<p class=\"wp-block-paragraph\"><strong>Guilherme Ara\u00fajo<\/strong><br \/><a href=\"mailto:guilherme.araujo@agenciafr.com.br\" target=\"_blank\" rel=\"noopener\">guilherme.araujo@agenciafr.com.br<\/a><\/p>\n<p><!-- bloco-portais-jbr --><\/p>\n<div class=\"box-portais-jbr\" style=\"border:1px solid #e0e0e0;padding:16px 18px;margin:24px 0;border-radius:8px;background:#f9f9f9;font-size:0.95rem;\">\n<p style=\"margin:0 0 10px 0;font-weight:600;\">\n        Continue sempre bem informado acessando nossos portais:\n    <\/p>\n<ul style=\"margin:0;padding-left:20px;\">\n<li style=\"margin-bottom:8px;\">\n            <strong><a href=\"https:\/\/jornaldiadia.com.br\/\" target=\"_blank\" rel=\"noopener\" style=\"text-decoration:none;\">Jornal Dia Dia<\/a><\/strong> \u2013<br \/>\n            Sua fonte confi\u00e1vel para as melhores not\u00edcias e artigos \u00fateis. Fique por dentro dos acontecimentos mais importantes, dicas pr\u00e1ticas e conte\u00fados de qualidade.\n        <\/li>\n<li style=\"margin-bottom:8px;\">\n            <strong><a href=\"https:\/\/jbr.jor.br\/\" target=\"_blank\" rel=\"noopener\" style=\"text-decoration:none;\">Jornal Brasil Regional (JBR)<\/a><\/strong> \u2013<br \/>\n            O pulso do pa\u00eds em tempo real. Not\u00edcias nacionais, regionais e internacionais com \u00e9tica e credibilidade.\n        <\/li>\n<li style=\"margin-bottom:8px;\">\n            <strong><a href=\"https:\/\/castilho.jor.br\/\" target=\"_blank\" rel=\"noopener\" style=\"text-decoration:none;\">Castilho Not\u00edcias (News)<\/a><\/strong> \u2013<br \/>\n            O seu di\u00e1rio local com cobertura de Castilho e Regi\u00e3o (SP). Jornalismo com credibilidade.\n        <\/li>\n<li style=\"margin-bottom:8px;\">\n            <strong><a href=\"https:\/\/casaejardim.net.br\/\" target=\"_blank\" rel=\"noopener\" style=\"text-decoration:none;\">Casa e Jardim<\/a><\/strong> \u2013<br \/>\n            Dicas exclusivas sobre decora\u00e7\u00e3o, jardinagem, arquitetura, DIY, reformas e muito mais. Tend\u00eancias, solu\u00e7\u00f5es pr\u00e1ticas e ideias criativas para todos os estilos e or\u00e7amentos.\n        <\/li>\n<li style=\"margin-bottom:0;\">\n            <strong><a href=\"https:\/\/b10.net.br\/\" target=\"_blank\" rel=\"noopener\" style=\"text-decoration:none;\">B10 Brasil<\/a><\/strong> \u2013<br \/>\n            As principais not\u00edcias, an\u00e1lises e insights sobre neg\u00f3cios, economia e soberania nacional. Conectando o Brasil ao mundo com intelig\u00eancia e estrat\u00e9gia.\n        <\/li>\n<\/ul>\n<\/div>\n<p><!-- \/bloco-portais-jbr --><\/div>\n","protected":false},"excerpt":{"rendered":"<p>Evento re\u00fane lideran\u00e7as, especialistas e representantes de diferentes elos da cadeia para discutir tend\u00eancias, estrat\u00e9gias e oportunidades para a pecu\u00e1ria brasileira Foto: arquivo A DATAGRO, consultoria especializada em intelig\u00eancia de mercado para o agroneg\u00f3cio, realiza no dia 16 de setembro, no Clube Atl\u00e9tico Monte L\u00edbano, em S\u00e3o Paulo, a 6\u00aa<span class=\"more-link\"><a href=\"http:\/\/diadianews.com\/index.php\/2026\/09\/02\/datagro-realiza-6a-edicao-do-forum-pecuaria-brasil-com-debates-sobre-mercado-inovacao-e-futuro-do-setor\/\">Continue Reading<\/a><\/span><\/p>\n","protected":false},"author":1,"featured_media":8305,"comment_status":"closed","ping_status":"closed","sticky":false,"template":"","format":"standard","meta":{"footnotes":""},"categories":[1],"tags":[],"class_list":["entry","author-valdei","post-8304","post","type-post","status-publish","format-standard","has-post-thumbnail","category-news-do-dia"],"_links":{"self":[{"href":"http:\/\/diadianews.com\/index.php\/wp-json\/wp\/v2\/posts\/8304","targetHints":{"allow":["GET"]}}],"collection":[{"href":"http:\/\/diadianews.com\/index.php\/wp-json\/wp\/v2\/posts"}],"about":[{"href":"http:\/\/diadianews.com\/index.php\/wp-json\/wp\/v2\/types\/post"}],"author":[{"embeddable":true,"href":"http:\/\/diadianews.com\/index.php\/wp-json\/wp\/v2\/users\/1"}],"replies":[{"embeddable":true,"href":"http:\/\/diadianews.com\/index.php\/wp-json\/wp\/v2\/comments?post=8304"}],"version-history":[{"count":0,"href":"http:\/\/diadianews.com\/index.php\/wp-json\/wp\/v2\/posts\/8304\/revisions"}],"wp:featuredmedia":[{"embeddable":true,"href":"http:\/\/diadianews.com\/index.php\/wp-json\/wp\/v2\/media\/8305"}],"wp:attachment":[{"href":"http:\/\/diadianews.com\/index.php\/wp-json\/wp\/v2\/media?parent=8304"}],"wp:term":[{"taxonomy":"category","embeddable":true,"href":"http:\/\/diadianews.com\/index.php\/wp-json\/wp\/v2\/categories?post=8304"},{"taxonomy":"post_tag","embeddable":true,"href":"http:\/\/diadianews.com\/index.php\/wp-json\/wp\/v2\/tags?post=8304"}],"curies":[{"name":"wp","href":"https:\/\/api.w.org\/{rel}","templated":true}]}}