{"id":8306,"date":"2026-09-02T16:38:02","date_gmt":"2026-09-02T19:38:02","guid":{"rendered":"https:\/\/diadianews.com\/index.php\/2026\/09\/02\/relatorio-sobre-caso-do-banco-master-deve-ser-entregue-na-proxima-semana\/"},"modified":"2026-09-02T16:38:02","modified_gmt":"2026-09-02T19:38:02","slug":"relatorio-sobre-caso-do-banco-master-deve-ser-entregue-na-proxima-semana","status":"publish","type":"post","link":"http:\/\/diadianews.com\/index.php\/2026\/09\/02\/relatorio-sobre-caso-do-banco-master-deve-ser-entregue-na-proxima-semana\/","title":{"rendered":"Relat\u00f3rio sobre caso do Banco Master deve ser entregue na pr\u00f3xima semana"},"content":{"rendered":"<div>\n<p class=\"wp-block-paragraph\">Fachin dever\u00e1 pautar sess\u00e3o do STF para analisar investiga\u00e7\u00e3o envolvendo Alexandre de Moraes<\/p>\n<p class=\"wp-block-paragraph\">Osvaldo Sato \u2013 02\/09\/2026 \u2013 13:28 \u2013 (Foto: Antonio Augusto\/STF)<\/p>\n<p class=\"wp-block-paragraph\">O relat\u00f3rio do ministro Andr\u00e9 Mendon\u00e7a sobre a investiga\u00e7\u00e3o envolvendo o ministro Alexandre de Moraes no caso do Banco Master deve ser entregue na segunda-feira (7) ou na ter\u00e7a-feira (8).<\/p>\n<p class=\"wp-block-paragraph\">Mendon\u00e7a solicitou uma sess\u00e3o do plen\u00e1rio do STF (Supremo Tribunal Federal) para analisar se Moraes dever\u00e1 ser investigado. Antes disso, por\u00e9m, precisa apresentar o relat\u00f3rio aos demais ministros.<\/p>\n<p class=\"wp-block-paragraph\">Ap\u00f3s a entrega, o presidente do STF, ministro Edson Fachin, dever\u00e1 pautar a an\u00e1lise do caso para uma sess\u00e3o do plen\u00e1rio j\u00e1 na pr\u00f3xima semana.<\/p>\n<p class=\"wp-block-paragraph\">A previs\u00e3o \u00e9 de que a sess\u00e3o seja aberta e tenha transmiss\u00e3o ao vivo pela TV Justi\u00e7a. A medida busca ampliar a transpar\u00eancia em torno da an\u00e1lise do caso.<\/p>\n<figure class=\"wp-block-image is-resized\"><img decoding=\"async\" src=\"https:\/\/cdn.midiamax.com.br\/wp-content\/uploads\/2026\/09\/gonet-fachin-moraes-300x169.jpg\" alt=\"Presidente do STF, Fachin diz que ministros precisam \u2018ter limites\u2019 e que tomar\u00e1 \u2018medidas cab\u00edveis\u2019\" style=\"aspect-ratio:1.7751479289940828;width:300px;height:auto\"><\/figure>\n<p class=\"wp-block-paragraph\"><a href=\"https:\/\/midiamax.com.br\/brasil\/2026\/presidente-stf-fachin-diz-ministros-precisam-ter-limites-tomara-medidas-cabiveis\/\"><\/a><a href=\"https:\/\/midiamax.com.br\/brasil\/2026\/presidente-stf-fachin-diz-ministros-precisam-ter-limites-tomara-medidas-cabiveis\/\">Presidente do STF, Fachin diz que ministros precisam \u2018ter limites\u2019 e que tomar\u00e1 \u2018medidas cab\u00edveis\u2019<\/a><\/p>\n<p class=\"wp-block-paragraph\">Ministro se pronunciou ap\u00f3s a divulga\u00e7\u00e3o da troca de mensagens entre Alexandre de Moraes e o banqueiro Daniel Vorcaro<\/p>\n<p class=\"wp-block-paragraph\"><a href=\"https:\/\/midiamax.com.br\/\"><img loading=\"lazy\" decoding=\"async\" src=\"https:\/\/cdn.midiamax.com.br\/wp-content\/uploads\/2022\/05\/favicon_midiamax-150x150.png\" srcset=\"https:\/\/cdn.midiamax.com.br\/wp-content\/uploads\/2022\/05\/favicon_midiamax-150x150.png 2x\" alt=\"\" width=\"32\" height=\"32\">Midiamax | Jornal de Campo Grande e Mato Grosso do Sul<\/a><\/p>\n<p class=\"wp-block-paragraph\">Como presidente da Corte, cabe a Fachin definir o formato e a inclus\u00e3o do processo na pauta do plen\u00e1rio.<\/p>\n<p class=\"wp-block-paragraph\"><a href=\"https:\/\/midiamax.com.br\/brasil\/2026\/presidente-stf-fachin-diz-ministros-precisam-ter-limites-tomara-medidas-cabiveis\/embed\/#?secret=BXiA8nFxRU%23?secret=yiawCrH5sh\">https:\/\/midiamax.com.br\/brasil\/2026\/presidente-stf-fachin-diz-ministros-precisam-ter-limites-tomara-medidas-cabiveis\/embed\/#?secret=BXiA8nFxRU#?secret=yiawCrH5sh<\/a><\/p>\n<h2 class=\"wp-block-heading\"><img decoding=\"async\" src=\"https:\/\/s.w.org\/images\/core\/emoji\/17.0.2\/72x72\/2705.png\" alt=\"\u2705\" class=\"wp-smiley\" style=\"height: 1em; max-height: 1em;\"> <strong>Siga o Jornal Midiamax nas redes sociais<\/strong><\/h2>\n<p class=\"wp-block-paragraph\">Voc\u00ea tamb\u00e9m pode <mark>acompanhar as \u00faltimas not\u00edcias e atualiza\u00e7\u00f5es do <strong>Jornal Midiamax<\/strong> direto das redes sociais<\/mark>. Siga nossos perfis nas redes que voc\u00ea mais usa. <img decoding=\"async\" src=\"https:\/\/s.w.org\/images\/core\/emoji\/17.0.2\/72x72\/1f447.png\" alt=\"\ud83d\udc47\" class=\"wp-smiley\" style=\"height: 1em; max-height: 1em;\"><\/p>\n<p>\u00c9 f\u00e1cil! <img decoding=\"async\" src=\"https:\/\/s.w.org\/images\/core\/emoji\/17.0.2\/72x72\/1f609.png\" alt=\"\ud83d\ude09\" class=\"wp-smiley\" style=\"height: 1em; max-height: 1em;\"> Clique no nome de qualquer uma das plataformas abaixo para nos encontrar:<br \/><a href=\"https:\/\/www.instagram.com\/midiamax\/\">Instagram<\/a>, <a href=\"https:\/\/www.facebook.com\/midiamax\">Facebook<\/a>, <a href=\"https:\/\/www.tiktok.com\/@midiamax\">TikTok<\/a>, <a href=\"https:\/\/www.youtube.com\/@jornal.midiamax\">YouTube<\/a>, <a href=\"https:\/\/whatsapp.com\/channel\/0029Va7FGJa9cDDXCIIEOn3d\">WhatsApp<\/a>, <a href=\"https:\/\/bsky.app\/profile\/midiamax.bsky.social\">Bluesky<\/a> e <a href=\"https:\/\/www.threads.net\/@midiamax?hl=pt-br\">Threads<\/a>.<\/p>\n<p><img decoding=\"async\" src=\"https:\/\/s.w.org\/images\/core\/emoji\/17.0.2\/72x72\/1f4ac.png\" alt=\"\ud83d\udcac\" class=\"wp-smiley\" style=\"height: 1em; max-height: 1em;\"> Fique atualizado com o <strong>melhor do jornalismo local<\/strong> e participe das nossas coberturas!<\/p>\n<p class=\"wp-block-paragraph\">(Revis\u00e3o: D\u00e1fini Lisboa)<\/p>\n<p class=\"wp-block-paragraph\">Midiamax<\/p>\n<p><!-- bloco-portais-jbr --><\/p>\n<div class=\"box-portais-jbr\" style=\"border:1px solid #e0e0e0;padding:16px 18px;margin:24px 0;border-radius:8px;background:#f9f9f9;font-size:0.95rem;\">\n<p style=\"margin:0 0 10px 0;font-weight:600;\">\n        Continue sempre bem informado acessando nossos portais:\n    <\/p>\n<ul style=\"margin:0;padding-left:20px;\">\n<li style=\"margin-bottom:8px;\">\n            <strong><a href=\"https:\/\/jornaldiadia.com.br\/\" target=\"_blank\" rel=\"noopener\" style=\"text-decoration:none;\">Jornal Dia Dia<\/a><\/strong> \u2013<br \/>\n            Sua fonte confi\u00e1vel para as melhores not\u00edcias e artigos \u00fateis. Fique por dentro dos acontecimentos mais importantes, dicas pr\u00e1ticas e conte\u00fados de qualidade.\n        <\/li>\n<li style=\"margin-bottom:8px;\">\n            <strong><a href=\"https:\/\/jbr.jor.br\/\" target=\"_blank\" rel=\"noopener\" style=\"text-decoration:none;\">Jornal Brasil Regional (JBR)<\/a><\/strong> \u2013<br \/>\n            O pulso do pa\u00eds em tempo real. Not\u00edcias nacionais, regionais e internacionais com \u00e9tica e credibilidade.\n        <\/li>\n<li style=\"margin-bottom:8px;\">\n            <strong><a href=\"https:\/\/castilho.jor.br\/\" target=\"_blank\" rel=\"noopener\" style=\"text-decoration:none;\">Castilho Not\u00edcias (News)<\/a><\/strong> \u2013<br \/>\n            O seu di\u00e1rio local com cobertura de Castilho e Regi\u00e3o (SP). Jornalismo com credibilidade.\n        <\/li>\n<li style=\"margin-bottom:8px;\">\n            <strong><a href=\"https:\/\/casaejardim.net.br\/\" target=\"_blank\" rel=\"noopener\" style=\"text-decoration:none;\">Casa e Jardim<\/a><\/strong> \u2013<br \/>\n            Dicas exclusivas sobre decora\u00e7\u00e3o, jardinagem, arquitetura, DIY, reformas e muito mais. Tend\u00eancias, solu\u00e7\u00f5es pr\u00e1ticas e ideias criativas para todos os estilos e or\u00e7amentos.\n        <\/li>\n<li style=\"margin-bottom:0;\">\n            <strong><a href=\"https:\/\/b10.net.br\/\" target=\"_blank\" rel=\"noopener\" style=\"text-decoration:none;\">B10 Brasil<\/a><\/strong> \u2013<br \/>\n            As principais not\u00edcias, an\u00e1lises e insights sobre neg\u00f3cios, economia e soberania nacional. Conectando o Brasil ao mundo com intelig\u00eancia e estrat\u00e9gia.\n        <\/li>\n<\/ul>\n<\/div>\n<p><!-- \/bloco-portais-jbr --><\/div>\n","protected":false},"excerpt":{"rendered":"<p>Fachin dever\u00e1 pautar sess\u00e3o do STF para analisar investiga\u00e7\u00e3o envolvendo Alexandre de Moraes Osvaldo Sato \u2013 02\/09\/2026 \u2013 13:28 \u2013 (Foto: Antonio Augusto\/STF) O relat\u00f3rio do ministro Andr\u00e9 Mendon\u00e7a sobre a investiga\u00e7\u00e3o envolvendo o ministro Alexandre de Moraes no caso do Banco Master deve ser entregue na segunda-feira (7) ou<span class=\"more-link\"><a href=\"http:\/\/diadianews.com\/index.php\/2026\/09\/02\/relatorio-sobre-caso-do-banco-master-deve-ser-entregue-na-proxima-semana\/\">Continue Reading<\/a><\/span><\/p>\n","protected":false},"author":1,"featured_media":8307,"comment_status":"closed","ping_status":"closed","sticky":false,"template":"","format":"standard","meta":{"footnotes":""},"categories":[1],"tags":[],"class_list":["entry","author-valdei","post-8306","post","type-post","status-publish","format-standard","has-post-thumbnail","category-news-do-dia"],"_links":{"self":[{"href":"http:\/\/diadianews.com\/index.php\/wp-json\/wp\/v2\/posts\/8306","targetHints":{"allow":["GET"]}}],"collection":[{"href":"http:\/\/diadianews.com\/index.php\/wp-json\/wp\/v2\/posts"}],"about":[{"href":"http:\/\/diadianews.com\/index.php\/wp-json\/wp\/v2\/types\/post"}],"author":[{"embeddable":true,"href":"http:\/\/diadianews.com\/index.php\/wp-json\/wp\/v2\/users\/1"}],"replies":[{"embeddable":true,"href":"http:\/\/diadianews.com\/index.php\/wp-json\/wp\/v2\/comments?post=8306"}],"version-history":[{"count":0,"href":"http:\/\/diadianews.com\/index.php\/wp-json\/wp\/v2\/posts\/8306\/revisions"}],"wp:featuredmedia":[{"embeddable":true,"href":"http:\/\/diadianews.com\/index.php\/wp-json\/wp\/v2\/media\/8307"}],"wp:attachment":[{"href":"http:\/\/diadianews.com\/index.php\/wp-json\/wp\/v2\/media?parent=8306"}],"wp:term":[{"taxonomy":"category","embeddable":true,"href":"http:\/\/diadianews.com\/index.php\/wp-json\/wp\/v2\/categories?post=8306"},{"taxonomy":"post_tag","embeddable":true,"href":"http:\/\/diadianews.com\/index.php\/wp-json\/wp\/v2\/tags?post=8306"}],"curies":[{"name":"wp","href":"https:\/\/api.w.org\/{rel}","templated":true}]}}