{"id":8308,"date":"2026-09-02T16:44:07","date_gmt":"2026-09-02T19:44:07","guid":{"rendered":"https:\/\/diadianews.com\/index.php\/2026\/09\/02\/idoso-de-78-anos-morre-e-duas-pessoas-ficam-feridas-em-capotamento-na-ms-454\/"},"modified":"2026-09-02T16:44:07","modified_gmt":"2026-09-02T19:44:07","slug":"idoso-de-78-anos-morre-e-duas-pessoas-ficam-feridas-em-capotamento-na-ms-454","status":"publish","type":"post","link":"http:\/\/diadianews.com\/index.php\/2026\/09\/02\/idoso-de-78-anos-morre-e-duas-pessoas-ficam-feridas-em-capotamento-na-ms-454\/","title":{"rendered":"Idoso de 78 anos morre e duas pessoas ficam feridas em capotamento na MS-454"},"content":{"rendered":"<div>\n<p class=\"wp-block-paragraph\">V\u00edtimas estavam em uma Toyota Hilux<\/p>\n<p class=\"wp-block-paragraph\">Luciana Brazil \u2013 02\/09\/2026 \u2013 11:0300<\/p>\n<p class=\"wp-block-paragraph\">Din\u00e2mica do acidente ainda n\u00e3o foi divulgada. (Foto: Di\u00e1rio Corumbaense)<\/p>\n<p class=\"wp-block-paragraph\">Um idoso de 78 anos morreu e duas pessoas ficaram feridas na manh\u00e3 desta quarta-feira (2) ap\u00f3s uma Toyota Hilux branca capotar na MS-454, na estrada de terra que d\u00e1 acesso ao Forte Coimbra, em <a href=\"https:\/\/midiamax.com.br\/municipios\/corumba\/\">Corumb\u00e1<\/a>, a 444 quil\u00f4metros de <a href=\"https:\/\/midiamax.com.br\/municipios\/campo-grande\/\">Campo Grande<\/a>. O acidente aconteceu por volta das 6h.<\/p>\n<p class=\"wp-block-paragraph\">At\u00e9 o momento, n\u00e3o h\u00e1 informa\u00e7\u00e3o sobre a din\u00e2mica do acidente, e somente a caminhonete foi encontrada no local. Os nomes das v\u00edtimas ainda n\u00e3o foram divulgados.<\/p>\n<p class=\"wp-block-paragraph\">De acordo com o site <em>Di\u00e1rio Corumbaense<\/em>, o condutor do ve\u00edculo, de 50 anos, teve algumas escoria\u00e7\u00f5es, mas estava consciente no momento do resgate. No banco do passageiro, estava uma v\u00edtima de 65 anos, que foi socorrida com alguns ferimentos.<\/p>\n<p class=\"wp-block-paragraph\">J\u00e1 a terceira v\u00edtima, um homem de 78 anos, estava no banco de tr\u00e1s e morreu no local. O Corpo de Bombeiros atendeu \u00e0 ocorr\u00eancia.<\/p>\n<h2 class=\"wp-block-heading\"><img decoding=\"async\" src=\"https:\/\/s.w.org\/images\/core\/emoji\/17.0.2\/72x72\/1f4ac.png\" alt=\"\ud83d\udcac\" class=\"wp-smiley\" style=\"height: 1em; max-height: 1em;\"> Fale com os jornalistas do Midiamax<\/h2>\n<p class=\"wp-block-paragraph\">Tem alguma <strong>den\u00fancia<\/strong>, <strong>flagrante<\/strong>, <strong>reclama\u00e7\u00e3o<\/strong> ou <strong>sugest\u00e3o<\/strong> de pauta para o <strong>Jornal Midiamax<\/strong>?<\/p>\n<p><img decoding=\"async\" src=\"https:\/\/s.w.org\/images\/core\/emoji\/17.0.2\/72x72\/1f5e3.png\" alt=\"\ud83d\udde3\" class=\"wp-smiley\" style=\"height: 1em; max-height: 1em;\"> Envie direto para nossos jornalistas pelo <a href=\"https:\/\/api.whatsapp.com\/send?phone=5567992074330&amp;text=Digite%20aqui%20sua%20den%C3%BAncia.%20Se%20tiver%20fotos%20e%20v%C3%ADdeo%2C%20envie%20tamb%C3%A9m.\">WhatsApp (67) 99207-4330<\/a>. O sigilo est\u00e1 garantido na lei.<\/p>\n<p class=\"wp-block-paragraph\"><img decoding=\"async\" src=\"https:\/\/s.w.org\/images\/core\/emoji\/17.0.2\/72x72\/2705.png\" alt=\"\u2705\" class=\"wp-smiley\" style=\"height: 1em; max-height: 1em;\"> Clique no nome de qualquer uma das plataformas abaixo para nos encontrar nas redes sociais:<br \/><a href=\"https:\/\/www.instagram.com\/midiamax\/\">Instagram<\/a>, <a href=\"https:\/\/www.facebook.com\/midiamax\">Facebook<\/a>, <a href=\"https:\/\/www.tiktok.com\/@midiamax\">TikTok<\/a>, <a href=\"https:\/\/www.youtube.com\/@jornal.midiamax\">YouTube<\/a>, <a href=\"https:\/\/whatsapp.com\/channel\/0029Va7FGJa9cDDXCIIEOn3d\">WhatsApp<\/a>, <a href=\"https:\/\/bsky.app\/profile\/midiamax.bsky.social\">Bluesky<\/a> e <a href=\"https:\/\/www.threads.net\/@midiamax?hl=pt-br\">Threads<\/a>.<\/p>\n<p class=\"wp-block-paragraph\">(Revis\u00e3o: Nichole Munaro)<\/p>\n<p class=\"wp-block-paragraph\">Midiamax<\/p>\n<p><!-- bloco-portais-jbr --><\/p>\n<div class=\"box-portais-jbr\" style=\"border:1px solid #e0e0e0;padding:16px 18px;margin:24px 0;border-radius:8px;background:#f9f9f9;font-size:0.95rem;\">\n<p style=\"margin:0 0 10px 0;font-weight:600;\">\n        Continue sempre bem informado acessando nossos portais:\n    <\/p>\n<ul style=\"margin:0;padding-left:20px;\">\n<li style=\"margin-bottom:8px;\">\n            <strong><a href=\"https:\/\/jornaldiadia.com.br\/\" target=\"_blank\" rel=\"noopener\" style=\"text-decoration:none;\">Jornal Dia Dia<\/a><\/strong> \u2013<br \/>\n            Sua fonte confi\u00e1vel para as melhores not\u00edcias e artigos \u00fateis. Fique por dentro dos acontecimentos mais importantes, dicas pr\u00e1ticas e conte\u00fados de qualidade.\n        <\/li>\n<li style=\"margin-bottom:8px;\">\n            <strong><a href=\"https:\/\/jbr.jor.br\/\" target=\"_blank\" rel=\"noopener\" style=\"text-decoration:none;\">Jornal Brasil Regional (JBR)<\/a><\/strong> \u2013<br \/>\n            O pulso do pa\u00eds em tempo real. Not\u00edcias nacionais, regionais e internacionais com \u00e9tica e credibilidade.\n        <\/li>\n<li style=\"margin-bottom:8px;\">\n            <strong><a href=\"https:\/\/castilho.jor.br\/\" target=\"_blank\" rel=\"noopener\" style=\"text-decoration:none;\">Castilho Not\u00edcias (News)<\/a><\/strong> \u2013<br \/>\n            O seu di\u00e1rio local com cobertura de Castilho e Regi\u00e3o (SP). Jornalismo com credibilidade.\n        <\/li>\n<li style=\"margin-bottom:8px;\">\n            <strong><a href=\"https:\/\/casaejardim.net.br\/\" target=\"_blank\" rel=\"noopener\" style=\"text-decoration:none;\">Casa e Jardim<\/a><\/strong> \u2013<br \/>\n            Dicas exclusivas sobre decora\u00e7\u00e3o, jardinagem, arquitetura, DIY, reformas e muito mais. Tend\u00eancias, solu\u00e7\u00f5es pr\u00e1ticas e ideias criativas para todos os estilos e or\u00e7amentos.\n        <\/li>\n<li style=\"margin-bottom:0;\">\n            <strong><a href=\"https:\/\/b10.net.br\/\" target=\"_blank\" rel=\"noopener\" style=\"text-decoration:none;\">B10 Brasil<\/a><\/strong> \u2013<br \/>\n            As principais not\u00edcias, an\u00e1lises e insights sobre neg\u00f3cios, economia e soberania nacional. Conectando o Brasil ao mundo com intelig\u00eancia e estrat\u00e9gia.\n        <\/li>\n<\/ul>\n<\/div>\n<p><!-- \/bloco-portais-jbr --><\/div>\n","protected":false},"excerpt":{"rendered":"<p>V\u00edtimas estavam em uma Toyota Hilux Luciana Brazil \u2013 02\/09\/2026 \u2013 11:0300 Din\u00e2mica do acidente ainda n\u00e3o foi divulgada. (Foto: Di\u00e1rio Corumbaense) Um idoso de 78 anos morreu e duas pessoas ficaram feridas na manh\u00e3 desta quarta-feira (2) ap\u00f3s uma Toyota Hilux branca capotar na MS-454, na estrada de terra<span class=\"more-link\"><a href=\"http:\/\/diadianews.com\/index.php\/2026\/09\/02\/idoso-de-78-anos-morre-e-duas-pessoas-ficam-feridas-em-capotamento-na-ms-454\/\">Continue Reading<\/a><\/span><\/p>\n","protected":false},"author":1,"featured_media":8309,"comment_status":"closed","ping_status":"closed","sticky":false,"template":"","format":"standard","meta":{"footnotes":""},"categories":[1],"tags":[],"class_list":["entry","author-valdei","post-8308","post","type-post","status-publish","format-standard","has-post-thumbnail","category-news-do-dia"],"_links":{"self":[{"href":"http:\/\/diadianews.com\/index.php\/wp-json\/wp\/v2\/posts\/8308","targetHints":{"allow":["GET"]}}],"collection":[{"href":"http:\/\/diadianews.com\/index.php\/wp-json\/wp\/v2\/posts"}],"about":[{"href":"http:\/\/diadianews.com\/index.php\/wp-json\/wp\/v2\/types\/post"}],"author":[{"embeddable":true,"href":"http:\/\/diadianews.com\/index.php\/wp-json\/wp\/v2\/users\/1"}],"replies":[{"embeddable":true,"href":"http:\/\/diadianews.com\/index.php\/wp-json\/wp\/v2\/comments?post=8308"}],"version-history":[{"count":0,"href":"http:\/\/diadianews.com\/index.php\/wp-json\/wp\/v2\/posts\/8308\/revisions"}],"wp:featuredmedia":[{"embeddable":true,"href":"http:\/\/diadianews.com\/index.php\/wp-json\/wp\/v2\/media\/8309"}],"wp:attachment":[{"href":"http:\/\/diadianews.com\/index.php\/wp-json\/wp\/v2\/media?parent=8308"}],"wp:term":[{"taxonomy":"category","embeddable":true,"href":"http:\/\/diadianews.com\/index.php\/wp-json\/wp\/v2\/categories?post=8308"},{"taxonomy":"post_tag","embeddable":true,"href":"http:\/\/diadianews.com\/index.php\/wp-json\/wp\/v2\/tags?post=8308"}],"curies":[{"name":"wp","href":"https:\/\/api.w.org\/{rel}","templated":true}]}}