{"id":8312,"date":"2026-09-02T16:58:06","date_gmt":"2026-09-02T19:58:06","guid":{"rendered":"https:\/\/diadianews.com\/index.php\/2026\/09\/02\/justica-suspende-show-de-ana-castela-apos-prefeitura-em-mg-pagar-cache-milionario\/"},"modified":"2026-09-02T16:58:06","modified_gmt":"2026-09-02T19:58:06","slug":"justica-suspende-show-de-ana-castela-apos-prefeitura-em-mg-pagar-cache-milionario","status":"publish","type":"post","link":"http:\/\/diadianews.com\/index.php\/2026\/09\/02\/justica-suspende-show-de-ana-castela-apos-prefeitura-em-mg-pagar-cache-milionario\/","title":{"rendered":"Justi\u00e7a suspende show de Ana Castela ap\u00f3s prefeitura em MG pagar cach\u00ea milion\u00e1rio"},"content":{"rendered":"<div>\n<p class=\"wp-block-paragraph\">Prefeitura de Santa B\u00e1rbara do Tug\u00fario (MG) teria desembolsado quase R$ 2 milh\u00f5es por uma apresenta\u00e7\u00e3o da Boiadeira e mais cinco artistas<\/p>\n<p class=\"wp-block-paragraph\">Matheus Aguiar \u2013 02\/09\/2026 \u2013 12:48 \u2013 Ana Castela. (Reprodu\u00e7\u00e3o, Instagram)<\/p>\n<p class=\"wp-block-paragraph\">A Justi\u00e7a de Minas Gerais suspendeu os recursos destinados \u00e0 contrata\u00e7\u00e3o de seis artistas para a 40\u00aa Festa da Banana, em Santa B\u00e1rbara do Tug\u00fario. Em suma, a prefeitura da cidade teria desembolsado R$ 1,8 milh\u00e3o por shows de Ana Castela, Gustavo Mioto, Muriel Alves, Igor Ferrari, Yuri e Troy e Delino Mar\u00e7al.<\/p>\n<p class=\"wp-block-paragraph\"><strong><img decoding=\"async\" src=\"https:\/\/s.w.org\/images\/core\/emoji\/17.0.2\/72x72\/1f4a3.png\" alt=\"\ud83d\udca3\" class=\"wp-smiley\" style=\"height: 1em; max-height: 1em;\"><a href=\"https:\/\/whatsapp.com\/channel\/0029Vb6NDlGAInPmOTHyxW0U\">Gosta de ler not\u00edcias pol\u00eamicas? Clique aqui e participe de canal no WhatsApp<\/a><img decoding=\"async\" src=\"https:\/\/s.w.org\/images\/core\/emoji\/17.0.2\/72x72\/1f4a3.png\" alt=\"\ud83d\udca3\" class=\"wp-smiley\" style=\"height: 1em; max-height: 1em;\"><\/strong><\/p>\n<p class=\"wp-block-paragraph\">Ali\u00e1s, a decis\u00e3o se deu ap\u00f3s o MPMG (Minist\u00e9rio P\u00fablico de Minas Gerais) mover uma a\u00e7\u00e3o em que questionava o alto gasto p\u00fablico para um evento de uma cidade com 4,2 mil habitantes. De acordo com a Promotoria de Justi\u00e7a de Defesa do Patrim\u00f4nio P\u00fablico de Barbacena, o valor n\u00e3o \u00e9 compat\u00edvel com a realidade financeira do munic\u00edpio. As informa\u00e7\u00f5es s\u00e3o do <em>G1<\/em>.<\/p>\n<p class=\"wp-block-paragraph\">O MPMG aponta que houve um aumento expressivo nos gastos do munic\u00edpio com eventos nos \u00faltimos anos, saltando de R$ 1,6 milh\u00e3o em 2024 para R$ 4,9 milh\u00f5es em 2025. No caso da Festa da Banana, o or\u00e7amento cresceu mais de 300% no per\u00edodo.<\/p>\n<p class=\"wp-block-paragraph\">Diante disso, a prefeitura est\u00e1 proibida de fazer repasse de recursos p\u00fablicos destinados \u00e0s contrata\u00e7\u00f5es art\u00edsticas da festa. Caso contr\u00e1rio, haver\u00e1 uma multa de R$ 200 mil por ato praticado.<\/p>\n<p class=\"wp-block-paragraph\">Al\u00e9m disso, os contratados dever\u00e3o devolver valores j\u00e1 recebidos antecipadamente e est\u00e3o proibidos de realizar os shows. Em caso de descumprimento, a liminar estabelece uma multa correspondente ao valor integral de cada contrato.<\/p>\n<h2 class=\"wp-block-heading\"><img decoding=\"async\" src=\"https:\/\/s.w.org\/images\/core\/emoji\/17.0.2\/72x72\/2705.png\" alt=\"\u2705\" class=\"wp-smiley\" style=\"height: 1em; max-height: 1em;\"> Siga o @midiamax no Instagram<\/h2>\n<p class=\"wp-block-paragraph\">Fique por dentro de tudo que acontece em Mato Grosso do Sul, no Brasil e no mundo! No perfil do @midiamax voc\u00ea encontra <mark><strong>not\u00edcias quentinhas, v\u00eddeos informativos, coberturas em tempo real<\/strong><\/mark> e muito mais! <img decoding=\"async\" src=\"https:\/\/s.w.org\/images\/core\/emoji\/17.0.2\/72x72\/1f4f0.png\" alt=\"\ud83d\udcf0\" class=\"wp-smiley\" style=\"height: 1em; max-height: 1em;\"><\/p>\n<p class=\"wp-block-paragraph\"><img decoding=\"async\" src=\"https:\/\/s.w.org\/images\/core\/emoji\/17.0.2\/72x72\/1f381.png\" alt=\"\ud83c\udf81\" class=\"wp-smiley\" style=\"height: 1em; max-height: 1em;\"> E n\u00e3o para por a\u00ed! Temos sorteios, promo\u00e7\u00f5es e at\u00e9 bastidores exclusivos para voc\u00ea!<\/p>\n<p class=\"wp-block-paragraph\">Midiamax<\/p>\n<p><!-- bloco-portais-jbr --><\/p>\n<div class=\"box-portais-jbr\" style=\"border:1px solid #e0e0e0;padding:16px 18px;margin:24px 0;border-radius:8px;background:#f9f9f9;font-size:0.95rem;\">\n<p style=\"margin:0 0 10px 0;font-weight:600;\">\n        Continue sempre bem informado acessando nossos portais:\n    <\/p>\n<ul style=\"margin:0;padding-left:20px;\">\n<li style=\"margin-bottom:8px;\">\n            <strong><a href=\"https:\/\/jornaldiadia.com.br\/\" target=\"_blank\" rel=\"noopener\" style=\"text-decoration:none;\">Jornal Dia Dia<\/a><\/strong> \u2013<br \/>\n            Sua fonte confi\u00e1vel para as melhores not\u00edcias e artigos \u00fateis. Fique por dentro dos acontecimentos mais importantes, dicas pr\u00e1ticas e conte\u00fados de qualidade.\n        <\/li>\n<li style=\"margin-bottom:8px;\">\n            <strong><a href=\"https:\/\/jbr.jor.br\/\" target=\"_blank\" rel=\"noopener\" style=\"text-decoration:none;\">Jornal Brasil Regional (JBR)<\/a><\/strong> \u2013<br \/>\n            O pulso do pa\u00eds em tempo real. Not\u00edcias nacionais, regionais e internacionais com \u00e9tica e credibilidade.\n        <\/li>\n<li style=\"margin-bottom:8px;\">\n            <strong><a href=\"https:\/\/castilho.jor.br\/\" target=\"_blank\" rel=\"noopener\" style=\"text-decoration:none;\">Castilho Not\u00edcias (News)<\/a><\/strong> \u2013<br \/>\n            O seu di\u00e1rio local com cobertura de Castilho e Regi\u00e3o (SP). Jornalismo com credibilidade.\n        <\/li>\n<li style=\"margin-bottom:8px;\">\n            <strong><a href=\"https:\/\/casaejardim.net.br\/\" target=\"_blank\" rel=\"noopener\" style=\"text-decoration:none;\">Casa e Jardim<\/a><\/strong> \u2013<br \/>\n            Dicas exclusivas sobre decora\u00e7\u00e3o, jardinagem, arquitetura, DIY, reformas e muito mais. Tend\u00eancias, solu\u00e7\u00f5es pr\u00e1ticas e ideias criativas para todos os estilos e or\u00e7amentos.\n        <\/li>\n<li style=\"margin-bottom:0;\">\n            <strong><a href=\"https:\/\/b10.net.br\/\" target=\"_blank\" rel=\"noopener\" style=\"text-decoration:none;\">B10 Brasil<\/a><\/strong> \u2013<br \/>\n            As principais not\u00edcias, an\u00e1lises e insights sobre neg\u00f3cios, economia e soberania nacional. Conectando o Brasil ao mundo com intelig\u00eancia e estrat\u00e9gia.\n        <\/li>\n<\/ul>\n<\/div>\n<p><!-- \/bloco-portais-jbr --><\/div>\n","protected":false},"excerpt":{"rendered":"<p>Prefeitura de Santa B\u00e1rbara do Tug\u00fario (MG) teria desembolsado quase R$ 2 milh\u00f5es por uma apresenta\u00e7\u00e3o da Boiadeira e mais cinco artistas Matheus Aguiar \u2013 02\/09\/2026 \u2013 12:48 \u2013 Ana Castela. (Reprodu\u00e7\u00e3o, Instagram) A Justi\u00e7a de Minas Gerais suspendeu os recursos destinados \u00e0 contrata\u00e7\u00e3o de seis artistas para a 40\u00aa<span class=\"more-link\"><a href=\"http:\/\/diadianews.com\/index.php\/2026\/09\/02\/justica-suspende-show-de-ana-castela-apos-prefeitura-em-mg-pagar-cache-milionario\/\">Continue Reading<\/a><\/span><\/p>\n","protected":false},"author":1,"featured_media":8313,"comment_status":"closed","ping_status":"closed","sticky":false,"template":"","format":"standard","meta":{"footnotes":""},"categories":[1],"tags":[],"class_list":["entry","author-valdei","post-8312","post","type-post","status-publish","format-standard","has-post-thumbnail","category-news-do-dia"],"_links":{"self":[{"href":"http:\/\/diadianews.com\/index.php\/wp-json\/wp\/v2\/posts\/8312","targetHints":{"allow":["GET"]}}],"collection":[{"href":"http:\/\/diadianews.com\/index.php\/wp-json\/wp\/v2\/posts"}],"about":[{"href":"http:\/\/diadianews.com\/index.php\/wp-json\/wp\/v2\/types\/post"}],"author":[{"embeddable":true,"href":"http:\/\/diadianews.com\/index.php\/wp-json\/wp\/v2\/users\/1"}],"replies":[{"embeddable":true,"href":"http:\/\/diadianews.com\/index.php\/wp-json\/wp\/v2\/comments?post=8312"}],"version-history":[{"count":0,"href":"http:\/\/diadianews.com\/index.php\/wp-json\/wp\/v2\/posts\/8312\/revisions"}],"wp:featuredmedia":[{"embeddable":true,"href":"http:\/\/diadianews.com\/index.php\/wp-json\/wp\/v2\/media\/8313"}],"wp:attachment":[{"href":"http:\/\/diadianews.com\/index.php\/wp-json\/wp\/v2\/media?parent=8312"}],"wp:term":[{"taxonomy":"category","embeddable":true,"href":"http:\/\/diadianews.com\/index.php\/wp-json\/wp\/v2\/categories?post=8312"},{"taxonomy":"post_tag","embeddable":true,"href":"http:\/\/diadianews.com\/index.php\/wp-json\/wp\/v2\/tags?post=8312"}],"curies":[{"name":"wp","href":"https:\/\/api.w.org\/{rel}","templated":true}]}}