{"id":8320,"date":"2026-09-02T17:33:40","date_gmt":"2026-09-02T20:33:40","guid":{"rendered":"https:\/\/diadianews.com\/index.php\/2026\/09\/02\/damares-alves-confirma-apoio-do-cnj-em-investigacao-sobre-mortes-na-terra-yanomami\/"},"modified":"2026-09-02T17:33:40","modified_gmt":"2026-09-02T20:33:40","slug":"damares-alves-confirma-apoio-do-cnj-em-investigacao-sobre-mortes-na-terra-yanomami","status":"publish","type":"post","link":"http:\/\/diadianews.com\/index.php\/2026\/09\/02\/damares-alves-confirma-apoio-do-cnj-em-investigacao-sobre-mortes-na-terra-yanomami\/","title":{"rendered":"Damares Alves confirma apoio do CNJ em investiga\u00e7\u00e3o sobre mortes na terra Yanomami"},"content":{"rendered":"<div>\n<p class=\"wp-block-paragraph\">Conselho Nacional de Justi\u00e7a cria grupo de trabalho para acompanhar conflitos na regi\u00e3o. Senadora organiza dilig\u00eancia in loco com participa\u00e7\u00e3o da institui\u00e7\u00e3o.<\/p>\n<p class=\"wp-block-paragraph\">A senadora Damares Alves (Republicanos-DF) anunciou, nesta quarta-feira (2), que o Conselho Nacional de Justi\u00e7a (CNJ) instituiu um grupo de trabalho para monitorar os conflitos e os registros de assassinatos na terra ind\u00edgena ianom\u00e2mi.\u00a0<\/p>\n<p class=\"wp-block-paragraph\">A confirma\u00e7\u00e3o ocorreu durante reuni\u00e3o deliberativa da subcomiss\u00e3o do Senado que trata do tema, ap\u00f3s a parlamentar receber a visita de um conselheiro do \u00f3rg\u00e3o. Representantes do conselho integrar\u00e3o a dilig\u00eancia oficial que inspecionar\u00e1 a regi\u00e3o.\u00a0<\/p>\n<p class=\"wp-block-paragraph\"><strong>Assista v\u00eddeo:<\/strong> <a href=\"https:\/\/click.knewin360.com\/Click\/click\/eyJhbGciOiJIUzI1NiIsInR5cCI6IkpXVCJ9.eyJjYW1wYWlnbklkIjoiNmM3YTViZGQtOTE1OC00ZTkxLTIxYWYtMDhkZjA3NWI1NzVjIiwicGVyc29uSWQiOiI0Zjg4YTQwMC0wMGNkLTRhNzgtODhiYS05YzhlZjllNDRhNjUiLCJlbWFpbCI6ImpyZGlhZGlhQHRlcnJhLmNvbS5iciIsInVybCI6Imh0dHBzOi8vIGh0dHBzOi8vYWJyZS5haS9zRENsIiwiaXNTZWdtZW50YXRpb24iOiJUcnVlIiwibmJmIjoxNzg4MzYyNTg3LCJleHAiOjE3OTA5NTQ1ODcsImlhdCI6MTc4ODM2MjU4N30.ohL-eTdKzM0V-xxyyFbI-8wnBttESd9jCW6Z5M013Cg\" target=\"_blank\" rel=\"noopener\"><strong>https:\/\/abre.ai\/sDCl<\/strong><\/a><\/p>\n<p class=\"wp-block-paragraph\">A atua\u00e7\u00e3o do CNJ atende \u00e0s demandas da subcomiss\u00e3o diante dos relatos de mortes de crian\u00e7as por arma de fogo no territ\u00f3rio. A senadora apontou a exist\u00eancia de conflitos internos entre os ind\u00edgenas e exigiu a identifica\u00e7\u00e3o da origem do armamento em poder de jovens da etnia.\u00a0<\/p>\n<p class=\"wp-block-paragraph\">\u201cN\u00f3s estamos tendo crian\u00e7as morrendo por doen\u00e7a, morrendo por mal\u00e1ria, mas, infelizmente, crian\u00e7as sendo assassinadas na \u00e1rea Yanomami\u201d, afirmou Damares Alves.\u00a0<\/p>\n<p class=\"wp-block-paragraph\">O escopo da investiga\u00e7\u00e3o inclui a identifica\u00e7\u00e3o das fontes de fornecimento de muni\u00e7\u00e3o para a reserva. A parlamentar questionou se o arsenal remanesce de atividades de extra\u00e7\u00e3o desmobilizadas pelo poder p\u00fablico.\u00a0<\/p>\n<p class=\"wp-block-paragraph\">\u201cN\u00f3s queremos entender de onde vieram as armas. H\u00e1 a heran\u00e7a do garimpo? E quando expulsaram o garimpo n\u00e3o levaram as armas, ent\u00e3o? Outra coisa: e a muni\u00e7\u00e3o? A arma pode existir, mas quem est\u00e1 dando muni\u00e7\u00e3o?\u201d, questionou a senadora.\u00a0<\/p>\n<p class=\"wp-block-paragraph\">A comitiva liderada por Damares Alves ter\u00e1 tamb\u00e9m a presen\u00e7a de um t\u00e9cnico da Advocacia-Geral da Uni\u00e3o (AGU). A inclus\u00e3o do servidor resulta de um pedido da senadora acatado pelo ministro Jorge Messias, em reuni\u00e3o sobre as a\u00e7\u00f5es da subcomiss\u00e3o.\u00a0<\/p>\n<p class=\"wp-block-paragraph\">Para o transporte da equipe, a parlamentar solicitou uma aeronave da For\u00e7a A\u00e9rea Brasileira (FAB) e garantiu a execu\u00e7\u00e3o da vistoria no local. \u201cSe n\u00e3o pudermos pousar l\u00e1 na pista, a gente vai pular de paraquedas. Mas n\u00f3s vamos \u00e0 \u00e1rea Yanomami\u201d, disse a parlamentar.\u00a0<\/p>\n<p class=\"wp-block-paragraph\"><em>Foto: Rafael Foga\u00e7a \/ Ascom SDA<\/em><\/p>\n<p class=\"wp-block-paragraph\">Assessoria de Comunica\u00e7\u00e3o<br \/>Senadora Damares Alves<br \/>Email: <a href=\"mailto:imprensa.damaresalves@senado.leg.br\" target=\"_blank\" rel=\"noopener\">imprensa.damaresalves@senado.leg.br<\/a><\/p>\n<p class=\"wp-block-paragraph\">Comiss\u00e3o de Direitos Humanos do Senado<\/p>\n<p class=\"wp-block-paragraph\">\n<p><!-- bloco-portais-jbr --><\/p>\n<div class=\"box-portais-jbr\" style=\"border:1px solid #e0e0e0;padding:16px 18px;margin:24px 0;border-radius:8px;background:#f9f9f9;font-size:0.95rem;\">\n<p style=\"margin:0 0 10px 0;font-weight:600;\">\n        Continue sempre bem informado acessando nossos portais:\n    <\/p>\n<ul style=\"margin:0;padding-left:20px;\">\n<li style=\"margin-bottom:8px;\">\n            <strong><a href=\"https:\/\/jornaldiadia.com.br\/\" target=\"_blank\" rel=\"noopener\" style=\"text-decoration:none;\">Jornal Dia Dia<\/a><\/strong> \u2013<br \/>\n            Sua fonte confi\u00e1vel para as melhores not\u00edcias e artigos \u00fateis. Fique por dentro dos acontecimentos mais importantes, dicas pr\u00e1ticas e conte\u00fados de qualidade.\n        <\/li>\n<li style=\"margin-bottom:8px;\">\n            <strong><a href=\"https:\/\/jbr.jor.br\/\" target=\"_blank\" rel=\"noopener\" style=\"text-decoration:none;\">Jornal Brasil Regional (JBR)<\/a><\/strong> \u2013<br \/>\n            O pulso do pa\u00eds em tempo real. Not\u00edcias nacionais, regionais e internacionais com \u00e9tica e credibilidade.\n        <\/li>\n<li style=\"margin-bottom:8px;\">\n            <strong><a href=\"https:\/\/castilho.jor.br\/\" target=\"_blank\" rel=\"noopener\" style=\"text-decoration:none;\">Castilho Not\u00edcias (News)<\/a><\/strong> \u2013<br \/>\n            O seu di\u00e1rio local com cobertura de Castilho e Regi\u00e3o (SP). Jornalismo com credibilidade.\n        <\/li>\n<li style=\"margin-bottom:8px;\">\n            <strong><a href=\"https:\/\/casaejardim.net.br\/\" target=\"_blank\" rel=\"noopener\" style=\"text-decoration:none;\">Casa e Jardim<\/a><\/strong> \u2013<br \/>\n            Dicas exclusivas sobre decora\u00e7\u00e3o, jardinagem, arquitetura, DIY, reformas e muito mais. Tend\u00eancias, solu\u00e7\u00f5es pr\u00e1ticas e ideias criativas para todos os estilos e or\u00e7amentos.\n        <\/li>\n<li style=\"margin-bottom:0;\">\n            <strong><a href=\"https:\/\/b10.net.br\/\" target=\"_blank\" rel=\"noopener\" style=\"text-decoration:none;\">B10 Brasil<\/a><\/strong> \u2013<br \/>\n            As principais not\u00edcias, an\u00e1lises e insights sobre neg\u00f3cios, economia e soberania nacional. Conectando o Brasil ao mundo com intelig\u00eancia e estrat\u00e9gia.\n        <\/li>\n<\/ul>\n<\/div>\n<p><!-- \/bloco-portais-jbr --><\/div>\n","protected":false},"excerpt":{"rendered":"<p>Conselho Nacional de Justi\u00e7a cria grupo de trabalho para acompanhar conflitos na regi\u00e3o. Senadora organiza dilig\u00eancia in loco com participa\u00e7\u00e3o da institui\u00e7\u00e3o. A senadora Damares Alves (Republicanos-DF) anunciou, nesta quarta-feira (2), que o Conselho Nacional de Justi\u00e7a (CNJ) instituiu um grupo de trabalho para monitorar os conflitos e os registros<span class=\"more-link\"><a href=\"http:\/\/diadianews.com\/index.php\/2026\/09\/02\/damares-alves-confirma-apoio-do-cnj-em-investigacao-sobre-mortes-na-terra-yanomami\/\">Continue Reading<\/a><\/span><\/p>\n","protected":false},"author":1,"featured_media":8321,"comment_status":"closed","ping_status":"closed","sticky":false,"template":"","format":"standard","meta":{"footnotes":""},"categories":[1],"tags":[],"class_list":["entry","author-valdei","post-8320","post","type-post","status-publish","format-standard","has-post-thumbnail","category-news-do-dia"],"_links":{"self":[{"href":"http:\/\/diadianews.com\/index.php\/wp-json\/wp\/v2\/posts\/8320","targetHints":{"allow":["GET"]}}],"collection":[{"href":"http:\/\/diadianews.com\/index.php\/wp-json\/wp\/v2\/posts"}],"about":[{"href":"http:\/\/diadianews.com\/index.php\/wp-json\/wp\/v2\/types\/post"}],"author":[{"embeddable":true,"href":"http:\/\/diadianews.com\/index.php\/wp-json\/wp\/v2\/users\/1"}],"replies":[{"embeddable":true,"href":"http:\/\/diadianews.com\/index.php\/wp-json\/wp\/v2\/comments?post=8320"}],"version-history":[{"count":0,"href":"http:\/\/diadianews.com\/index.php\/wp-json\/wp\/v2\/posts\/8320\/revisions"}],"wp:featuredmedia":[{"embeddable":true,"href":"http:\/\/diadianews.com\/index.php\/wp-json\/wp\/v2\/media\/8321"}],"wp:attachment":[{"href":"http:\/\/diadianews.com\/index.php\/wp-json\/wp\/v2\/media?parent=8320"}],"wp:term":[{"taxonomy":"category","embeddable":true,"href":"http:\/\/diadianews.com\/index.php\/wp-json\/wp\/v2\/categories?post=8320"},{"taxonomy":"post_tag","embeddable":true,"href":"http:\/\/diadianews.com\/index.php\/wp-json\/wp\/v2\/tags?post=8320"}],"curies":[{"name":"wp","href":"https:\/\/api.w.org\/{rel}","templated":true}]}}