{"id":8322,"date":"2026-09-02T17:38:04","date_gmt":"2026-09-02T20:38:04","guid":{"rendered":"http:\/\/diadianews.com\/index.php\/2026\/09\/02\/prf-reforca-fiscalizacoes-durante-feriado-de-independencia-em-ms\/"},"modified":"2026-09-02T17:38:04","modified_gmt":"2026-09-02T20:38:04","slug":"prf-reforca-fiscalizacoes-durante-feriado-de-independencia-em-ms","status":"publish","type":"post","link":"http:\/\/diadianews.com\/index.php\/2026\/09\/02\/prf-reforca-fiscalizacoes-durante-feriado-de-independencia-em-ms\/","title":{"rendered":"PRF refor\u00e7a fiscaliza\u00e7\u00f5es durante feriado de Independ\u00eancia em MS"},"content":{"rendered":"<div>\n<p class=\"wp-block-paragraph\">Foto: Arquivo\/Ilustra\u00e7\u00e3o<\/p>\n<p class=\"wp-block-paragraph\">A PRF (Pol\u00edcia Rodovi\u00e1ria Federal) inicia na sexta-feira (4) a Opera\u00e7\u00e3o Independ\u00eancia 2026 em Mato Grosso do Sul. A a\u00e7\u00e3o segue at\u00e9 a segunda-feira (7).<\/p>\n<p class=\"wp-block-paragraph\">Com o aumento no fluxo de ve\u00edculos esperado para o per\u00edodo, as equipes da PRF estar\u00e3o posicionadas em trechos estrat\u00e9gicos. A fiscaliza\u00e7\u00e3o ter\u00e1 como foco condutas de alto risco ao volante, tais como:<\/p>\n<p class=\"wp-block-paragraph\">Ultrapassagens proibidas ou indevidas<br \/>Excesso de velocidade<br \/>Condu\u00e7\u00e3o sob efeito de \u00e1lcool<br \/>N\u00e3o uso do cinto de seguran\u00e7a e da cadeirinha infantil<\/p>\n<p class=\"wp-block-paragraph\">Restri\u00e7\u00e3o de tr\u00e1fego<\/p>\n<p class=\"wp-block-paragraph\">N\u00e3o haver\u00e1 restri\u00e7\u00e3o de tr\u00e1fego nas rodovias federais em Mato Grosso do Sul.<\/p>\n<p class=\"wp-block-paragraph\">Al\u00e9m da fiscaliza\u00e7\u00e3o vi\u00e1ria, a PRF manter\u00e1 a\u00e7\u00f5es voltadas ao combate \u00e0 criminalidade, atuando no enfrentamento ao tr\u00e1fico de drogas, de armas e de outros il\u00edcitos.<\/p>\n<p class=\"wp-block-paragraph\">Recomenda\u00e7\u00f5es aos Motoristas<\/p>\n<p class=\"wp-block-paragraph\">Para garantir uma viagem segura, a PRF orienta os condutores a adotarem atitudes preventivas antes e durante o deslocamento:<\/p>\n<p class=\"wp-block-paragraph\">Revis\u00e3o Veicular: Checar pneus, freios, sistema de ilumina\u00e7\u00e3o e n\u00edveis de \u00f3leo e \u00e1gua.<\/p>\n<p class=\"wp-block-paragraph\">Documenta\u00e7\u00e3o: Verificar se a documenta\u00e7\u00e3o do ve\u00edculo e do condutor est\u00e1 em dia.<\/p>\n<p class=\"wp-block-paragraph\">Planejamento: Programar paradas para descanso a cada duas horas de viagem e evitar dirigir fatigado.<\/p>\n<p class=\"wp-block-paragraph\">Condi\u00e7\u00f5es Clim\u00e1ticas: Reduzir a velocidade e aumentar a dist\u00e2ncia de seguran\u00e7a em caso de chuva ou neblina.<\/p>\n<p class=\"wp-block-paragraph\">Em casos de emerg\u00eancia, ligue para a PRF no n\u00famero 191!<\/p>\n<p><!-- bloco-portais-jbr --><\/p>\n<div class=\"box-portais-jbr\" style=\"border:1px solid #e0e0e0;padding:16px 18px;margin:24px 0;border-radius:8px;background:#f9f9f9;font-size:0.95rem;\">\n<p style=\"margin:0 0 10px 0;font-weight:600;\">\n        Continue sempre bem informado acessando nossos portais:\n    <\/p>\n<ul style=\"margin:0;padding-left:20px;\">\n<li style=\"margin-bottom:8px;\">\n            <strong><a href=\"https:\/\/jornaldiadia.com.br\/\" target=\"_blank\" rel=\"noopener\" style=\"text-decoration:none;\">Jornal Dia Dia<\/a><\/strong> \u2013<br \/>\n            Sua fonte confi\u00e1vel para as melhores not\u00edcias e artigos \u00fateis. Fique por dentro dos acontecimentos mais importantes, dicas pr\u00e1ticas e conte\u00fados de qualidade.\n        <\/li>\n<li style=\"margin-bottom:8px;\">\n            <strong><a href=\"https:\/\/jbr.jor.br\/\" target=\"_blank\" rel=\"noopener\" style=\"text-decoration:none;\">Jornal Brasil Regional (JBR)<\/a><\/strong> \u2013<br \/>\n            O pulso do pa\u00eds em tempo real. Not\u00edcias nacionais, regionais e internacionais com \u00e9tica e credibilidade.\n        <\/li>\n<li style=\"margin-bottom:8px;\">\n            <strong><a href=\"https:\/\/castilho.jor.br\/\" target=\"_blank\" rel=\"noopener\" style=\"text-decoration:none;\">Castilho Not\u00edcias (News)<\/a><\/strong> \u2013<br \/>\n            O seu di\u00e1rio local com cobertura de Castilho e Regi\u00e3o (SP). Jornalismo com credibilidade.\n        <\/li>\n<li style=\"margin-bottom:8px;\">\n            <strong><a href=\"https:\/\/casaejardim.net.br\/\" target=\"_blank\" rel=\"noopener\" style=\"text-decoration:none;\">Casa e Jardim<\/a><\/strong> \u2013<br \/>\n            Dicas exclusivas sobre decora\u00e7\u00e3o, jardinagem, arquitetura, DIY, reformas e muito mais. Tend\u00eancias, solu\u00e7\u00f5es pr\u00e1ticas e ideias criativas para todos os estilos e or\u00e7amentos.\n        <\/li>\n<li style=\"margin-bottom:0;\">\n            <strong><a href=\"https:\/\/b10.net.br\/\" target=\"_blank\" rel=\"noopener\" style=\"text-decoration:none;\">B10 Brasil<\/a><\/strong> \u2013<br \/>\n            As principais not\u00edcias, an\u00e1lises e insights sobre neg\u00f3cios, economia e soberania nacional. Conectando o Brasil ao mundo com intelig\u00eancia e estrat\u00e9gia.\n        <\/li>\n<\/ul>\n<\/div>\n<p><!-- \/bloco-portais-jbr --><\/div>\n","protected":false},"excerpt":{"rendered":"<p>Foto: Arquivo\/Ilustra\u00e7\u00e3o A PRF (Pol\u00edcia Rodovi\u00e1ria Federal) inicia na sexta-feira (4) a Opera\u00e7\u00e3o Independ\u00eancia 2026 em Mato Grosso do Sul. A a\u00e7\u00e3o segue at\u00e9 a segunda-feira (7). Com o aumento no fluxo de ve\u00edculos esperado para o per\u00edodo, as equipes da PRF estar\u00e3o posicionadas em trechos estrat\u00e9gicos. A fiscaliza\u00e7\u00e3o ter\u00e1<span class=\"more-link\"><a href=\"http:\/\/diadianews.com\/index.php\/2026\/09\/02\/prf-reforca-fiscalizacoes-durante-feriado-de-independencia-em-ms\/\">Continue Reading<\/a><\/span><\/p>\n","protected":false},"author":1,"featured_media":8323,"comment_status":"closed","ping_status":"closed","sticky":false,"template":"","format":"standard","meta":{"footnotes":""},"categories":[1],"tags":[],"class_list":["entry","author-valdei","post-8322","post","type-post","status-publish","format-standard","has-post-thumbnail","category-news-do-dia"],"_links":{"self":[{"href":"http:\/\/diadianews.com\/index.php\/wp-json\/wp\/v2\/posts\/8322","targetHints":{"allow":["GET"]}}],"collection":[{"href":"http:\/\/diadianews.com\/index.php\/wp-json\/wp\/v2\/posts"}],"about":[{"href":"http:\/\/diadianews.com\/index.php\/wp-json\/wp\/v2\/types\/post"}],"author":[{"embeddable":true,"href":"http:\/\/diadianews.com\/index.php\/wp-json\/wp\/v2\/users\/1"}],"replies":[{"embeddable":true,"href":"http:\/\/diadianews.com\/index.php\/wp-json\/wp\/v2\/comments?post=8322"}],"version-history":[{"count":0,"href":"http:\/\/diadianews.com\/index.php\/wp-json\/wp\/v2\/posts\/8322\/revisions"}],"wp:featuredmedia":[{"embeddable":true,"href":"http:\/\/diadianews.com\/index.php\/wp-json\/wp\/v2\/media\/8323"}],"wp:attachment":[{"href":"http:\/\/diadianews.com\/index.php\/wp-json\/wp\/v2\/media?parent=8322"}],"wp:term":[{"taxonomy":"category","embeddable":true,"href":"http:\/\/diadianews.com\/index.php\/wp-json\/wp\/v2\/categories?post=8322"},{"taxonomy":"post_tag","embeddable":true,"href":"http:\/\/diadianews.com\/index.php\/wp-json\/wp\/v2\/tags?post=8322"}],"curies":[{"name":"wp","href":"https:\/\/api.w.org\/{rel}","templated":true}]}}