{"id":8342,"date":"2026-09-02T18:28:06","date_gmt":"2026-09-02T21:28:06","guid":{"rendered":"https:\/\/diadianews.com\/index.php\/2026\/09\/02\/presidente-da-fiems-defende-amplo-debate-sobre-proposta-que-altera-escala-de-trabalho-6x1\/"},"modified":"2026-09-02T18:28:06","modified_gmt":"2026-09-02T21:28:06","slug":"presidente-da-fiems-defende-amplo-debate-sobre-proposta-que-altera-escala-de-trabalho-6x1","status":"publish","type":"post","link":"http:\/\/diadianews.com\/index.php\/2026\/09\/02\/presidente-da-fiems-defende-amplo-debate-sobre-proposta-que-altera-escala-de-trabalho-6x1\/","title":{"rendered":"Presidente da Fiems defende amplo debate sobre proposta que altera escala de trabalho 6\u00d71"},"content":{"rendered":"<div>\n<p class=\"wp-block-paragraph\"><em>S\u00e9rgio Longen avalia que mudan\u00e7as nas regras de contrata\u00e7\u00e3o e jornada exigem discuss\u00e3o aprofundada com trabalhadores, empres\u00e1rios e setores produtivos<\/em><\/p>\n<p class=\"wp-block-paragraph\"><strong>Conte\u00fado para imprensa:<\/strong> Sonora com o presidente da Fiems, S\u00e9rgio Longen, sobre a vota\u00e7\u00e3o no Senado que prev\u00ea o fim da escala de trabalho 6\u00d71 (<strong><a href=\"https:\/\/sesims-my.sharepoint.com\/:v:\/g\/personal\/helder_dias_sfiems_com_br\/IQBrNYkR7LWkTIb3MAGRjlxIAUborRji1iPgLAyCt5Zsp4s?e=ukPXe6\" target=\"_blank\" rel=\"noopener\">v\u00eddeo<\/a><\/strong> | <strong><a href=\"https:\/\/sesims-my.sharepoint.com\/:u:\/g\/personal\/helder_dias_sfiems_com_br\/IQAlFiR6yMzhQ6ghcq_6SBEXARjnQJGNwai1gQf8gg6eut8?e=LxxpiA\" target=\"_blank\" rel=\"noopener\">\u00e1udio<\/a><\/strong>)<\/p>\n<p>A vota\u00e7\u00e3o da proposta que prev\u00ea o fim da escala de trabalho 6\u00d71, aprovada nesta quarta-feira (02\/09) pela Comiss\u00e3o de Constitui\u00e7\u00e3o e Justi\u00e7a (CCJ) do Senado Federal, reacendeu o debate sobre as rela\u00e7\u00f5es de trabalho no Brasil. <\/p>\n<p class=\"wp-block-paragraph\">Para o presidente da Federa\u00e7\u00e3o das Ind\u00fastrias do Estado de Mato Grosso do Sul (Fiems), S\u00e9rgio Longen, qualquer altera\u00e7\u00e3o que impacte a jornada de trabalho e os modelos de contrata\u00e7\u00e3o deve ser precedida de uma discuss\u00e3o ampla com todos os segmentos envolvidos. <\/p>\n<p class=\"wp-block-paragraph\">Segundo Longen, a principal preocupa\u00e7\u00e3o do setor produtivo \u00e9 a falta de um debate mais aprofundado sobre os impactos econ\u00f4micos e sociais da proposta. <\/p>\n<p class=\"wp-block-paragraph\">\u201cEsse projeto da escala 6\u00d71 nos preocupa pelo pequeno debate que tivemos oportunidade de participar. Qualquer projeto que envolve o trabalho precisaria de um amplo debate. Isso passa por a\u00e7\u00f5es nos estados, nas regi\u00f5es, com os setores da economia, com trabalhadores e empres\u00e1rios\u201d, afirmou. <\/p>\n<p class=\"wp-block-paragraph\"><strong><a href=\"https:\/\/whatsapp.com\/channel\/0029VbCHFj01CYoSFGewlJ0o\" target=\"_blank\" rel=\"noopener\">Siga o canal da Fiems no WhatsApp para mais not\u00edcias<\/a><\/strong> <\/p>\n<p class=\"wp-block-paragraph\">Ele tamb\u00e9m defende maior clareza no di\u00e1logo com a popula\u00e7\u00e3o sobre as consequ\u00eancias pr\u00e1ticas de mudan\u00e7as na legisla\u00e7\u00e3o trabalhista. <\/p>\n<p class=\"wp-block-paragraph\">Para ele, \u00e9 importante que trabalhadores e empregadores compreendam os impactos que uma eventual redu\u00e7\u00e3o da jornada poder\u00e1 gerar para a atividade econ\u00f4mica e para o mercado de trabalho. <\/p>\n<p class=\"wp-block-paragraph\">\u201cO discurso f\u00e1cil \u00e9 de que o trabalhador vai trabalhar menos e ganhar a mesma coisa. Isso \u00e9 imposs\u00edvel. Esses custos ser\u00e3o transferidos de alguma forma\u201d, destacou.<\/p>\n<p class=\"wp-block-paragraph\">Para o presidente da Fiems, o momento escolhido para a tramita\u00e7\u00e3o da proposta tamb\u00e9m merece reflex\u00e3o. Ele alerta que novas exig\u00eancias podem resultar em aumento de custos para empresas e para a sociedade. <\/p>\n<p class=\"wp-block-paragraph\">\u201c\u00c9 um momento inoportuno. A pol\u00edtica est\u00e1 se sobrepondo a esse assunto, e n\u00f3s vamos ter mais um custo sendo transferido para a sociedade, engessando ainda mais a contrata\u00e7\u00e3o do trabalho no Brasil\u201d, concluiu. <\/p>\n<p class=\"wp-block-paragraph\">A proposta reduz a jornada semanal de trabalho e amplia o per\u00edodo de descanso remunerado. <\/p>\n<p class=\"wp-block-paragraph\">Aprovado na comiss\u00e3o, o texto segue para vota\u00e7\u00e3o no plen\u00e1rio da Casa.<\/p>\n<p><em><br \/>Fale com a equipe de comunica\u00e7\u00e3o da Fiems:<\/em> <em>\u00a0<\/em> <a href=\"http:\/\/sugestaodepauta@sfiems.com.br\/\" target=\"_blank\" rel=\"noopener\"><em>sugestaodepauta@sfiems.com.br<\/em><\/a><\/p>\n<figure class=\"wp-block-image size-full\"><img loading=\"lazy\" decoding=\"async\" width=\"88\" height=\"40\" src=\"https:\/\/jornaldiadia.com.br\/wp-content\/uploads\/sloganfiems-2.png\" alt=\"\" class=\"wp-image-72675\"><\/figure>\n<p><!-- bloco-portais-jbr --><\/p>\n<div class=\"box-portais-jbr\" style=\"border:1px solid #e0e0e0;padding:16px 18px;margin:24px 0;border-radius:8px;background:#f9f9f9;font-size:0.95rem;\">\n<p style=\"margin:0 0 10px 0;font-weight:600;\">\n        Continue sempre bem informado acessando nossos portais:\n    <\/p>\n<ul style=\"margin:0;padding-left:20px;\">\n<li style=\"margin-bottom:8px;\">\n            <strong><a href=\"https:\/\/jornaldiadia.com.br\/\" target=\"_blank\" rel=\"noopener\" style=\"text-decoration:none;\">Jornal Dia Dia<\/a><\/strong> \u2013<br \/>\n            Sua fonte confi\u00e1vel para as melhores not\u00edcias e artigos \u00fateis. Fique por dentro dos acontecimentos mais importantes, dicas pr\u00e1ticas e conte\u00fados de qualidade.\n        <\/li>\n<li style=\"margin-bottom:8px;\">\n            <strong><a href=\"https:\/\/jbr.jor.br\/\" target=\"_blank\" rel=\"noopener\" style=\"text-decoration:none;\">Jornal Brasil Regional (JBR)<\/a><\/strong> \u2013<br \/>\n            O pulso do pa\u00eds em tempo real. Not\u00edcias nacionais, regionais e internacionais com \u00e9tica e credibilidade.\n        <\/li>\n<li style=\"margin-bottom:8px;\">\n            <strong><a href=\"https:\/\/castilho.jor.br\/\" target=\"_blank\" rel=\"noopener\" style=\"text-decoration:none;\">Castilho Not\u00edcias (News)<\/a><\/strong> \u2013<br \/>\n            O seu di\u00e1rio local com cobertura de Castilho e Regi\u00e3o (SP). Jornalismo com credibilidade.\n        <\/li>\n<li style=\"margin-bottom:8px;\">\n            <strong><a href=\"https:\/\/casaejardim.net.br\/\" target=\"_blank\" rel=\"noopener\" style=\"text-decoration:none;\">Casa e Jardim<\/a><\/strong> \u2013<br \/>\n            Dicas exclusivas sobre decora\u00e7\u00e3o, jardinagem, arquitetura, DIY, reformas e muito mais. Tend\u00eancias, solu\u00e7\u00f5es pr\u00e1ticas e ideias criativas para todos os estilos e or\u00e7amentos.\n        <\/li>\n<li style=\"margin-bottom:0;\">\n            <strong><a href=\"https:\/\/b10.net.br\/\" target=\"_blank\" rel=\"noopener\" style=\"text-decoration:none;\">B10 Brasil<\/a><\/strong> \u2013<br \/>\n            As principais not\u00edcias, an\u00e1lises e insights sobre neg\u00f3cios, economia e soberania nacional. Conectando o Brasil ao mundo com intelig\u00eancia e estrat\u00e9gia.\n        <\/li>\n<\/ul>\n<\/div>\n<p><!-- \/bloco-portais-jbr --><\/div>\n","protected":false},"excerpt":{"rendered":"<p>S\u00e9rgio Longen avalia que mudan\u00e7as nas regras de contrata\u00e7\u00e3o e jornada exigem discuss\u00e3o aprofundada com trabalhadores, empres\u00e1rios e setores produtivos Conte\u00fado para imprensa: Sonora com o presidente da Fiems, S\u00e9rgio Longen, sobre a vota\u00e7\u00e3o no Senado que prev\u00ea o fim da escala de trabalho 6\u00d71 (v\u00eddeo | \u00e1udio) A vota\u00e7\u00e3o<span class=\"more-link\"><a href=\"http:\/\/diadianews.com\/index.php\/2026\/09\/02\/presidente-da-fiems-defende-amplo-debate-sobre-proposta-que-altera-escala-de-trabalho-6x1\/\">Continue Reading<\/a><\/span><\/p>\n","protected":false},"author":1,"featured_media":8343,"comment_status":"closed","ping_status":"closed","sticky":false,"template":"","format":"standard","meta":{"footnotes":""},"categories":[1],"tags":[],"class_list":["entry","author-valdei","post-8342","post","type-post","status-publish","format-standard","has-post-thumbnail","category-news-do-dia"],"_links":{"self":[{"href":"http:\/\/diadianews.com\/index.php\/wp-json\/wp\/v2\/posts\/8342","targetHints":{"allow":["GET"]}}],"collection":[{"href":"http:\/\/diadianews.com\/index.php\/wp-json\/wp\/v2\/posts"}],"about":[{"href":"http:\/\/diadianews.com\/index.php\/wp-json\/wp\/v2\/types\/post"}],"author":[{"embeddable":true,"href":"http:\/\/diadianews.com\/index.php\/wp-json\/wp\/v2\/users\/1"}],"replies":[{"embeddable":true,"href":"http:\/\/diadianews.com\/index.php\/wp-json\/wp\/v2\/comments?post=8342"}],"version-history":[{"count":0,"href":"http:\/\/diadianews.com\/index.php\/wp-json\/wp\/v2\/posts\/8342\/revisions"}],"wp:featuredmedia":[{"embeddable":true,"href":"http:\/\/diadianews.com\/index.php\/wp-json\/wp\/v2\/media\/8343"}],"wp:attachment":[{"href":"http:\/\/diadianews.com\/index.php\/wp-json\/wp\/v2\/media?parent=8342"}],"wp:term":[{"taxonomy":"category","embeddable":true,"href":"http:\/\/diadianews.com\/index.php\/wp-json\/wp\/v2\/categories?post=8342"},{"taxonomy":"post_tag","embeddable":true,"href":"http:\/\/diadianews.com\/index.php\/wp-json\/wp\/v2\/tags?post=8342"}],"curies":[{"name":"wp","href":"https:\/\/api.w.org\/{rel}","templated":true}]}}