{"id":8344,"date":"2026-09-02T18:33:12","date_gmt":"2026-09-02T21:33:12","guid":{"rendered":"https:\/\/diadianews.com\/index.php\/2026\/09\/02\/agenda-eduardo-riedel-quinta-feira-3-de-setembro\/"},"modified":"2026-09-02T18:33:12","modified_gmt":"2026-09-02T21:33:12","slug":"agenda-eduardo-riedel-quinta-feira-3-de-setembro","status":"publish","type":"post","link":"http:\/\/diadianews.com\/index.php\/2026\/09\/02\/agenda-eduardo-riedel-quinta-feira-3-de-setembro\/","title":{"rendered":"Agenda Eduardo Riedel Quinta-feira (3 de setembro)"},"content":{"rendered":"<div>\n<p class=\"wp-block-paragraph\">Agenda do candidato Eduardo Riedel (Progressistas) nesta <strong>quinta-feira (3)<\/strong>:<\/p>\n<ul class=\"wp-block-list\">\n<li><strong>7h30:<\/strong> Entrevista na R\u00e1dio Tropical FM, do munic\u00edpio de Ang\u00e9lica;<\/li>\n<li><strong>8h:<\/strong> Reuni\u00e3o pol\u00edtica no Sindicato Rural de Ang\u00e9lica;<\/li>\n<li><strong>9h:<\/strong> Entrevista na R\u00e1dio Massa FM 96.5, do munic\u00edpio de Ivinhema;<\/li>\n<li><strong>9h30:<\/strong> Caminhada no munic\u00edpio de Ivinhema;<\/li>\n<li><strong>10h30:<\/strong> Entrevista na R\u00e1dio JFM, no munic\u00edpio de Deod\u00e1polis;<\/li>\n<li><strong>11h:<\/strong> Adesiva\u00e7o no munic\u00edpio de Deod\u00e1polis;<\/li>\n<li><strong>15h30:<\/strong> Carreata no munic\u00edpio de Bataypor\u00e3;<\/li>\n<li><strong>17h30:<\/strong> Reuni\u00e3o pol\u00edtica no munic\u00edpio de Nova Andradina;<\/li>\n<li><strong>19h30:<\/strong> Visita com apoiadores \u00e0 41\u00aa EXPONAN (Exposi\u00e7\u00e3o Agropecu\u00e1ria de Nova Andradina).<\/li>\n<\/ul>\n<p class=\"wp-block-paragraph\"><strong>Assessoria de imprensa | Eduardo Riedel<\/strong><\/p>\n<p class=\"wp-block-paragraph\"><strong>E-mail:<\/strong> <a href=\"mailto:imprensa@eduardoriedel.com.br\" target=\"_blank\" rel=\"noopener\">imprensa@eduardoriedel.com.br<\/a><br \/><strong>Site:<\/strong> <a href=\"https:\/\/us.list-manage.com\/15ruJVgolka?e=9c14c0fc16&amp;c2id=fac6353f4302012b696fd5837fa654d2\" target=\"_blank\" rel=\"noopener\">www.eduardoriedel.com.br<\/a><\/p>\n<p class=\"wp-block-paragraph\"><strong>Grupo de WhatsApp:<\/strong> <a href=\"https:\/\/us.list-manage.com\/4aFM0ppNcqu?e=9c14c0fc16&amp;c2id=fac6353f4302012b696fd5837fa654d2\" target=\"_blank\" rel=\"noopener\">Clique aqui e entre no grupo para receber as informa\u00e7\u00f5es no seu telefone<\/a>.<strong><\/strong><\/p>\n<figure class=\"wp-block-image size-full\"><img loading=\"lazy\" decoding=\"async\" width=\"218\" height=\"141\" src=\"https:\/\/jornaldiadia.com.br\/wp-content\/uploads\/image-9712.webp\" alt=\"\" class=\"wp-image-83349\"><\/figure>\n<p class=\"wp-block-paragraph\">\n<p><!-- bloco-portais-jbr --><\/p>\n<div class=\"box-portais-jbr\" style=\"border:1px solid #e0e0e0;padding:16px 18px;margin:24px 0;border-radius:8px;background:#f9f9f9;font-size:0.95rem;\">\n<p style=\"margin:0 0 10px 0;font-weight:600;\">\n        Continue sempre bem informado acessando nossos portais:\n    <\/p>\n<ul style=\"margin:0;padding-left:20px;\">\n<li style=\"margin-bottom:8px;\">\n            <strong><a href=\"https:\/\/jornaldiadia.com.br\/\" target=\"_blank\" rel=\"noopener\" style=\"text-decoration:none;\">Jornal Dia Dia<\/a><\/strong> \u2013<br \/>\n            Sua fonte confi\u00e1vel para as melhores not\u00edcias e artigos \u00fateis. Fique por dentro dos acontecimentos mais importantes, dicas pr\u00e1ticas e conte\u00fados de qualidade.\n        <\/li>\n<li style=\"margin-bottom:8px;\">\n            <strong><a href=\"https:\/\/jbr.jor.br\/\" target=\"_blank\" rel=\"noopener\" style=\"text-decoration:none;\">Jornal Brasil Regional (JBR)<\/a><\/strong> \u2013<br \/>\n            O pulso do pa\u00eds em tempo real. Not\u00edcias nacionais, regionais e internacionais com \u00e9tica e credibilidade.\n        <\/li>\n<li style=\"margin-bottom:8px;\">\n            <strong><a href=\"https:\/\/castilho.jor.br\/\" target=\"_blank\" rel=\"noopener\" style=\"text-decoration:none;\">Castilho Not\u00edcias (News)<\/a><\/strong> \u2013<br \/>\n            O seu di\u00e1rio local com cobertura de Castilho e Regi\u00e3o (SP). Jornalismo com credibilidade.\n        <\/li>\n<li style=\"margin-bottom:8px;\">\n            <strong><a href=\"https:\/\/casaejardim.net.br\/\" target=\"_blank\" rel=\"noopener\" style=\"text-decoration:none;\">Casa e Jardim<\/a><\/strong> \u2013<br \/>\n            Dicas exclusivas sobre decora\u00e7\u00e3o, jardinagem, arquitetura, DIY, reformas e muito mais. Tend\u00eancias, solu\u00e7\u00f5es pr\u00e1ticas e ideias criativas para todos os estilos e or\u00e7amentos.\n        <\/li>\n<li style=\"margin-bottom:0;\">\n            <strong><a href=\"https:\/\/b10.net.br\/\" target=\"_blank\" rel=\"noopener\" style=\"text-decoration:none;\">B10 Brasil<\/a><\/strong> \u2013<br \/>\n            As principais not\u00edcias, an\u00e1lises e insights sobre neg\u00f3cios, economia e soberania nacional. Conectando o Brasil ao mundo com intelig\u00eancia e estrat\u00e9gia.\n        <\/li>\n<\/ul>\n<\/div>\n<p><!-- \/bloco-portais-jbr --><\/div>\n","protected":false},"excerpt":{"rendered":"<p>Agenda do candidato Eduardo Riedel (Progressistas) nesta quinta-feira (3): 7h30: Entrevista na R\u00e1dio Tropical FM, do munic\u00edpio de Ang\u00e9lica; 8h: Reuni\u00e3o pol\u00edtica no Sindicato Rural de Ang\u00e9lica; 9h: Entrevista na R\u00e1dio Massa FM 96.5, do munic\u00edpio de Ivinhema; 9h30: Caminhada no munic\u00edpio de Ivinhema; 10h30: Entrevista na R\u00e1dio JFM, no<span class=\"more-link\"><a href=\"http:\/\/diadianews.com\/index.php\/2026\/09\/02\/agenda-eduardo-riedel-quinta-feira-3-de-setembro\/\">Continue Reading<\/a><\/span><\/p>\n","protected":false},"author":1,"featured_media":8345,"comment_status":"closed","ping_status":"closed","sticky":false,"template":"","format":"standard","meta":{"footnotes":""},"categories":[1],"tags":[],"class_list":["entry","author-valdei","post-8344","post","type-post","status-publish","format-standard","has-post-thumbnail","category-news-do-dia"],"_links":{"self":[{"href":"http:\/\/diadianews.com\/index.php\/wp-json\/wp\/v2\/posts\/8344","targetHints":{"allow":["GET"]}}],"collection":[{"href":"http:\/\/diadianews.com\/index.php\/wp-json\/wp\/v2\/posts"}],"about":[{"href":"http:\/\/diadianews.com\/index.php\/wp-json\/wp\/v2\/types\/post"}],"author":[{"embeddable":true,"href":"http:\/\/diadianews.com\/index.php\/wp-json\/wp\/v2\/users\/1"}],"replies":[{"embeddable":true,"href":"http:\/\/diadianews.com\/index.php\/wp-json\/wp\/v2\/comments?post=8344"}],"version-history":[{"count":0,"href":"http:\/\/diadianews.com\/index.php\/wp-json\/wp\/v2\/posts\/8344\/revisions"}],"wp:featuredmedia":[{"embeddable":true,"href":"http:\/\/diadianews.com\/index.php\/wp-json\/wp\/v2\/media\/8345"}],"wp:attachment":[{"href":"http:\/\/diadianews.com\/index.php\/wp-json\/wp\/v2\/media?parent=8344"}],"wp:term":[{"taxonomy":"category","embeddable":true,"href":"http:\/\/diadianews.com\/index.php\/wp-json\/wp\/v2\/categories?post=8344"},{"taxonomy":"post_tag","embeddable":true,"href":"http:\/\/diadianews.com\/index.php\/wp-json\/wp\/v2\/tags?post=8344"}],"curies":[{"name":"wp","href":"https:\/\/api.w.org\/{rel}","templated":true}]}}