{"id":8346,"date":"2026-09-02T18:38:11","date_gmt":"2026-09-02T21:38:11","guid":{"rendered":"https:\/\/diadianews.com\/index.php\/2026\/09\/02\/governo-federal-detalha-acoes-de-prevencao-e-resposta-aos-efeitos-do-el-nino\/"},"modified":"2026-09-02T18:38:11","modified_gmt":"2026-09-02T21:38:11","slug":"governo-federal-detalha-acoes-de-prevencao-e-resposta-aos-efeitos-do-el-nino","status":"publish","type":"post","link":"http:\/\/diadianews.com\/index.php\/2026\/09\/02\/governo-federal-detalha-acoes-de-prevencao-e-resposta-aos-efeitos-do-el-nino\/","title":{"rendered":"Governo Federal detalha a\u00e7\u00f5es de preven\u00e7\u00e3o e resposta aos efeitos do El Ni\u00f1o"},"content":{"rendered":"<div>\n<figure class=\"wp-block-image size-large\"><img loading=\"lazy\" decoding=\"async\" width=\"1024\" height=\"264\" src=\"https:\/\/jornaldiadia.com.br\/wp-content\/uploads\/image-9785-1024x264.webp\" alt=\"\" class=\"wp-image-84265\" srcset=\"https:\/\/jornaldiadia.com.br\/wp-content\/uploads\/image-9785-1024x264.webp 1024w, https:\/\/jornaldiadia.com.br\/wp-content\/uploads\/image-9785-300x77.webp 300w, https:\/\/jornaldiadia.com.br\/wp-content\/uploads\/image-9785-768x198.webp 768w, https:\/\/jornaldiadia.com.br\/wp-content\/uploads\/image-9785-465x120.webp 465w, https:\/\/jornaldiadia.com.br\/wp-content\/uploads\/image-9785-695x179.webp 695w, https:\/\/jornaldiadia.com.br\/wp-content\/uploads\/image-9785.webp 1279w\" sizes=\"auto, (max-width: 1024px) 100vw, 1024px\"><\/figure>\n<p class=\"wp-block-paragraph\"><em>Ministros apresentaram medidas de preven\u00e7\u00e3o para as diferentes regi\u00f5es do pa\u00eds e destacaram a import\u00e2ncia da dissemina\u00e7\u00e3o de informa\u00e7\u00f5es corretas e baseadas na ci\u00eancia<\/em><\/p>\n<p class=\"wp-block-paragraph\">Henrique Raynal | CC<\/p>\n<p class=\"wp-block-paragraph\">Os diferentes cen\u00e1rios de prepara\u00e7\u00e3o para os poss\u00edveis efeitos do El Ni\u00f1o em cada regi\u00e3o do pa\u00eds foram detalhados nesta quarta-feira, 2 de setembro, pelo Governo Federal, durante entrevista coletiva com ve\u00edculos de imprensa regionais. A agenda ocorre na sequ\u00eancia das reuni\u00f5es dos \u201cDi\u00e1logos Federativos \u2013 Emerg\u00eancias Clim\u00e1ticas 2026\/2027\u201d, realizadas com gestores estaduais e municipais para apresentar as medidas de prepara\u00e7\u00e3o e resposta adotadas pela Uni\u00e3o e os instrumentos dispon\u00edveis para a atua\u00e7\u00e3o conjunta entre os diferentes entes federados.<\/p>\n<p>As quest\u00f5es de jornalistas de diferentes estados foram respondidas pela ministra da Casa Civil, Miriam Belchior; pelo ministro do Meio Ambiente e Mudan\u00e7a do Clima, Jo\u00e3o Paulo Capobianco; e pelo ministro da Integra\u00e7\u00e3o e do Desenvolvimento Regional em exerc\u00edcio, Valder Ribeiro de Moura.<\/p>\n<p>A ministra da Casa Civil destacou o papel da imprensa na orienta\u00e7\u00e3o da sociedade sobre os riscos e as medidas de preven\u00e7\u00e3o relacionados aos eventos do El Ni\u00f1o e aos efeitos da mudan\u00e7a clim\u00e1tica. Segundo ela, o Governo Federal conta com o apoio dos meios de comunica\u00e7\u00e3o para disseminar informa\u00e7\u00f5es de utilidade p\u00fablica e orientar a popula\u00e7\u00e3o sobre como se preparar e reagir a esses fen\u00f4menos. A ministra ressaltou ainda que o enfrentamento aos impactos clim\u00e1ticos envolve a\u00e7\u00f5es baseadas em ci\u00eancia, planejamento e coordena\u00e7\u00e3o, al\u00e9m de exigir esfor\u00e7o conjunto da sociedade.<\/p>\n<p>Miriam Belchior tamb\u00e9m apontou que os poss\u00edveis impactos do fen\u00f4meno variam de acordo com as caracter\u00edsticas de cada regi\u00e3o, uma vez que o El Ni\u00f1o n\u00e3o afeta todo o territ\u00f3rio brasileiro de maneira semelhante. Como exemplo, salientou, que na Amaz\u00f4nia, h\u00e1 risco de seca e inc\u00eandios; no Nordeste o atraso das chuvas pode ter impacto sobre a produ\u00e7\u00e3o agr\u00edcola do \u201cMatopiba\u201d, na \u00e1rea do Cerrado; no Centro-Oeste tamb\u00e9m h\u00e1 poss\u00edvel amea\u00e7a \u00e0s lavouras com queimadas; no Sudeste, com ondas de calor e inc\u00eandios; e no Sul, com excesso de chuvas.<\/p>\n<p><strong>CENTRO-OESTE<\/strong> \u2014 O ministro Jo\u00e3o Paulo Capobianco respondeu aos jornalistas sobre as a\u00e7\u00f5es de preven\u00e7\u00e3o aos inc\u00eandios no Centro-Oeste. Uma das medidas centrais para a regi\u00e3o foi o apoio fi nanceiro para prepara\u00e7\u00e3o de equipes estaduais como os Corpos de Bombeiros. O ministro afi rmou que foram realizadas reuni\u00f5es com os comandantes das Pol\u00edcias Militares, uma estrat\u00e9gia muito importante para que eles auxiliem na orienta\u00e7\u00e3o e tamb\u00e9m na a\u00e7\u00e3o coercitiva, ao identifi car pessoas usando fogo de forma irregular.<\/p>\n<p>Com recursos do Fundo Amaz\u00f4nia, foram destinados R$ 521 milh\u00f5es para a\u00e7\u00f5es de preven\u00e7\u00e3o e combate a inc\u00eandios na Amaz\u00f4nia, no Cerrado e no Pantanal. Os recursos permitiram a aquisi\u00e7\u00e3o de 500 ve\u00edculos e 33.800 equipamentos de uso individual, al\u00e9m da reforma de 30 bases operacionais.<\/p>\n<p>Na seguran\u00e7a h\u00eddrica, est\u00e3o previstos R$ 50,5 milh\u00f5es para o Centro-Oeste. Para a preven\u00e7\u00e3o de desastres provocados por chuvas intensas, est\u00e3o previstos R$ 248,4 milh\u00f5es para obras estruturantes.<\/p>\n<p><strong>SUL<\/strong> \u2014 Na Regi\u00e3o Sul, os poss\u00edveis impactos associados ao El Ni\u00f1o incluem excesso de chuvas, com risco de enchentes e deslizamentos. O ministro Valder Ribeiro de Moura apresentou as a\u00e7\u00f5es de acompanhamento e prepara\u00e7\u00e3o realizadas junto aos \u00f3rg\u00e3os estaduais de Defesa Civil. De acordo com ele, o Governo Federal atua, tamb\u00e9m, no \u00e2mbito da resposta, por meio de ajuda humanit\u00e1ria, socorro imediato e recupera\u00e7\u00e3o e reconstru\u00e7\u00e3o de obras. Foram destinados recursos da ordem de R$ 30 milh\u00f5es para planos de combate \u00e0s inunda\u00e7\u00f5es ao longo do tempo.<\/p>\n<p>Ainda est\u00e3o previstos R$ 8,8 bilh\u00f5es para obras de preven\u00e7\u00e3o de desastres nos tr\u00eas estados da regi\u00e3o, incluindo interven\u00e7\u00f5es de conten\u00e7\u00e3o de encostas e drenagem urbana.<\/p>\n<p><strong>NORDESTE<\/strong> \u2014 No Nordeste, entre os pontos de aten\u00e7\u00e3o est\u00e3o a disponibilidade de \u00e1gua e os poss\u00edveis impactos sobre a produ\u00e7\u00e3o e o abastecimento de alimentos. Segundo Miriam Belchior, os monitoramentos indicam que os principais reservat\u00f3rios da regi\u00e3o se encontram em situa\u00e7\u00e3o confort\u00e1vel, em compara\u00e7\u00e3o com outros per\u00edodos. A ministra citou ainda empreendimentos voltados \u00e0 seguran\u00e7a h\u00eddrica, como o Projeto de Integra\u00e7\u00e3o do Rio S\u00e3o Francisco (PISF).<\/p>\n<p>O Nordeste ter\u00e1 cerca de R$ 10 bilh\u00f5es voltados \u00e0 constru\u00e7\u00e3o de 2.800 quil\u00f4metros de canais e adutoras; novos reservat\u00f3rios que v\u00e3o acrescer 2,2 milh\u00f5es de metros c\u00fabicos de \u00e1gua; al\u00e9m da recupera\u00e7\u00e3o de 162 barragens e de 172 mil cisternas.<\/p>\n<p>As interven\u00e7\u00f5es de integra\u00e7\u00e3o e expans\u00e3o do PISF incluem os ramais do Apodi e do Salgado, o Cintur\u00e3o das \u00c1guas, a amplia\u00e7\u00e3o do bombeamento do Eixo Norte e a Adutora do Agreste. O conjunto prev\u00ea R$ 4,8 bilh\u00f5es em investimentos e alcan\u00e7a cerca de 12 milh\u00f5es de pessoas. Em situa\u00e7\u00f5es emergenciais de escassez de \u00e1gua, a Opera\u00e7\u00e3o Carro-Pipa \u00e9 utilizada para o abastecimento de comunidades atendidas pelo programa. A opera\u00e7\u00e3o j\u00e1 recebeu R$ 2,1 bilh\u00f5es e atende, em m\u00e9dia, 1,6 milh\u00e3o de pessoas por m\u00eas.<\/p>\n<p><strong>NORTE<\/strong> \u2014 Durante entrevista, foi destacado que, para a Regi\u00e3o Norte, est\u00e1 sendo antecipado a entrega de \u00e1gua e alimento nos munic\u00edpios em que se encontram comunidades isoladas, para que esse material j\u00e1 esteja mais pr\u00f3ximo das \u00e1reas onde h\u00e1 maior risco e para que os estados e munic\u00edpios fa\u00e7am essa distribui\u00e7\u00e3o para as fam\u00edlias mais vulner\u00e1veis. Al\u00e9m disso, o Governo Federal possui um conjunto de aeronaves j\u00e1 pr\u00e9-contratadas, que podem ser acionadas para complementar esse atendimento j\u00e1 previsto at\u00e9 esse momento.<\/p>\n<p>Al\u00e9m das 160 mil cestas de alimentos j\u00e1 antecipadas, outras 350 mil cestas devem ser destinadas a povos ind\u00edgenas, quilombolas, ribeirinhos, extrativistas, pescadores artesanais e agricultores familiares.<\/p>\n<p>Na seguran\u00e7a h\u00eddrica, o Novo PAC e o Fundo Amaz\u00f4nia preveem R$ 582 milh\u00f5es para a Regi\u00e3o Norte, sendo R$ 181 milh\u00f5es para a\u00e7\u00f5es de \u00e1gua rural, R$ 330 milh\u00f5es para a implanta\u00e7\u00e3o de 10.671 sistemas sanit\u00e1rios e R$ 55 milh\u00f5es para solu\u00e7\u00f5es de acesso \u00e0 \u00e1gua em aldeias ind\u00edgenas.<\/p>\n<p><strong>SUDESTE<\/strong> \u2014 No Sudeste, os impactos previstos incluem a ocorr\u00eancia de ondas de calor e atraso nas chuvas. Na \u00e1rea da sa\u00fade, o Governo Federal prev\u00ea a descentraliza\u00e7\u00e3o da For\u00e7a Nacional do SUS (ForSUS), com a cria\u00e7\u00e3o de uma base regional no Rio de Janeiro. A estrutura dever\u00e1 apoiar o atendimento em situa\u00e7\u00f5es de emerg\u00eancia e desastres.<\/p>\n<p>Tamb\u00e9m est\u00e1 prevista a cria\u00e7\u00e3o do Centro de Informa\u00e7\u00e3o em Sa\u00fade e Clima (CISC) em Belo Horizonte (MG). A estrutura re\u00fane dados e an\u00e1lises sobre impactos epidemiol\u00f3gicos e monitora eventos como ondas de calor, chuvas intensas, inunda\u00e7\u00f5es, estiagens, secas e inc\u00eandios florestais, para subsidiar a atua\u00e7\u00e3o do SUS.<\/p>\n<p>Para a preven\u00e7\u00e3o de desastres, o Novo PAC prev\u00ea R$ 8,7 bilh\u00f5es para a regi\u00e3o, sendo R$6,7 bilh\u00f5es para drenagem urbana e R$ 2 bilh\u00f5es para conten\u00e7\u00e3o de encostas.<br \/>\u00a0 <em><strong>Fonte:<\/strong> Secretaria de Comunica\u00e7\u00e3o Social da Presid\u00eancia da Rep\u00fablica<\/em>\u00a0 \u00a0 <strong>CONTATOS:<\/strong><br \/><strong>ATENDIMENTO<\/strong><br \/>E-mail: <a href=\"mailto:secom.imprensa@presidencia.gov.br\" target=\"_blank\" rel=\"noopener\">secom.imprensa@presidencia.gov.br<\/a>\u00a0<br \/>Tel.: (61) 3411-1601\/1044<\/p>\n<p><strong>FOTOGRAFIA<\/strong><br \/>E-mail: <a href=\"mailto:seaud.secom@presidencia.gov.br\" target=\"_blank\" rel=\"noopener\">seaud.secom@presidencia.gov.br<\/a><br \/>Tel.: (61) 98100-1993 (apenas por mensagem via WhatsApp)<\/p>\n<p><!-- bloco-portais-jbr --><\/p>\n<div class=\"box-portais-jbr\" style=\"border:1px solid #e0e0e0;padding:16px 18px;margin:24px 0;border-radius:8px;background:#f9f9f9;font-size:0.95rem;\">\n<p style=\"margin:0 0 10px 0;font-weight:600;\">\n        Continue sempre bem informado acessando nossos portais:\n    <\/p>\n<ul style=\"margin:0;padding-left:20px;\">\n<li style=\"margin-bottom:8px;\">\n            <strong><a href=\"https:\/\/jornaldiadia.com.br\/\" target=\"_blank\" rel=\"noopener\" style=\"text-decoration:none;\">Jornal Dia Dia<\/a><\/strong> \u2013<br \/>\n            Sua fonte confi\u00e1vel para as melhores not\u00edcias e artigos \u00fateis. Fique por dentro dos acontecimentos mais importantes, dicas pr\u00e1ticas e conte\u00fados de qualidade.\n        <\/li>\n<li style=\"margin-bottom:8px;\">\n            <strong><a href=\"https:\/\/jbr.jor.br\/\" target=\"_blank\" rel=\"noopener\" style=\"text-decoration:none;\">Jornal Brasil Regional (JBR)<\/a><\/strong> \u2013<br \/>\n            O pulso do pa\u00eds em tempo real. Not\u00edcias nacionais, regionais e internacionais com \u00e9tica e credibilidade.\n        <\/li>\n<li style=\"margin-bottom:8px;\">\n            <strong><a href=\"https:\/\/castilho.jor.br\/\" target=\"_blank\" rel=\"noopener\" style=\"text-decoration:none;\">Castilho Not\u00edcias (News)<\/a><\/strong> \u2013<br \/>\n            O seu di\u00e1rio local com cobertura de Castilho e Regi\u00e3o (SP). Jornalismo com credibilidade.\n        <\/li>\n<li style=\"margin-bottom:8px;\">\n            <strong><a href=\"https:\/\/casaejardim.net.br\/\" target=\"_blank\" rel=\"noopener\" style=\"text-decoration:none;\">Casa e Jardim<\/a><\/strong> \u2013<br \/>\n            Dicas exclusivas sobre decora\u00e7\u00e3o, jardinagem, arquitetura, DIY, reformas e muito mais. Tend\u00eancias, solu\u00e7\u00f5es pr\u00e1ticas e ideias criativas para todos os estilos e or\u00e7amentos.\n        <\/li>\n<li style=\"margin-bottom:0;\">\n            <strong><a href=\"https:\/\/b10.net.br\/\" target=\"_blank\" rel=\"noopener\" style=\"text-decoration:none;\">B10 Brasil<\/a><\/strong> \u2013<br \/>\n            As principais not\u00edcias, an\u00e1lises e insights sobre neg\u00f3cios, economia e soberania nacional. Conectando o Brasil ao mundo com intelig\u00eancia e estrat\u00e9gia.\n        <\/li>\n<\/ul>\n<\/div>\n<p><!-- \/bloco-portais-jbr --><\/div>\n","protected":false},"excerpt":{"rendered":"<p>Ministros apresentaram medidas de preven\u00e7\u00e3o para as diferentes regi\u00f5es do pa\u00eds e destacaram a import\u00e2ncia da dissemina\u00e7\u00e3o de informa\u00e7\u00f5es corretas e baseadas na ci\u00eancia Henrique Raynal | CC Os diferentes cen\u00e1rios de prepara\u00e7\u00e3o para os poss\u00edveis efeitos do El Ni\u00f1o em cada regi\u00e3o do pa\u00eds foram detalhados nesta quarta-feira, 2<span class=\"more-link\"><a href=\"http:\/\/diadianews.com\/index.php\/2026\/09\/02\/governo-federal-detalha-acoes-de-prevencao-e-resposta-aos-efeitos-do-el-nino\/\">Continue Reading<\/a><\/span><\/p>\n","protected":false},"author":1,"featured_media":8347,"comment_status":"closed","ping_status":"closed","sticky":false,"template":"","format":"standard","meta":{"footnotes":""},"categories":[1],"tags":[],"class_list":["entry","author-valdei","post-8346","post","type-post","status-publish","format-standard","has-post-thumbnail","category-news-do-dia"],"_links":{"self":[{"href":"http:\/\/diadianews.com\/index.php\/wp-json\/wp\/v2\/posts\/8346","targetHints":{"allow":["GET"]}}],"collection":[{"href":"http:\/\/diadianews.com\/index.php\/wp-json\/wp\/v2\/posts"}],"about":[{"href":"http:\/\/diadianews.com\/index.php\/wp-json\/wp\/v2\/types\/post"}],"author":[{"embeddable":true,"href":"http:\/\/diadianews.com\/index.php\/wp-json\/wp\/v2\/users\/1"}],"replies":[{"embeddable":true,"href":"http:\/\/diadianews.com\/index.php\/wp-json\/wp\/v2\/comments?post=8346"}],"version-history":[{"count":0,"href":"http:\/\/diadianews.com\/index.php\/wp-json\/wp\/v2\/posts\/8346\/revisions"}],"wp:featuredmedia":[{"embeddable":true,"href":"http:\/\/diadianews.com\/index.php\/wp-json\/wp\/v2\/media\/8347"}],"wp:attachment":[{"href":"http:\/\/diadianews.com\/index.php\/wp-json\/wp\/v2\/media?parent=8346"}],"wp:term":[{"taxonomy":"category","embeddable":true,"href":"http:\/\/diadianews.com\/index.php\/wp-json\/wp\/v2\/categories?post=8346"},{"taxonomy":"post_tag","embeddable":true,"href":"http:\/\/diadianews.com\/index.php\/wp-json\/wp\/v2\/tags?post=8346"}],"curies":[{"name":"wp","href":"https:\/\/api.w.org\/{rel}","templated":true}]}}