{"id":8366,"date":"2026-09-02T21:08:05","date_gmt":"2026-09-03T00:08:05","guid":{"rendered":"https:\/\/diadianews.com\/index.php\/2026\/09\/02\/gracindo-jr-ator-e-diretor-que-participou-da-inauguracao-da-tv-globo-morre-no-rio-aos-83-anos\/"},"modified":"2026-09-02T21:08:05","modified_gmt":"2026-09-03T00:08:05","slug":"gracindo-jr-ator-e-diretor-que-participou-da-inauguracao-da-tv-globo-morre-no-rio-aos-83-anos","status":"publish","type":"post","link":"http:\/\/diadianews.com\/index.php\/2026\/09\/02\/gracindo-jr-ator-e-diretor-que-participou-da-inauguracao-da-tv-globo-morre-no-rio-aos-83-anos\/","title":{"rendered":"Gracindo Jr., ator e diretor que participou da inaugura\u00e7\u00e3o da TV Globo, morre no Rio aos 83 anos"},"content":{"rendered":"<div>\n<h2 class=\"wp-block-heading\">Ele atuou em novelas e programas que fizeram hist\u00f3ria na emissora e era filho de outro ator consagrado, Paulo Gracindo.<\/h2>\n<figure class=\"wp-block-image size-full\"><\/figure>\n<p class=\"wp-block-paragraph\">Gracindo Jr. \u2014 Foto: Acervo\/ TV Globo<\/p>\n<p class=\"wp-block-paragraph\">Por <a href=\"https:\/\/g1.globo.com\/autores\/marco-antonio-canosa\/\">Marco Ant\u00f4nio Canosa<\/a>, TV Globo<\/p>\n<p class=\"wp-block-paragraph\">02\/09\/2026 08h38 Atualizado h\u00e1 7 horas<\/p>\n<p class=\"wp-block-paragraph\">O ator e diretor <strong>Gracindo Jr<\/strong>. morreu na noite desta ter\u00e7a-feira (1\u00ba) em casa, no <a class=\"\" href=\"https:\/\/g1.globo.com\/rj\/rio-de-janeiro\/cidade\/rio-de-janeiro\/\">Rio de Janeiro<\/a>. Ele tinha 83 anos, dos quais <strong>mais de 50 anos foram dedicados \u00e0 arte<\/strong> no teatro, r\u00e1dio e cinema \u2014 e participou da inaugura\u00e7\u00e3o da Globo, em 1965.<\/p>\n<p class=\"wp-block-paragraph\">A informa\u00e7\u00e3o do falecimento foi confirmada por Pedro Gracindo, filho do artista. A morte ocorreu por causas naturais.<\/p>\n<ul class=\"wp-block-list\">\n<li><strong>Leia mais:<\/strong> <a href=\"https:\/\/g1.globo.com\/fantastico\/noticia\/2026\/09\/02\/gracindo-junior-dirigiu-e-apresentou-primeiros-videoclipes-do-fantastico-nos-anos-1980.ghtml?mrfhud=true\" class=\"\">Gracindo Jr. dirigiu e apresentou primeiros videoclipes do Fant\u00e1stico<\/a><\/li>\n<li><a href=\"https:\/\/g1.globo.com\/pop-arte\/cinema\/noticia\/2026\/09\/02\/gracindo-jr-participou-da-inauguracao-da-globo-atuou-com-o-pai-e-dirigiu-os-trapalhoes.ghtml\" class=\"\">Gracindo Jr. atuou com o pai em novela e dirigiu \u2018Os Trapalh\u00f5es\u2019<\/a><\/li>\n<li><a href=\"https:\/\/g1.globo.com\/rj\/rio-de-janeiro\/noticia\/2026\/09\/02\/famosos-lamentam-morte-de-gracindo-jr.ghtml\" class=\"\">Famosos lamentam a morte de Gracindo Jr.; veja repercuss\u00e3o<\/a><\/li>\n<\/ul>\n<p class=\"wp-block-paragraph\">O vel\u00f3rio, aberto ao p\u00fablico, est\u00e1 previsto para esta quinta-feira (3), no Cremat\u00f3rio e Cemit\u00e9rio da Penit\u00eancia, a partir das 12h10. A crema\u00e7\u00e3o foi marcada para as 14h10.<\/p>\n<p class=\"wp-block-paragraph\">Em 1959, aos 15 anos, Gracindo Jr. fez um teste para trabalhar na R\u00e1dio Nacional, onde o pai j\u00e1 fazia sucesso como gal\u00e3 de radionovelas e apresentador de programas de audit\u00f3rio.<\/p>\n<p class=\"wp-block-paragraph\">O filho foi aprovado e foi ator, redator e disc-j\u00f3quei na emissora.<\/p>\n<p class=\"wp-block-paragraph\">Em 1961, em paralelo \u00e0s fun\u00e7\u00f5es na r\u00e1dio, estreou no teatro na pe\u00e7a \u201cA Escada\u201d, de Oswald de Andrade.<\/p>\n<figure class=\"wp-block-image\"><img decoding=\"async\" src=\"https:\/\/s2-g1.glbimg.com\/23HhwLAb0UwefDeaxx7IgkFB5ZA=\/0x0:984x757\/984x0\/smart\/filters:strip_icc()\/i.s3.glbimg.com\/v1\/AUTH_59edd422c0c84a879bd37670ae4f538a\/internal_photos\/bs\/2026\/z\/4\/LEWyjGSImUADhKQ77l8w\/fundo-mem-c3-b3ria-2-36-1-.webp\" alt=\"Gracindo Jr. em depoimento ao Mem\u00f3ria Globo. \u2014 Foto: Foto: Frame de v\u00eddeo\/Mem\u00f3ria Globo\"><\/figure>\n<p class=\"wp-block-paragraph\">Gracindo Jr. em depoimento ao Mem\u00f3ria Globo. \u2014 Foto: Foto: Frame de v\u00eddeo\/Mem\u00f3ria Globo<\/p>\n<h2 class=\"wp-block-heading\">Pioneiro da Globo<\/h2>\n<p class=\"wp-block-paragraph\">Em 1965, foi inaugurada a TV Globo. <a class=\"\" href=\"https:\/\/memoriaglobo.globo.com\/perfil\/gracindo-jr\/noticia\/gracindo-jr.ghtml\">Em entrevista ao Mem\u00f3ria Globo<\/a>, o ator disse: \u201cEu entrei no in\u00edcio da TV Globo. Ela estreia em abril de 1965, em dezembro de 1964 eu j\u00e1 estava contratado\u201d.<\/p>\n<p class=\"wp-block-paragraph\">Ele deixa <strong>5 filhos<\/strong>, <strong>7 netos<\/strong> e a esposa, <strong>Daisy Poli<\/strong>, com quem estava havia mais de 50 anos.<\/p>\n<p class=\"wp-block-paragraph\"><img decoding=\"async\" src=\"https:\/\/s.w.org\/images\/core\/emoji\/17.0.2\/72x72\/1f4f1.png\" alt=\"\ud83d\udcf1\" class=\"wp-smiley\" style=\"height: 1em; max-height: 1em;\"><a class=\"\" href=\"https:\/\/www.google.com\/preferences\/source?q=https:\/\/g1.globo.com\/\" target=\"_blank\" rel=\"noopener\"><strong>Favorite o g1 no Google e acompanhe as principais not\u00edcias do dia<\/strong><\/a><\/p>\n<figure class=\"wp-block-image\"><img decoding=\"async\" src=\"https:\/\/s2-g1.glbimg.com\/GLKC72SB9cGL0GN1eRdTRrBLwpY=\/0x0:1200x673\/984x0\/smart\/filters:strip_icc()\/i.s3.glbimg.com\/v1\/AUTH_59edd422c0c84a879bd37670ae4f538a\/internal_photos\/bs\/2026\/9\/f\/urb3NmT6KZfIqFsxZ0Rg\/g1-gracindo-jr1.jpg\" alt=\"Gracindo Jr. \u2014 Foto: Acervo\/ TV Globo\"><\/figure>\n<p class=\"wp-block-paragraph\">Gracindo Jr. \u2014 Foto: Acervo\/ TV Globo<\/p>\n<h2 class=\"wp-block-heading\">Filho de Paulo Gracindo<\/h2>\n<p class=\"wp-block-paragraph\"><strong>Epaminondas Xavier Gracindo<\/strong> nasceu no Rio de Janeiro, em 21 de maio de 1943, filho de outro ator consagrado, <strong>Paulo Gracindo<\/strong> (1911-1995).<\/p>\n<p class=\"wp-block-paragraph\">Embora tenha cursado Psicologia, nunca exerceu a profiss\u00e3o, optando por se dedicar integralmente \u00e0 arte.<\/p>\n<figure class=\"wp-block-image\"><img decoding=\"async\" src=\"https:\/\/s01.video.glbimg.com\/x240\/14923276.jpg\" alt=\"Gracindo Jr., ator e diretor que participou da inaugura\u00e7\u00e3o da TV Globo, morre no Rio aos 83 anos\" title=\"Gracindo Jr., ator e diretor que participou da inaugura\u00e7\u00e3o da TV Globo, morre no Rio aos 83 anos\"><\/figure>\n<p class=\"wp-block-paragraph\">Gracindo Jr., ator e diretor que participou da inaugura\u00e7\u00e3o da TV Globo, morre no Rio aos 83 anos<\/p>\n<p class=\"wp-block-paragraph\">Gracindo Jr. integrou o 1\u00ba elenco da emissora e participou de v\u00e1rias novelas dessa fase inicial, como \u201cRosinha do Sobrado\u201d (1965), \u201cPadre Ti\u00e3o\u201d (1966), \u201cA Rainha Louca\u201d (1967), \u201cA Pr\u00f3xima Atra\u00e7\u00e3o\u201d (1970) e \u201cOs Ossos do Bar\u00e3o\u201d (1973) \u2014 quando contracenou com Paulo Gracindo.<\/p>\n<p class=\"wp-block-paragraph\">Pai e filho voltaram a dividir o set em \u201cO Bem Amado\u201d (1973), de Dias Gomes, e em \u201cO Casar\u00e3o\u201d (1976), de Lauro C\u00e9sar Muniz, quando interpretaram as vers\u00f5es jovem e idosa de Jo\u00e3o Maciel, protagonista da trama \u2014 o 1\u00ba grande papel de Gracindo Jr.<\/p>\n<p class=\"wp-block-paragraph\">\u201cO que eu mais aprendi com o meu pai foi responsabilidade no meu trabalho, estima pelo meu trabalho, saber que meu trabalho \u00e9 uma coisa muito importante\u201d, declarou.<\/p>\n<p class=\"wp-block-paragraph\">\u201cMeu pai trabalhou por 65 anos, e nunca me lembro dele n\u00e3o tendo feito sucesso, em qualquer \u00e1rea de comunica\u00e7\u00e3o. Foi um homem que passou em r\u00e1dio, em circo, em televis\u00e3o, em cinema, em tudo ele foi sucesso\u201d, prosseguiu.<\/p>\n<p class=\"wp-block-paragraph\">\u201cA lembran\u00e7a que eu tenho dele \u00e9 dessa pessoa delicada, dessa pessoa amiga, solid\u00e1ria e que seu maior amor era o seu trabalho. Se o trabalho dele estivesse bem-feito, ele estava feliz na vida.\u201d<\/p>\n<p class=\"wp-block-paragraph\">G1<\/p>\n<p class=\"wp-block-paragraph\"><img decoding=\"async\" src=\"https:\/\/s.w.org\/images\/core\/emoji\/17.0.2\/72x72\/2705.png\" alt=\"\u2705\" class=\"wp-smiley\" style=\"height: 1em; max-height: 1em;\"><a class=\"\" href=\"https:\/\/whatsapp.com\/channel\/0029Va7Iiks6LwHeUEOqwZ1o\" target=\"_blank\" rel=\"noopener\"><strong>Clique aqui para seguir o canal do g1 RJ no WhatsApp<\/strong><\/a><\/p>\n<p><!-- bloco-portais-jbr --><\/p>\n<div class=\"box-portais-jbr\" style=\"border:1px solid #e0e0e0;padding:16px 18px;margin:24px 0;border-radius:8px;background:#f9f9f9;font-size:0.95rem;\">\n<p style=\"margin:0 0 10px 0;font-weight:600;\">\n        Continue sempre bem informado acessando nossos portais:\n    <\/p>\n<ul style=\"margin:0;padding-left:20px;\">\n<li style=\"margin-bottom:8px;\">\n            <strong><a href=\"https:\/\/jornaldiadia.com.br\/\" target=\"_blank\" rel=\"noopener\" style=\"text-decoration:none;\">Jornal Dia Dia<\/a><\/strong> \u2013<br \/>\n            Sua fonte confi\u00e1vel para as melhores not\u00edcias e artigos \u00fateis. Fique por dentro dos acontecimentos mais importantes, dicas pr\u00e1ticas e conte\u00fados de qualidade.\n        <\/li>\n<li style=\"margin-bottom:8px;\">\n            <strong><a href=\"https:\/\/jbr.jor.br\/\" target=\"_blank\" rel=\"noopener\" style=\"text-decoration:none;\">Jornal Brasil Regional (JBR)<\/a><\/strong> \u2013<br \/>\n            O pulso do pa\u00eds em tempo real. Not\u00edcias nacionais, regionais e internacionais com \u00e9tica e credibilidade.\n        <\/li>\n<li style=\"margin-bottom:8px;\">\n            <strong><a href=\"https:\/\/castilho.jor.br\/\" target=\"_blank\" rel=\"noopener\" style=\"text-decoration:none;\">Castilho Not\u00edcias (News)<\/a><\/strong> \u2013<br \/>\n            O seu di\u00e1rio local com cobertura de Castilho e Regi\u00e3o (SP). Jornalismo com credibilidade.\n        <\/li>\n<li style=\"margin-bottom:8px;\">\n            <strong><a href=\"https:\/\/casaejardim.net.br\/\" target=\"_blank\" rel=\"noopener\" style=\"text-decoration:none;\">Casa e Jardim<\/a><\/strong> \u2013<br \/>\n            Dicas exclusivas sobre decora\u00e7\u00e3o, jardinagem, arquitetura, DIY, reformas e muito mais. Tend\u00eancias, solu\u00e7\u00f5es pr\u00e1ticas e ideias criativas para todos os estilos e or\u00e7amentos.\n        <\/li>\n<li style=\"margin-bottom:0;\">\n            <strong><a href=\"https:\/\/b10.net.br\/\" target=\"_blank\" rel=\"noopener\" style=\"text-decoration:none;\">B10 Brasil<\/a><\/strong> \u2013<br \/>\n            As principais not\u00edcias, an\u00e1lises e insights sobre neg\u00f3cios, economia e soberania nacional. Conectando o Brasil ao mundo com intelig\u00eancia e estrat\u00e9gia.\n        <\/li>\n<\/ul>\n<\/div>\n<p><!-- \/bloco-portais-jbr --><\/div>\n","protected":false},"excerpt":{"rendered":"<p>Ele atuou em novelas e programas que fizeram hist\u00f3ria na emissora e era filho de outro ator consagrado, Paulo Gracindo. Gracindo Jr. \u2014 Foto: Acervo\/ TV Globo Por Marco Ant\u00f4nio Canosa, TV Globo 02\/09\/2026 08h38 Atualizado h\u00e1 7 horas O ator e diretor Gracindo Jr. morreu na noite desta ter\u00e7a-feira<span class=\"more-link\"><a href=\"http:\/\/diadianews.com\/index.php\/2026\/09\/02\/gracindo-jr-ator-e-diretor-que-participou-da-inauguracao-da-tv-globo-morre-no-rio-aos-83-anos\/\">Continue Reading<\/a><\/span><\/p>\n","protected":false},"author":1,"featured_media":8367,"comment_status":"closed","ping_status":"closed","sticky":false,"template":"","format":"standard","meta":{"footnotes":""},"categories":[1],"tags":[],"class_list":["entry","author-valdei","post-8366","post","type-post","status-publish","format-standard","has-post-thumbnail","category-news-do-dia"],"_links":{"self":[{"href":"http:\/\/diadianews.com\/index.php\/wp-json\/wp\/v2\/posts\/8366","targetHints":{"allow":["GET"]}}],"collection":[{"href":"http:\/\/diadianews.com\/index.php\/wp-json\/wp\/v2\/posts"}],"about":[{"href":"http:\/\/diadianews.com\/index.php\/wp-json\/wp\/v2\/types\/post"}],"author":[{"embeddable":true,"href":"http:\/\/diadianews.com\/index.php\/wp-json\/wp\/v2\/users\/1"}],"replies":[{"embeddable":true,"href":"http:\/\/diadianews.com\/index.php\/wp-json\/wp\/v2\/comments?post=8366"}],"version-history":[{"count":0,"href":"http:\/\/diadianews.com\/index.php\/wp-json\/wp\/v2\/posts\/8366\/revisions"}],"wp:featuredmedia":[{"embeddable":true,"href":"http:\/\/diadianews.com\/index.php\/wp-json\/wp\/v2\/media\/8367"}],"wp:attachment":[{"href":"http:\/\/diadianews.com\/index.php\/wp-json\/wp\/v2\/media?parent=8366"}],"wp:term":[{"taxonomy":"category","embeddable":true,"href":"http:\/\/diadianews.com\/index.php\/wp-json\/wp\/v2\/categories?post=8366"},{"taxonomy":"post_tag","embeddable":true,"href":"http:\/\/diadianews.com\/index.php\/wp-json\/wp\/v2\/tags?post=8366"}],"curies":[{"name":"wp","href":"https:\/\/api.w.org\/{rel}","templated":true}]}}