{"id":8401,"date":"2026-09-03T10:45:18","date_gmt":"2026-09-03T13:45:18","guid":{"rendered":"https:\/\/diadianews.com\/index.php\/2026\/09\/03\/senador-da-base-de-lula-assina-pedido-de-impeachment-contra-moraes\/"},"modified":"2026-09-03T10:45:18","modified_gmt":"2026-09-03T13:45:18","slug":"senador-da-base-de-lula-assina-pedido-de-impeachment-contra-moraes","status":"publish","type":"post","link":"http:\/\/diadianews.com\/index.php\/2026\/09\/03\/senador-da-base-de-lula-assina-pedido-de-impeachment-contra-moraes\/","title":{"rendered":"Senador da base de Lula assina pedido de impeachment contra Moraes"},"content":{"rendered":"<div>\n<p class=\"wp-block-paragraph\">Fl\u00e1vio Arns (PSB-PR) foi do Partido dos Trabalhadores por oito anos<\/p>\n<p class=\"wp-block-paragraph\">Mariana Viana \u2013 03\/09\/2026 \u2013 08:44 \u2013 Senador Fl\u00e1vio Arns (PSB-PR). (Foto: Geraldo Magela, Ag\u00eancia Senado)<\/p>\n<p class=\"wp-block-paragraph\">O senador Fl\u00e1vio Arns (PSB-PR) assinou um dos pedidos de impeachment contra o ministro do STF (Supremo Tribunal Federal) Alexandre de Moraes, segundo a <em>Revista Oeste<\/em>. O magistrado \u00e9 o centro das not\u00edcias ap\u00f3s as revela\u00e7\u00f5es de conversas com o banqueiro ex-dono do Banco Master, Daniel Vorcaro.<\/p>\n<p class=\"wp-block-paragraph\">O senador \u00e9 do partido do vice-presidente Geraldo Alckmin, que integra a base do presidente Luiz In\u00e1cio Lula da Silva (PT). O parlamentar foi do PT (Partido dos Trabalhadores) por oito anos, quando foi eleito senador em 2002.<\/p>\n<p class=\"wp-block-paragraph\">O senador Carlos Viana (PSD-MG) anunciou pedido de impeachment de Moraes, nesta ter\u00e7a-feira (1\u00b0). Segundo ele, o ministro pode ter cometido crime de responsabilidade, para atuar em benef\u00edcio do banqueiro. O l\u00edder da oposi\u00e7\u00e3o, senador Rog\u00e9rio Marinho (PL-RN), tamb\u00e9m pediu o afastamento.<\/p>\n<p class=\"wp-block-paragraph\"><em>*Com informa\u00e7\u00f5es da Revista Oeste<\/em>.<\/p>\n<h2 class=\"wp-block-heading\"><img decoding=\"async\" src=\"https:\/\/s.w.org\/images\/core\/emoji\/17.0.2\/72x72\/2705.png\" alt=\"\u2705\" class=\"wp-smiley\" style=\"height: 1em; max-height: 1em;\"> <strong>Siga o Jornal Midiamax nas redes sociais<\/strong><\/h2>\n<p class=\"wp-block-paragraph\">Voc\u00ea tamb\u00e9m pode <mark>acompanhar as \u00faltimas not\u00edcias e atualiza\u00e7\u00f5es do <strong>Jornal Midiamax<\/strong> direto das redes sociais<\/mark>. Siga nossos perfis nas redes que voc\u00ea mais usa. <img decoding=\"async\" src=\"https:\/\/s.w.org\/images\/core\/emoji\/17.0.2\/72x72\/1f447.png\" alt=\"\ud83d\udc47\" class=\"wp-smiley\" style=\"height: 1em; max-height: 1em;\"><\/p>\n<p>\u00c9 f\u00e1cil! <img decoding=\"async\" src=\"https:\/\/s.w.org\/images\/core\/emoji\/17.0.2\/72x72\/1f609.png\" alt=\"\ud83d\ude09\" class=\"wp-smiley\" style=\"height: 1em; max-height: 1em;\"> Clique no nome de qualquer uma das plataformas abaixo para nos encontrar:<br \/><a href=\"https:\/\/www.instagram.com\/midiamax\/\">Instagram<\/a>, <a href=\"https:\/\/www.facebook.com\/midiamax\">Facebook<\/a>, <a href=\"https:\/\/www.tiktok.com\/@midiamax\">TikTok<\/a>, <a href=\"https:\/\/www.youtube.com\/@jornal.midiamax\">YouTube<\/a>, <a href=\"https:\/\/whatsapp.com\/channel\/0029Va7FGJa9cDDXCIIEOn3d\">WhatsApp<\/a>, <a href=\"https:\/\/bsky.app\/profile\/midiamax.bsky.social\">Bluesky<\/a> e <a href=\"https:\/\/www.threads.net\/@midiamax?hl=pt-br\">Threads<\/a>.<\/p>\n<p><img decoding=\"async\" src=\"https:\/\/s.w.org\/images\/core\/emoji\/17.0.2\/72x72\/1f4ac.png\" alt=\"\ud83d\udcac\" class=\"wp-smiley\" style=\"height: 1em; max-height: 1em;\"> Fique atualizado com o <strong>melhor do jornalismo local<\/strong> e participe das nossas coberturas!<\/p>\n<p class=\"wp-block-paragraph\">(Revis\u00e3o: D\u00e1fini Lisboa)<\/p>\n<p class=\"wp-block-paragraph\">Midiamax<\/p>\n<p><!-- bloco-portais-jbr --><\/p>\n<div class=\"box-portais-jbr\" style=\"border:1px solid #e0e0e0;padding:16px 18px;margin:24px 0;border-radius:8px;background:#f9f9f9;font-size:0.95rem;\">\n<p style=\"margin:0 0 10px 0;font-weight:600;\">\n        Continue sempre bem informado acessando nossos portais:\n    <\/p>\n<ul style=\"margin:0;padding-left:20px;\">\n<li style=\"margin-bottom:8px;\">\n            <strong><a href=\"https:\/\/jornaldiadia.com.br\/\" target=\"_blank\" rel=\"noopener\" style=\"text-decoration:none;\">Jornal Dia Dia<\/a><\/strong> \u2013<br \/>\n            Sua fonte confi\u00e1vel para as melhores not\u00edcias e artigos \u00fateis. Fique por dentro dos acontecimentos mais importantes, dicas pr\u00e1ticas e conte\u00fados de qualidade.\n        <\/li>\n<li style=\"margin-bottom:8px;\">\n            <strong><a href=\"https:\/\/jbr.jor.br\/\" target=\"_blank\" rel=\"noopener\" style=\"text-decoration:none;\">Jornal Brasil Regional (JBR)<\/a><\/strong> \u2013<br \/>\n            O pulso do pa\u00eds em tempo real. Not\u00edcias nacionais, regionais e internacionais com \u00e9tica e credibilidade.\n        <\/li>\n<li style=\"margin-bottom:8px;\">\n            <strong><a href=\"https:\/\/castilho.jor.br\/\" target=\"_blank\" rel=\"noopener\" style=\"text-decoration:none;\">Castilho Not\u00edcias (News)<\/a><\/strong> \u2013<br \/>\n            O seu di\u00e1rio local com cobertura de Castilho e Regi\u00e3o (SP). Jornalismo com credibilidade.\n        <\/li>\n<li style=\"margin-bottom:8px;\">\n            <strong><a href=\"https:\/\/casaejardim.net.br\/\" target=\"_blank\" rel=\"noopener\" style=\"text-decoration:none;\">Casa e Jardim<\/a><\/strong> \u2013<br \/>\n            Dicas exclusivas sobre decora\u00e7\u00e3o, jardinagem, arquitetura, DIY, reformas e muito mais. Tend\u00eancias, solu\u00e7\u00f5es pr\u00e1ticas e ideias criativas para todos os estilos e or\u00e7amentos.\n        <\/li>\n<li style=\"margin-bottom:0;\">\n            <strong><a href=\"https:\/\/b10.net.br\/\" target=\"_blank\" rel=\"noopener\" style=\"text-decoration:none;\">B10 Brasil<\/a><\/strong> \u2013<br \/>\n            As principais not\u00edcias, an\u00e1lises e insights sobre neg\u00f3cios, economia e soberania nacional. Conectando o Brasil ao mundo com intelig\u00eancia e estrat\u00e9gia.\n        <\/li>\n<\/ul>\n<\/div>\n<p><!-- \/bloco-portais-jbr --><\/div>\n","protected":false},"excerpt":{"rendered":"<p>Fl\u00e1vio Arns (PSB-PR) foi do Partido dos Trabalhadores por oito anos Mariana Viana \u2013 03\/09\/2026 \u2013 08:44 \u2013 Senador Fl\u00e1vio Arns (PSB-PR). (Foto: Geraldo Magela, Ag\u00eancia Senado) O senador Fl\u00e1vio Arns (PSB-PR) assinou um dos pedidos de impeachment contra o ministro do STF (Supremo Tribunal Federal) Alexandre de Moraes, segundo<span class=\"more-link\"><a href=\"http:\/\/diadianews.com\/index.php\/2026\/09\/03\/senador-da-base-de-lula-assina-pedido-de-impeachment-contra-moraes\/\">Continue Reading<\/a><\/span><\/p>\n","protected":false},"author":1,"featured_media":8402,"comment_status":"closed","ping_status":"closed","sticky":false,"template":"","format":"standard","meta":{"footnotes":""},"categories":[1],"tags":[],"class_list":["entry","author-valdei","post-8401","post","type-post","status-publish","format-standard","has-post-thumbnail","category-news-do-dia"],"_links":{"self":[{"href":"http:\/\/diadianews.com\/index.php\/wp-json\/wp\/v2\/posts\/8401","targetHints":{"allow":["GET"]}}],"collection":[{"href":"http:\/\/diadianews.com\/index.php\/wp-json\/wp\/v2\/posts"}],"about":[{"href":"http:\/\/diadianews.com\/index.php\/wp-json\/wp\/v2\/types\/post"}],"author":[{"embeddable":true,"href":"http:\/\/diadianews.com\/index.php\/wp-json\/wp\/v2\/users\/1"}],"replies":[{"embeddable":true,"href":"http:\/\/diadianews.com\/index.php\/wp-json\/wp\/v2\/comments?post=8401"}],"version-history":[{"count":0,"href":"http:\/\/diadianews.com\/index.php\/wp-json\/wp\/v2\/posts\/8401\/revisions"}],"wp:featuredmedia":[{"embeddable":true,"href":"http:\/\/diadianews.com\/index.php\/wp-json\/wp\/v2\/media\/8402"}],"wp:attachment":[{"href":"http:\/\/diadianews.com\/index.php\/wp-json\/wp\/v2\/media?parent=8401"}],"wp:term":[{"taxonomy":"category","embeddable":true,"href":"http:\/\/diadianews.com\/index.php\/wp-json\/wp\/v2\/categories?post=8401"},{"taxonomy":"post_tag","embeddable":true,"href":"http:\/\/diadianews.com\/index.php\/wp-json\/wp\/v2\/tags?post=8401"}],"curies":[{"name":"wp","href":"https:\/\/api.w.org\/{rel}","templated":true}]}}