{"id":8407,"date":"2026-09-03T11:23:08","date_gmt":"2026-09-03T14:23:08","guid":{"rendered":"https:\/\/diadianews.com\/index.php\/2026\/09\/03\/grupo-da-mafia-do-icms-de-sp-que-movimentou-r-1-bilhao-e-alvo-de-operacao-em-ms\/"},"modified":"2026-09-03T11:23:08","modified_gmt":"2026-09-03T14:23:08","slug":"grupo-da-mafia-do-icms-de-sp-que-movimentou-r-1-bilhao-e-alvo-de-operacao-em-ms","status":"publish","type":"post","link":"http:\/\/diadianews.com\/index.php\/2026\/09\/03\/grupo-da-mafia-do-icms-de-sp-que-movimentou-r-1-bilhao-e-alvo-de-operacao-em-ms\/","title":{"rendered":"Grupo da m\u00e1fia do ICMS de SP que movimentou R$ 1 bilh\u00e3o \u00e9 alvo de opera\u00e7\u00e3o em MS\u00a0"},"content":{"rendered":"<div>\n<p class=\"wp-block-paragraph\">Minist\u00e9rio P\u00fablico aponta que grupo transformou sistema de cr\u00e9ditos tribut\u00e1rios em mercado clandestino<\/p>\n<p class=\"wp-block-paragraph\">Gabriel Maymone \u2013 03\/09\/2026 \u2013 06:54 \u2013 Pacotes de esmeraldas apreendidos na casa de Celso \u00c9der, em agosto de 2025, durante Opera\u00e7\u00e3o \u00cdcaro. (Divulga\u00e7\u00e3o, MPSP)<\/p>\n<p class=\"wp-block-paragraph\">O MPSP (Minist\u00e9rio P\u00fablico de <a href=\"https:\/\/midiamax.com.br\/municipios\/sao-paulo\/\">S\u00e3o Paulo<\/a>) deflagrou nesta quinta-feira (3) opera\u00e7\u00e3o contra a m\u00e1fia do ICMS no estado paulista, com cumprimento de 47 mandados de busca e apreens\u00e3o, tanto na capital como no interior de S\u00e3o Paulo, e em Mato Grosso do Sul.<\/p>\n<p class=\"wp-block-paragraph\">Al\u00e9m disso, o ex-n\u00famero 3 da Secretaria de Fazenda de SP, Andr\u00e9 Weiss, e o advogado Jo\u00e3o Andr\u00e9 Buttini de Moraes tiveram pris\u00f5es decretadas. Ainda n\u00e3o h\u00e1 confirma\u00e7\u00e3o de que foram cumpridas.<\/p>\n<p class=\"wp-block-paragraph\">O MPSP n\u00e3o revelou os alvos de busca e apreens\u00e3o em MS. A opera\u00e7\u00e3o \u00e9 um desdobramento da Opera\u00e7\u00e3o \u00cdcaro, que chegou a prender o empres\u00e1rio sul-mato-grossense Celso Eder Gonzaga de Ara\u00fajo, o qual teve pris\u00e3o domiciliar concedida posteriormente pela Justi\u00e7a.<\/p>\n<p class=\"wp-block-paragraph\">Ele \u00e9 apontado como lobista e operador financeiro do esquema que movimentou mais de R$ 1 bilh\u00e3o em propinas na Secretaria da Fazenda do Estado de SP, segundo o Minist\u00e9rio P\u00fablico.<\/p>\n<p class=\"wp-block-paragraph\">Naquela ocasi\u00e3o, foram presos executivos de grandes empresas, como a Ultrafarma e a Fastshop. Segundo as investiga\u00e7\u00f5es, Andr\u00e9 Weiss ajudava no esquema, que contava com delegados tribut\u00e1rios que faziam favores \u00e0s empresas mediante suborno.<\/p>\n<p class=\"wp-block-paragraph\">Nesta nova fase, o MPSP aponta que o advogado Buttini teria repassado cerca de R$ 13,6 milh\u00f5es, entre 2021 e agosto de 2025, a um delegado regional tribut\u00e1rio.<\/p>\n<p class=\"wp-block-paragraph\">A suspeita \u00e9 de que o grupo tenha transformado um mecanismo de recupera\u00e7\u00e3o de cr\u00e9ditos tribut\u00e1rios em um mercado clandestino de facilidades. As propinas seriam calculadas como uma porcentagem dos cr\u00e9ditos fiscais envolvidos e, nos casos investigados, variavam de 1% a 10%.<\/p>\n<p class=\"wp-block-paragraph\">O empres\u00e1rio Celso \u00c9der Gonzaga de Ara\u00fajo j\u00e1 respondeu \u00e0 a\u00e7\u00e3o penal por suposto golpe de R$ 48 milh\u00f5es em Mato Grosso do Sul. Ele tinha empresa em <a href=\"https:\/\/midiamax.com.br\/municipios\/campo-grande\/\">Campo Grande<\/a> implicada no golpe, mas a a\u00e7\u00e3o da Opera\u00e7\u00e3o Ouro de Ofir foi trancada no STJ, pois Celso foi absolvido.<\/p>\n<p class=\"wp-block-paragraph\">No dia 12 de agosto de 2025, Celso foi preso junto do dono da Ultrafarma e de outras quatro pessoas, entre empres\u00e1rios e auditores fiscais de SP. O esquema de corrup\u00e7\u00e3o envolvia pagamento de propina ao fiscal da Secretaria da Fazenda Artur Gomes da Silva Neto, que tamb\u00e9m foi preso.<\/p>\n<p class=\"wp-block-paragraph\">As informa\u00e7\u00f5es d\u00e3o conta de que Celso seria parceiro de Artur no esquema. Assim, na casa do auditor, a pol\u00edcia encontrou ma\u00e7os de dinheiro, que foram apreendidos.<\/p>\n<h2 class=\"wp-block-heading\">Sabe de algo que o p\u00fablico precisa saber? Fala pro Midiamax!<\/h2>\n<p class=\"wp-block-paragraph\">Se voc\u00ea est\u00e1 por dentro de alguma informa\u00e7\u00e3o que acha importante o p\u00fablico saber, fale com\u00a0jornalistas do\u00a0<strong>Jornal Midiamax<\/strong>!<\/p>\n<p class=\"wp-block-paragraph\">E pode ficar tranquilo, porque n\u00f3s garantimos total sigilo da fonte, conforme a\u00a0<a href=\"http:\/\/www.planalto.gov.br\/ccivil_03\/constituicao\/constituicao.htm\" target=\"_blank\" rel=\"noopener\">Constitui\u00e7\u00e3o Brasileira<\/a>.<\/p>\n<blockquote class=\"wp-block-quote is-layout-flow wp-block-quote-is-layout-flow\">\n<p class=\"wp-block-paragraph\"><strong>Fala Povo<\/strong>: O leitor pode falar direto no\u00a0<a href=\"https:\/\/midiamax.com.br\/tag\/whatsapp\">WhatsApp<\/a>\u00a0do\u00a0<strong>Jornal Midiamax<\/strong>\u00a0pelo n\u00famero\u00a0<a href=\"https:\/\/api.whatsapp.com\/send?phone=5567992074330&amp;text=Quero+falar+com+o+Jornal\"><strong>(67) 99207-4330<\/strong><\/a>. O canal de comunica\u00e7\u00e3o serve para os leitores falarem com os\u00a0jornalistas. Se preferir, voc\u00ea tamb\u00e9m pode\u00a0<a href=\"https:\/\/www.messenger.com\/t\/midiamax\">falar com o Jornal direto no Messenger do Facebook.<\/a><\/p>\n<\/blockquote>\n<p class=\"wp-block-paragraph\">(Revis\u00e3o: D\u00e1fini Lisboa)<\/p>\n<p class=\"wp-block-paragraph\">Midiamax<\/p>\n<p><!-- bloco-portais-jbr --><\/p>\n<div class=\"box-portais-jbr\" style=\"border:1px solid #e0e0e0;padding:16px 18px;margin:24px 0;border-radius:8px;background:#f9f9f9;font-size:0.95rem;\">\n<p style=\"margin:0 0 10px 0;font-weight:600;\">\n        Continue sempre bem informado acessando nossos portais:\n    <\/p>\n<ul style=\"margin:0;padding-left:20px;\">\n<li style=\"margin-bottom:8px;\">\n            <strong><a href=\"https:\/\/jornaldiadia.com.br\/\" target=\"_blank\" rel=\"noopener\" style=\"text-decoration:none;\">Jornal Dia Dia<\/a><\/strong> \u2013<br \/>\n            Sua fonte confi\u00e1vel para as melhores not\u00edcias e artigos \u00fateis. Fique por dentro dos acontecimentos mais importantes, dicas pr\u00e1ticas e conte\u00fados de qualidade.\n        <\/li>\n<li style=\"margin-bottom:8px;\">\n            <strong><a href=\"https:\/\/jbr.jor.br\/\" target=\"_blank\" rel=\"noopener\" style=\"text-decoration:none;\">Jornal Brasil Regional (JBR)<\/a><\/strong> \u2013<br \/>\n            O pulso do pa\u00eds em tempo real. Not\u00edcias nacionais, regionais e internacionais com \u00e9tica e credibilidade.\n        <\/li>\n<li style=\"margin-bottom:8px;\">\n            <strong><a href=\"https:\/\/castilho.jor.br\/\" target=\"_blank\" rel=\"noopener\" style=\"text-decoration:none;\">Castilho Not\u00edcias (News)<\/a><\/strong> \u2013<br \/>\n            O seu di\u00e1rio local com cobertura de Castilho e Regi\u00e3o (SP). Jornalismo com credibilidade.\n        <\/li>\n<li style=\"margin-bottom:8px;\">\n            <strong><a href=\"https:\/\/casaejardim.net.br\/\" target=\"_blank\" rel=\"noopener\" style=\"text-decoration:none;\">Casa e Jardim<\/a><\/strong> \u2013<br \/>\n            Dicas exclusivas sobre decora\u00e7\u00e3o, jardinagem, arquitetura, DIY, reformas e muito mais. Tend\u00eancias, solu\u00e7\u00f5es pr\u00e1ticas e ideias criativas para todos os estilos e or\u00e7amentos.\n        <\/li>\n<li style=\"margin-bottom:0;\">\n            <strong><a href=\"https:\/\/b10.net.br\/\" target=\"_blank\" rel=\"noopener\" style=\"text-decoration:none;\">B10 Brasil<\/a><\/strong> \u2013<br \/>\n            As principais not\u00edcias, an\u00e1lises e insights sobre neg\u00f3cios, economia e soberania nacional. Conectando o Brasil ao mundo com intelig\u00eancia e estrat\u00e9gia.\n        <\/li>\n<\/ul>\n<\/div>\n<p><!-- \/bloco-portais-jbr --><\/div>\n","protected":false},"excerpt":{"rendered":"<p>Minist\u00e9rio P\u00fablico aponta que grupo transformou sistema de cr\u00e9ditos tribut\u00e1rios em mercado clandestino Gabriel Maymone \u2013 03\/09\/2026 \u2013 06:54 \u2013 Pacotes de esmeraldas apreendidos na casa de Celso \u00c9der, em agosto de 2025, durante Opera\u00e7\u00e3o \u00cdcaro. (Divulga\u00e7\u00e3o, MPSP) O MPSP (Minist\u00e9rio P\u00fablico de S\u00e3o Paulo) deflagrou nesta quinta-feira (3) opera\u00e7\u00e3o<span class=\"more-link\"><a href=\"http:\/\/diadianews.com\/index.php\/2026\/09\/03\/grupo-da-mafia-do-icms-de-sp-que-movimentou-r-1-bilhao-e-alvo-de-operacao-em-ms\/\">Continue Reading<\/a><\/span><\/p>\n","protected":false},"author":1,"featured_media":8408,"comment_status":"closed","ping_status":"closed","sticky":false,"template":"","format":"standard","meta":{"footnotes":""},"categories":[1],"tags":[],"class_list":["entry","author-valdei","post-8407","post","type-post","status-publish","format-standard","has-post-thumbnail","category-news-do-dia"],"_links":{"self":[{"href":"http:\/\/diadianews.com\/index.php\/wp-json\/wp\/v2\/posts\/8407","targetHints":{"allow":["GET"]}}],"collection":[{"href":"http:\/\/diadianews.com\/index.php\/wp-json\/wp\/v2\/posts"}],"about":[{"href":"http:\/\/diadianews.com\/index.php\/wp-json\/wp\/v2\/types\/post"}],"author":[{"embeddable":true,"href":"http:\/\/diadianews.com\/index.php\/wp-json\/wp\/v2\/users\/1"}],"replies":[{"embeddable":true,"href":"http:\/\/diadianews.com\/index.php\/wp-json\/wp\/v2\/comments?post=8407"}],"version-history":[{"count":0,"href":"http:\/\/diadianews.com\/index.php\/wp-json\/wp\/v2\/posts\/8407\/revisions"}],"wp:featuredmedia":[{"embeddable":true,"href":"http:\/\/diadianews.com\/index.php\/wp-json\/wp\/v2\/media\/8408"}],"wp:attachment":[{"href":"http:\/\/diadianews.com\/index.php\/wp-json\/wp\/v2\/media?parent=8407"}],"wp:term":[{"taxonomy":"category","embeddable":true,"href":"http:\/\/diadianews.com\/index.php\/wp-json\/wp\/v2\/categories?post=8407"},{"taxonomy":"post_tag","embeddable":true,"href":"http:\/\/diadianews.com\/index.php\/wp-json\/wp\/v2\/tags?post=8407"}],"curies":[{"name":"wp","href":"https:\/\/api.w.org\/{rel}","templated":true}]}}