{"id":8423,"date":"2026-09-03T12:23:04","date_gmt":"2026-09-03T15:23:04","guid":{"rendered":"https:\/\/diadianews.com\/index.php\/2026\/09\/03\/fotojornalista-flagra-moraes-rindo-com-ministros-em-meio-a-escandalo-com-vorcaro\/"},"modified":"2026-09-03T12:23:04","modified_gmt":"2026-09-03T15:23:04","slug":"fotojornalista-flagra-moraes-rindo-com-ministros-em-meio-a-escandalo-com-vorcaro","status":"publish","type":"post","link":"http:\/\/diadianews.com\/index.php\/2026\/09\/03\/fotojornalista-flagra-moraes-rindo-com-ministros-em-meio-a-escandalo-com-vorcaro\/","title":{"rendered":"Fotojornalista flagra Moraes rindo com ministros em meio a esc\u00e2ndalo com Vorcaro"},"content":{"rendered":"<div>\n<p class=\"wp-block-paragraph\">A PF divulgou relat\u00f3rio que apresenta conversas entre o ministro Alexandre de Moraes e o ex-dono do Banco Master<\/p>\n<p class=\"wp-block-paragraph\">Mariana Viana \u2013 03\/09\/2026 \u2013 07:44 \u2013 Gilmar Mendes, Cristiano Zanin, Edson Fachin e Alexandre de Moraes, ap\u00f3s sess\u00e3o no STF. (Foto: Brenno Carvalho, O Globo)<\/p>\n<p class=\"wp-block-paragraph\">Em meio \u00e0 crise no STF (Supremo Tribunal Federal), os ministros Gilmar Mendes, Cristiano Zanin e Edson Fachin s\u00e3o flagrados rindo junto de Alexandre de Moraes, que teve conversas divulgadas com o investigado pelo caso do Banco Master, Daniel Vorcaro. O momento aconteceu ap\u00f3s a sess\u00e3o do Supremo desta quarta-feira (2), em <a href=\"https:\/\/midiamax.com.br\/municipios\/brasilia\/\">Bras\u00edlia<\/a>.<\/p>\n<p class=\"wp-block-paragraph\">O <a href=\"https:\/\/midiamax.com.br\/brasil\/2026\/mendonca-pede-respostas-supostas-mensagens-vorcaro-alexandre-moraes\/\"><strong>ministro Andr\u00e9 Mendon\u00e7a quebrou o sigilo<\/strong><\/a> do relat\u00f3rio da PF (Pol\u00edcia Federal), que possu\u00eda <a href=\"https:\/\/midiamax.com.br\/brasil\/2026\/veja-consegue-bloquear-toda-maldade-pf-divulga-conversas-vorcaro-moraes\/\"><strong>conversas entre Moraes e Vorcaro<\/strong><\/a>, nesta ter\u00e7a-feira (1\u00ba). Nas mensagens, o banqueiro pede ao ministro que fale com o diretor-geral da PF, Andrei Rodrigues, e com o procurador-geral da Rep\u00fablica, Paulo Gonet.<\/p>\n<p class=\"wp-block-paragraph\">O rep\u00f3rter-fotogr\u00e1fico Brenno Carvalho, do jornal <em>O Globo<\/em>, registrou o momento de gargalhadas entre os ministros. Internautas comentaram em oposi\u00e7\u00e3o a Moraes: <em>\u201cRindo da cara do brasileiro, bandidos desgra\u00e7ados\u201d<\/em> e <em>\u201cVergonha do STF\u201d<\/em>.<\/p>\n<h2 class=\"wp-block-heading\">Medidas cab\u00edveis<\/h2>\n<p class=\"wp-block-paragraph\">O <a href=\"https:\/\/midiamax.com.br\/brasil\/2026\/video-fachin-afirma-tomara-medidas-cabiveis-ministros-nao-tem-privilegios\/\"><strong>presidente do STF<\/strong><\/a> (Supremo Tribunal Federal), Edson Fachin, comunicou que tomar\u00e1 \u2018medidas cab\u00edveis\u2019 sobre a divulga\u00e7\u00e3o da troca de mensagens entre o ministro Alexandre de Moraes e o ex-dono do Banco Master, Daniel Vorcaro. O ministro realizou o comunicado nesta quarta-feira (2).<\/p>\n<p class=\"wp-block-paragraph\">A primeira fala do ministro destaca que o caso tem uma \u201cespecial gravidade\u201d. Para ele, o STF deve seguir as normas para o julgamento da rela\u00e7\u00e3o entre Moraes e Vorcaro, sem \u201cprecipita\u00e7\u00e3o\u201d. Fachin completa que a cadeira de ministro n\u00e3o confere \u201cprivil\u00e9gios\u201d.<\/p>\n<h2 class=\"wp-block-heading\"><img decoding=\"async\" src=\"https:\/\/s.w.org\/images\/core\/emoji\/17.0.2\/72x72\/2705.png\" alt=\"\u2705\" class=\"wp-smiley\" style=\"height: 1em; max-height: 1em;\"> <strong>Siga o Jornal Midiamax nas redes sociais<\/strong><\/h2>\n<p class=\"wp-block-paragraph\">Voc\u00ea tamb\u00e9m pode <mark>acompanhar as \u00faltimas not\u00edcias e atualiza\u00e7\u00f5es do <strong>Jornal Midiamax<\/strong> direto das redes sociais<\/mark>. Siga nossos perfis nas redes que voc\u00ea mais usa. <img decoding=\"async\" src=\"https:\/\/s.w.org\/images\/core\/emoji\/17.0.2\/72x72\/1f447.png\" alt=\"\ud83d\udc47\" class=\"wp-smiley\" style=\"height: 1em; max-height: 1em;\"><\/p>\n<p>\u00c9 f\u00e1cil! <img decoding=\"async\" src=\"https:\/\/s.w.org\/images\/core\/emoji\/17.0.2\/72x72\/1f609.png\" alt=\"\ud83d\ude09\" class=\"wp-smiley\" style=\"height: 1em; max-height: 1em;\"> Clique no nome de qualquer uma das plataformas abaixo para nos encontrar:<br \/><a href=\"https:\/\/www.instagram.com\/midiamax\/\">Instagram<\/a>, <a href=\"https:\/\/www.facebook.com\/midiamax\">Facebook<\/a>, <a href=\"https:\/\/www.tiktok.com\/@midiamax\">TikTok<\/a>, <a href=\"https:\/\/www.youtube.com\/@jornal.midiamax\">YouTube<\/a>, <a href=\"https:\/\/whatsapp.com\/channel\/0029Va7FGJa9cDDXCIIEOn3d\">WhatsApp<\/a>, <a href=\"https:\/\/bsky.app\/profile\/midiamax.bsky.social\">Bluesky<\/a> e <a href=\"https:\/\/www.threads.net\/@midiamax?hl=pt-br\">Threads<\/a>.<\/p>\n<p><img decoding=\"async\" src=\"https:\/\/s.w.org\/images\/core\/emoji\/17.0.2\/72x72\/1f4ac.png\" alt=\"\ud83d\udcac\" class=\"wp-smiley\" style=\"height: 1em; max-height: 1em;\"> Fique atualizado com o <strong>melhor do jornalismo local<\/strong> e participe das nossas coberturas!<\/p>\n<p class=\"wp-block-paragraph\">(Revis\u00e3o: D\u00e1fini Lisboa)<\/p>\n<p class=\"wp-block-paragraph\">Midiamax<\/p>\n<p><!-- bloco-portais-jbr --><\/p>\n<div class=\"box-portais-jbr\" style=\"border:1px solid #e0e0e0;padding:16px 18px;margin:24px 0;border-radius:8px;background:#f9f9f9;font-size:0.95rem;\">\n<p style=\"margin:0 0 10px 0;font-weight:600;\">\n        Continue sempre bem informado acessando nossos portais:\n    <\/p>\n<ul style=\"margin:0;padding-left:20px;\">\n<li style=\"margin-bottom:8px;\">\n            <strong><a href=\"https:\/\/jornaldiadia.com.br\/\" target=\"_blank\" rel=\"noopener\" style=\"text-decoration:none;\">Jornal Dia Dia<\/a><\/strong> \u2013<br \/>\n            Sua fonte confi\u00e1vel para as melhores not\u00edcias e artigos \u00fateis. Fique por dentro dos acontecimentos mais importantes, dicas pr\u00e1ticas e conte\u00fados de qualidade.\n        <\/li>\n<li style=\"margin-bottom:8px;\">\n            <strong><a href=\"https:\/\/jbr.jor.br\/\" target=\"_blank\" rel=\"noopener\" style=\"text-decoration:none;\">Jornal Brasil Regional (JBR)<\/a><\/strong> \u2013<br \/>\n            O pulso do pa\u00eds em tempo real. Not\u00edcias nacionais, regionais e internacionais com \u00e9tica e credibilidade.\n        <\/li>\n<li style=\"margin-bottom:8px;\">\n            <strong><a href=\"https:\/\/castilho.jor.br\/\" target=\"_blank\" rel=\"noopener\" style=\"text-decoration:none;\">Castilho Not\u00edcias (News)<\/a><\/strong> \u2013<br \/>\n            O seu di\u00e1rio local com cobertura de Castilho e Regi\u00e3o (SP). Jornalismo com credibilidade.\n        <\/li>\n<li style=\"margin-bottom:8px;\">\n            <strong><a href=\"https:\/\/casaejardim.net.br\/\" target=\"_blank\" rel=\"noopener\" style=\"text-decoration:none;\">Casa e Jardim<\/a><\/strong> \u2013<br \/>\n            Dicas exclusivas sobre decora\u00e7\u00e3o, jardinagem, arquitetura, DIY, reformas e muito mais. Tend\u00eancias, solu\u00e7\u00f5es pr\u00e1ticas e ideias criativas para todos os estilos e or\u00e7amentos.\n        <\/li>\n<li style=\"margin-bottom:0;\">\n            <strong><a href=\"https:\/\/b10.net.br\/\" target=\"_blank\" rel=\"noopener\" style=\"text-decoration:none;\">B10 Brasil<\/a><\/strong> \u2013<br \/>\n            As principais not\u00edcias, an\u00e1lises e insights sobre neg\u00f3cios, economia e soberania nacional. Conectando o Brasil ao mundo com intelig\u00eancia e estrat\u00e9gia.\n        <\/li>\n<\/ul>\n<\/div>\n<p><!-- \/bloco-portais-jbr --><\/div>\n","protected":false},"excerpt":{"rendered":"<p>A PF divulgou relat\u00f3rio que apresenta conversas entre o ministro Alexandre de Moraes e o ex-dono do Banco Master Mariana Viana \u2013 03\/09\/2026 \u2013 07:44 \u2013 Gilmar Mendes, Cristiano Zanin, Edson Fachin e Alexandre de Moraes, ap\u00f3s sess\u00e3o no STF. (Foto: Brenno Carvalho, O Globo) Em meio \u00e0 crise no<span class=\"more-link\"><a href=\"http:\/\/diadianews.com\/index.php\/2026\/09\/03\/fotojornalista-flagra-moraes-rindo-com-ministros-em-meio-a-escandalo-com-vorcaro\/\">Continue Reading<\/a><\/span><\/p>\n","protected":false},"author":1,"featured_media":8424,"comment_status":"closed","ping_status":"closed","sticky":false,"template":"","format":"standard","meta":{"footnotes":""},"categories":[1],"tags":[],"class_list":["entry","author-valdei","post-8423","post","type-post","status-publish","format-standard","has-post-thumbnail","category-news-do-dia"],"_links":{"self":[{"href":"http:\/\/diadianews.com\/index.php\/wp-json\/wp\/v2\/posts\/8423","targetHints":{"allow":["GET"]}}],"collection":[{"href":"http:\/\/diadianews.com\/index.php\/wp-json\/wp\/v2\/posts"}],"about":[{"href":"http:\/\/diadianews.com\/index.php\/wp-json\/wp\/v2\/types\/post"}],"author":[{"embeddable":true,"href":"http:\/\/diadianews.com\/index.php\/wp-json\/wp\/v2\/users\/1"}],"replies":[{"embeddable":true,"href":"http:\/\/diadianews.com\/index.php\/wp-json\/wp\/v2\/comments?post=8423"}],"version-history":[{"count":0,"href":"http:\/\/diadianews.com\/index.php\/wp-json\/wp\/v2\/posts\/8423\/revisions"}],"wp:featuredmedia":[{"embeddable":true,"href":"http:\/\/diadianews.com\/index.php\/wp-json\/wp\/v2\/media\/8424"}],"wp:attachment":[{"href":"http:\/\/diadianews.com\/index.php\/wp-json\/wp\/v2\/media?parent=8423"}],"wp:term":[{"taxonomy":"category","embeddable":true,"href":"http:\/\/diadianews.com\/index.php\/wp-json\/wp\/v2\/categories?post=8423"},{"taxonomy":"post_tag","embeddable":true,"href":"http:\/\/diadianews.com\/index.php\/wp-json\/wp\/v2\/tags?post=8423"}],"curies":[{"name":"wp","href":"https:\/\/api.w.org\/{rel}","templated":true}]}}