{"id":8425,"date":"2026-09-03T12:27:56","date_gmt":"2026-09-03T15:27:56","guid":{"rendered":"http:\/\/diadianews.com\/index.php\/2026\/09\/03\/suspensao-das-importacoes-para-a-europa-pode-deixar-carne-de-ms-mais-barata-ao-consumidor\/"},"modified":"2026-09-03T12:27:56","modified_gmt":"2026-09-03T15:27:56","slug":"suspensao-das-importacoes-para-a-europa-pode-deixar-carne-de-ms-mais-barata-ao-consumidor","status":"publish","type":"post","link":"http:\/\/diadianews.com\/index.php\/2026\/09\/03\/suspensao-das-importacoes-para-a-europa-pode-deixar-carne-de-ms-mais-barata-ao-consumidor\/","title":{"rendered":"Suspens\u00e3o das importa\u00e7\u00f5es para a Europa pode deixar carne de MS mais barata ao consumidor?"},"content":{"rendered":"<div>\n<p class=\"wp-block-paragraph\">Carne movimentou US$ 1,33 bilh\u00e3o nas exporta\u00e7\u00f5es de MS, mas setor enfrenta novas barreiras nos principais mercados<\/p>\n<p class=\"wp-block-paragraph\">Lethycia Anjos \u2013 03\/09\/2026 \u2013 08:13 \u2013 A\u00e7ougue. (Arquivo Midiamax)<\/p>\n<p class=\"wp-block-paragraph\">A carne produzida em Mato Grosso do Sul perde espa\u00e7o em um importante mercado internacional a partir desta quinta-feira (3). \u00c9 que a Uni\u00e3o Europeia <a href=\"https:\/\/midiamax.com.br\/cotidiano\/2026\/bloqueio-importacao-carne-europa-preocupa-criadores-nelore-ms\/?srsltid=AfmBOooPVIHcuZUWRO8gYdwXzItITTh4JRGGhswtpxKMYAwCd61Tbb0t\">suspendeu a entrada d<\/a><a href=\"https:\/\/midiamax.com.br\/cotidiano\/2026\/bloqueio-importacao-carne-europa-preocupa-criadores-nelore-ms\/?srsltid=AfmBOooPVIHcuZUWRO8gYdwXzItITTh4JRGGhswtpxKMYAwCd61Tbb0t\" target=\"_blank\" rel=\"noopener\">e<\/a> <a href=\"https:\/\/midiamax.com.br\/cotidiano\/2026\/bloqueio-importacao-carne-europa-preocupa-criadores-nelore-ms\/?srsltid=AfmBOooPVIHcuZUWRO8gYdwXzItITTh4JRGGhswtpxKMYAwCd61Tbb0t\">produtos de origem animal do Brasil<\/a> devido \u00e0s exig\u00eancias sobre o uso de antimicrobianos. Apesar dos impactos, a medida levanta uma d\u00favida para o consumidor: uma vez que parte da produ\u00e7\u00e3o precisa buscar outros destinos, a carne pode ficar mais barata no Brasil?<\/p>\n<p class=\"wp-block-paragraph\">A mudan\u00e7a tem impacto direto sobre a cadeia da carne em Mato Grosso do Sul, um dos principais produtores brasileiros e o estado que vem ampliando as vendas da prote\u00edna para o exterior. Entre janeiro e julho de 2026, a carne bovina <a href=\"https:\/\/midiamax.com.br\/cotidiano\/economia\/2026\/mato-grosso-sul-alcanca-us-72-bilhoes-exportacoes-ate-julho\/?srsltid=AfmBOop4Y5vnqEyimMFA1a030AJETt16E183_U_VgA43Xpbv4NQGJ-F8\" target=\"_blank\" rel=\"noopener\">gerou US$ 1,33 bilh\u00e3o em exporta\u00e7\u00f5es sul-mato-grossenses, alta de 43,6%<\/a> em rela\u00e7\u00e3o ao mesmo per\u00edodo do ano passado.<\/p>\n<p class=\"wp-block-paragraph\">Conforme levantamento realizado pela Famasul, o produto respondeu por 18,4% de tudo o que MS vendeu ao exterior no per\u00edodo, atr\u00e1s apenas da soja e da celulose.<\/p>\n<p class=\"wp-block-paragraph\">O desempenho ocorre mesmo diante de uma redu\u00e7\u00e3o na quantidade de animais abatidos, segundo an\u00e1lise da consultora de Economia do Sistema Famasul, Eliamar Oliveira. No primeiro semestre, MS embarcou 198,1 mil toneladas de carne bovina, alta de 23,4% em rela\u00e7\u00e3o ao mesmo per\u00edodo de 2025, enquanto a receita cresceu 47,9%, para US$ 1,17 bilh\u00e3o.<\/p>\n<p class=\"wp-block-paragraph\">A valoriza\u00e7\u00e3o da prote\u00edna tamb\u00e9m ajudou a elevar o resultado. O pre\u00e7o m\u00e9dio da tonelada de carne bovina exportada por Mato Grosso do Sul aumentou 19,7% no primeiro semestre.<\/p>\n<h3 class=\"wp-block-heading\">China \u00e9 principal destino da carne de MS<\/h3>\n<figure class=\"wp-block-image is-resized\"><img decoding=\"async\" src=\"https:\/\/cdn.midiamax.com.br\/wp-content\/uploads\/2026\/07\/pasto-gado-carne-1.jpg\" alt=\"\" class=\"wp-image-3317007\" style=\"aspect-ratio:1.7777777777777777;width:1920px;height:auto\"><figcaption class=\"wp-element-caption\">Gado em pasto. (Mateus Andrade, Jornal Midiamax)<\/figcaption><\/figure>\n<p class=\"wp-block-paragraph\">A principal preocupa\u00e7\u00e3o do setor sul-mato-grossense \u00e9 o fato de que a Uni\u00e3o Europeia n\u00e3o \u00e9 o maior comprador da carne produzida no Estado. A China ocupa essa posi\u00e7\u00e3o e teve forte participa\u00e7\u00e3o no crescimento das exporta\u00e7\u00f5es neste ano.<\/p>\n<p class=\"wp-block-paragraph\">Segundo Eliamar, os chineses ampliaram em 109% o valor das compras de carne bovina de MS no primeiro semestre, enquanto os Estados Unidos aumentaram as aquisi\u00e7\u00f5es em 41,7%. Apesar da forte demanda, o mercado chin\u00eas passou a ter uma nova limita\u00e7\u00e3o em 2026. No in\u00edcio do ano, a China estabeleceu uma cota de 1,1 milh\u00e3o de toneladas para as importa\u00e7\u00f5es de carne bovina do Brasil. At\u00e9 esse limite, a tarifa \u00e9 de 12%; acima da cota, incide uma tarifa adicional de 55%.<\/p>\n<p class=\"wp-block-paragraph\">Em julho, a receita obtida pelo Estado com as vendas de carne bovina para a China recuou 46% em rela\u00e7\u00e3o a junho, enquanto a receita total das exporta\u00e7\u00f5es sul-mato-grossenses da prote\u00edna caiu 17%.<\/p>\n<h3 class=\"wp-block-heading\">Suspens\u00e3o preocupa produtores de MS<\/h3>\n<p class=\"wp-block-paragraph\">Ainda assim, a perda tempor\u00e1ria do mercado europeu preocupa os criadores de gado do Estado, principalmente porque a UE \u00e9 um destino de cortes de maior valor agregado.<\/p>\n<p class=\"wp-block-paragraph\">Em maio deste ano, quando a medida foi anunciada, o presidente da Nelore-MS, Paulo Matos, afirmou que a pecu\u00e1ria brasileira avan\u00e7ou nas \u00faltimas d\u00e9cadas em tecnologia, controle sanit\u00e1rio e efici\u00eancia produtiva e atende atualmente a diferentes mercados com exig\u00eancias sanit\u00e1rias rigorosas.<\/p>\n<p class=\"wp-block-paragraph\">Para a associa\u00e7\u00e3o, parte das exig\u00eancias europeias pode ultrapassar a quest\u00e3o sanit\u00e1ria e se transformar em barreira comercial para a produ\u00e7\u00e3o brasileira.<\/p>\n<p class=\"wp-block-paragraph\">\u201cA carne brasileira \u00e9 uma das mais competitivas do mundo, porque o produtor rural brasileiro produz com efici\u00eancia, tecnologia e capacidade de escala\u201d, afirma Matos.<\/p>\n<h3 class=\"wp-block-heading\">Medida come\u00e7a hoje, mas pode ser tempor\u00e1ria<\/h3>\n<p class=\"wp-block-paragraph\">A decis\u00e3o europeia est\u00e1 relacionada \u00e0 resist\u00eancia antimicrobiana. As regras do bloco pro\u00edbem o uso de antimicrobianos para estimular crescimento ou rendimento dos animais e tamb\u00e9m restringem o uso de medicamentos antimicrobianos reservados ao tratamento de infec\u00e7\u00f5es humanas.<\/p>\n<p class=\"wp-block-paragraph\">Segundo a Comiss\u00e3o Europeia, o Brasil n\u00e3o apresentou, at\u00e9 o momento, garantias suficientes de conformidade com essas exig\u00eancias. Ao mesmo tempo, uma auditoria est\u00e1 sendo realizada no pa\u00eds, e a situa\u00e7\u00e3o pode ser revista caso o Brasil obtenha a aprova\u00e7\u00e3o necess\u00e1ria.<\/p>\n<p class=\"wp-block-paragraph\">O governo brasileiro, por sua vez, afirma que a mudan\u00e7a decorre da atualiza\u00e7\u00e3o da lista de pa\u00edses autorizados a exportar produtos de origem animal para o bloco.<\/p>\n<h3 class=\"wp-block-heading\">Carne pode ficar mais barata?<\/h3>\n<figure class=\"wp-block-image is-resized\"><img decoding=\"async\" src=\"https:\/\/cdn.midiamax.com.br\/wp-content\/uploads\/2024\/05\/12152300\/acougue-finados-HA-1024x576.jpg\" alt=\"\" class=\"wp-image-1754403\" style=\"aspect-ratio:1.7777777777777777;width:1024px;height:auto\"><figcaption class=\"wp-element-caption\">A\u00e7ougue. (Henrique Arakaki, Jornal Midiamax)<\/figcaption><\/figure>\n<p class=\"wp-block-paragraph\">Apesar da suspens\u00e3o, a mudan\u00e7a n\u00e3o significa, necessariamente, que a carne bovina ficar\u00e1 mais barata para o consumidor brasileiro. Dados do Minist\u00e9rio da Agricultura apontam que, em 2025, a Uni\u00e3o Europeia respondeu por 3,7% do volume de carne bovina exportado pelo Brasil e 5,8% do valor das vendas \u2014 quantidade considerada pequena em rela\u00e7\u00e3o ao total exportado pelo pa\u00eds.<\/p>\n<p class=\"wp-block-paragraph\">Al\u00e9m disso, a carne j\u00e1 chega a setembro pressionada pela alta dos pre\u00e7os. Na pr\u00e9via da infla\u00e7\u00e3o de agosto, as carnes acumulavam alta de 8,53%, enquanto cortes como fil\u00e9-mignon e contrafil\u00e9 registravam aumentos de 15,2% e 11,5%, respectivamente.<\/p>\n<p class=\"wp-block-paragraph\">Entre os produtos que tradicionalmente chegam ao mercado europeu, est\u00e3o fil\u00e9-mignon, contrafil\u00e9, alcatra, cox\u00e3o mole e fil\u00e9 de costela, justamente cortes de maior valor comercial.<\/p>\n<p class=\"wp-block-paragraph\">No caso de Mato Grosso do Sul, a mudan\u00e7a depender\u00e1 menos da perda isolada do mercado europeu e mais da capacidade do setor de redirecionar os cortes para outros compradores, em um momento de forte demanda internacional.<\/p>\n<p class=\"wp-block-paragraph\">Al\u00e9m das novas exig\u00eancias da Uni\u00e3o Europeia, a pecu\u00e1ria sul-mato-grossense ter\u00e1 de lidar nos pr\u00f3ximos meses com altera\u00e7\u00f5es nas condi\u00e7\u00f5es de acesso ao mercado chin\u00eas e com a evolu\u00e7\u00e3o dos pre\u00e7os internacionais.<\/p>\n<p class=\"wp-block-paragraph\">Segundo a consultora da Famasul, o desempenho das exporta\u00e7\u00f5es no segundo semestre depender\u00e1 da diversifica\u00e7\u00e3o dos mercados, da competitividade da carne brasileira, do c\u00e2mbio, dos pre\u00e7os internacionais e das condi\u00e7\u00f5es de acesso aos principais compradores.<\/p>\n<p class=\"wp-block-paragraph\">\u201cO c\u00e2mbio, os pre\u00e7os internacionais e as condi\u00e7\u00f5es de acesso aos principais mercados tamb\u00e9m ser\u00e3o determinantes para a forma\u00e7\u00e3o da receita do setor no segundo semestre\u201d, explica.<\/p>\n<h6 class=\"wp-block-heading\">Leia tamb\u00e9m:<\/h6>\n<p class=\"wp-block-paragraph\"><a href=\"https:\/\/midiamax.com.br\/cotidiano\/2026\/bloqueio-importacao-carne-europa-preocupa-criadores-nelore-ms\/\">Bloqueio na importa\u00e7\u00e3o da carne na Europa preocupa criadores de nelore em MS<\/a><\/p>\n<figure class=\"wp-block-image is-resized\"><img decoding=\"async\" src=\"https:\/\/cdn.midiamax.com.br\/wp-content\/uploads\/2025\/04\/nelore-mocho-na-expogrande-2025-300x200.jpg\" alt=\"Expogrande \u00e9 \u2018exposi\u00e7\u00e3o ouro\u2019 dos rankings nelore mocho e pelagens\" style=\"aspect-ratio:1.5;width:300px;height:auto\"><\/figure>\n<p class=\"wp-block-paragraph\"><a href=\"https:\/\/midiamax.com.br\/cotidiano\/2026\/bloqueio-importacao-carne-europa-preocupa-criadores-nelore-ms\/\"><\/a>Ra\u00e7a nelore comp\u00f5e maior parte do rebanho nacional<\/p>\n<p class=\"wp-block-paragraph\"><a href=\"https:\/\/midiamax.com.br\/\"><img loading=\"lazy\" decoding=\"async\" src=\"https:\/\/cdn.midiamax.com.br\/wp-content\/uploads\/2022\/05\/favicon_midiamax-150x150.png\" srcset=\"https:\/\/cdn.midiamax.com.br\/wp-content\/uploads\/2022\/05\/favicon_midiamax-150x150.png 2x\" alt=\"\" width=\"32\" height=\"32\">Midiamax | Jornal de Campo Grande e Mato Grosso do Sul<\/a><\/p>\n<p class=\"wp-block-paragraph\"><a href=\"https:\/\/midiamax.com.br\/cotidiano\/2026\/bloqueio-importacao-carne-europa-preocupa-criadores-nelore-ms\/embed\/#?secret=rAWYze9nJu%23?secret=FWrc7Ez8hJ\">https:\/\/midiamax.com.br\/cotidiano\/2026\/bloqueio-importacao-carne-europa-preocupa-criadores-nelore-ms\/embed\/#?secret=rAWYze9nJu#?secret=FWrc7Ez8hJ<\/a><\/p>\n<h2 class=\"wp-block-heading\"><img decoding=\"async\" src=\"https:\/\/s.w.org\/images\/core\/emoji\/17.0.2\/72x72\/1f4ac.png\" alt=\"\ud83d\udcac\" class=\"wp-smiley\" style=\"height: 1em; max-height: 1em;\"> Fale com os jornalistas do Midiamax<\/h2>\n<p class=\"wp-block-paragraph\">Tem alguma <strong>den\u00fancia<\/strong>, <strong>flagrante<\/strong>, <strong>reclama\u00e7\u00e3o<\/strong> ou <strong>sugest\u00e3o<\/strong> de pauta para o <strong>Jornal Midiamax<\/strong>?<\/p>\n<p><img decoding=\"async\" src=\"https:\/\/s.w.org\/images\/core\/emoji\/17.0.2\/72x72\/1f5e3.png\" alt=\"\ud83d\udde3\" class=\"wp-smiley\" style=\"height: 1em; max-height: 1em;\"> Envie direto para nossos jornalistas pelo <a href=\"https:\/\/api.whatsapp.com\/send?phone=5567992074330&amp;text=Digite%20aqui%20sua%20den%C3%BAncia.%20Se%20tiver%20fotos%20e%20v%C3%ADdeo%2C%20envie%20tamb%C3%A9m.\">WhatsApp (67) 99207-4330<\/a>. O sigilo est\u00e1 garantido na lei.<\/p>\n<p class=\"wp-block-paragraph\"><img decoding=\"async\" src=\"https:\/\/s.w.org\/images\/core\/emoji\/17.0.2\/72x72\/2705.png\" alt=\"\u2705\" class=\"wp-smiley\" style=\"height: 1em; max-height: 1em;\"> Clique no nome de qualquer uma das plataformas abaixo para nos encontrar nas redes sociais:<br \/><a href=\"https:\/\/www.instagram.com\/midiamax\/\">Instagram<\/a>, <a href=\"https:\/\/www.facebook.com\/midiamax\">Facebook<\/a>, <a href=\"https:\/\/www.tiktok.com\/@midiamax\">TikTok<\/a>, <a href=\"https:\/\/www.youtube.com\/@jornal.midiamax\">YouTube<\/a>, <a href=\"https:\/\/whatsapp.com\/channel\/0029Va7FGJa9cDDXCIIEOn3d\">WhatsApp<\/a>, <a href=\"https:\/\/bsky.app\/profile\/midiamax.bsky.social\">Bluesky<\/a> e <a href=\"https:\/\/www.threads.net\/@midiamax?hl=pt-br\">Threads<\/a>.<\/p>\n<p class=\"wp-block-paragraph\">(Revis\u00e3o: D\u00e1fini Lisboa)<\/p>\n<p class=\"wp-block-paragraph\">Midiamax<\/p>\n<p><!-- bloco-portais-jbr --><\/p>\n<div class=\"box-portais-jbr\" style=\"border:1px solid #e0e0e0;padding:16px 18px;margin:24px 0;border-radius:8px;background:#f9f9f9;font-size:0.95rem;\">\n<p style=\"margin:0 0 10px 0;font-weight:600;\">\n        Continue sempre bem informado acessando nossos portais:\n    <\/p>\n<ul style=\"margin:0;padding-left:20px;\">\n<li style=\"margin-bottom:8px;\">\n            <strong><a href=\"https:\/\/jornaldiadia.com.br\/\" target=\"_blank\" rel=\"noopener\" style=\"text-decoration:none;\">Jornal Dia Dia<\/a><\/strong> \u2013<br \/>\n            Sua fonte confi\u00e1vel para as melhores not\u00edcias e artigos \u00fateis. Fique por dentro dos acontecimentos mais importantes, dicas pr\u00e1ticas e conte\u00fados de qualidade.\n        <\/li>\n<li style=\"margin-bottom:8px;\">\n            <strong><a href=\"https:\/\/jbr.jor.br\/\" target=\"_blank\" rel=\"noopener\" style=\"text-decoration:none;\">Jornal Brasil Regional (JBR)<\/a><\/strong> \u2013<br \/>\n            O pulso do pa\u00eds em tempo real. Not\u00edcias nacionais, regionais e internacionais com \u00e9tica e credibilidade.\n        <\/li>\n<li style=\"margin-bottom:8px;\">\n            <strong><a href=\"https:\/\/castilho.jor.br\/\" target=\"_blank\" rel=\"noopener\" style=\"text-decoration:none;\">Castilho Not\u00edcias (News)<\/a><\/strong> \u2013<br \/>\n            O seu di\u00e1rio local com cobertura de Castilho e Regi\u00e3o (SP). Jornalismo com credibilidade.\n        <\/li>\n<li style=\"margin-bottom:8px;\">\n            <strong><a href=\"https:\/\/casaejardim.net.br\/\" target=\"_blank\" rel=\"noopener\" style=\"text-decoration:none;\">Casa e Jardim<\/a><\/strong> \u2013<br \/>\n            Dicas exclusivas sobre decora\u00e7\u00e3o, jardinagem, arquitetura, DIY, reformas e muito mais. Tend\u00eancias, solu\u00e7\u00f5es pr\u00e1ticas e ideias criativas para todos os estilos e or\u00e7amentos.\n        <\/li>\n<li style=\"margin-bottom:0;\">\n            <strong><a href=\"https:\/\/b10.net.br\/\" target=\"_blank\" rel=\"noopener\" style=\"text-decoration:none;\">B10 Brasil<\/a><\/strong> \u2013<br \/>\n            As principais not\u00edcias, an\u00e1lises e insights sobre neg\u00f3cios, economia e soberania nacional. Conectando o Brasil ao mundo com intelig\u00eancia e estrat\u00e9gia.\n        <\/li>\n<\/ul>\n<\/div>\n<p><!-- \/bloco-portais-jbr --><\/div>\n","protected":false},"excerpt":{"rendered":"<p>Carne movimentou US$ 1,33 bilh\u00e3o nas exporta\u00e7\u00f5es de MS, mas setor enfrenta novas barreiras nos principais mercados Lethycia Anjos \u2013 03\/09\/2026 \u2013 08:13 \u2013 A\u00e7ougue. (Arquivo Midiamax) A carne produzida em Mato Grosso do Sul perde espa\u00e7o em um importante mercado internacional a partir desta quinta-feira (3). \u00c9 que a<span class=\"more-link\"><a href=\"http:\/\/diadianews.com\/index.php\/2026\/09\/03\/suspensao-das-importacoes-para-a-europa-pode-deixar-carne-de-ms-mais-barata-ao-consumidor\/\">Continue Reading<\/a><\/span><\/p>\n","protected":false},"author":1,"featured_media":8426,"comment_status":"closed","ping_status":"closed","sticky":false,"template":"","format":"standard","meta":{"footnotes":""},"categories":[1],"tags":[],"class_list":["entry","author-valdei","post-8425","post","type-post","status-publish","format-standard","has-post-thumbnail","category-news-do-dia"],"_links":{"self":[{"href":"http:\/\/diadianews.com\/index.php\/wp-json\/wp\/v2\/posts\/8425","targetHints":{"allow":["GET"]}}],"collection":[{"href":"http:\/\/diadianews.com\/index.php\/wp-json\/wp\/v2\/posts"}],"about":[{"href":"http:\/\/diadianews.com\/index.php\/wp-json\/wp\/v2\/types\/post"}],"author":[{"embeddable":true,"href":"http:\/\/diadianews.com\/index.php\/wp-json\/wp\/v2\/users\/1"}],"replies":[{"embeddable":true,"href":"http:\/\/diadianews.com\/index.php\/wp-json\/wp\/v2\/comments?post=8425"}],"version-history":[{"count":0,"href":"http:\/\/diadianews.com\/index.php\/wp-json\/wp\/v2\/posts\/8425\/revisions"}],"wp:featuredmedia":[{"embeddable":true,"href":"http:\/\/diadianews.com\/index.php\/wp-json\/wp\/v2\/media\/8426"}],"wp:attachment":[{"href":"http:\/\/diadianews.com\/index.php\/wp-json\/wp\/v2\/media?parent=8425"}],"wp:term":[{"taxonomy":"category","embeddable":true,"href":"http:\/\/diadianews.com\/index.php\/wp-json\/wp\/v2\/categories?post=8425"},{"taxonomy":"post_tag","embeddable":true,"href":"http:\/\/diadianews.com\/index.php\/wp-json\/wp\/v2\/tags?post=8425"}],"curies":[{"name":"wp","href":"https:\/\/api.w.org\/{rel}","templated":true}]}}