{"id":8444,"date":"2026-09-03T15:19:07","date_gmt":"2026-09-03T18:19:07","guid":{"rendered":"https:\/\/diadianews.com\/index.php\/2026\/09\/03\/forum-de-tres-lagoas-ganha-5a-vara-civel-e-sala-lilas-para-apoio-a-mulheres\/"},"modified":"2026-09-03T15:19:07","modified_gmt":"2026-09-03T18:19:07","slug":"forum-de-tres-lagoas-ganha-5a-vara-civel-e-sala-lilas-para-apoio-a-mulheres","status":"publish","type":"post","link":"http:\/\/diadianews.com\/index.php\/2026\/09\/03\/forum-de-tres-lagoas-ganha-5a-vara-civel-e-sala-lilas-para-apoio-a-mulheres\/","title":{"rendered":"F\u00f3rum de Tr\u00eas Lagoas ganha 5\u00aa Vara C\u00edvel e Sala Lil\u00e1s para apoio a mulheres"},"content":{"rendered":"<div>\n<p><strong>F\u00f3rum de Tr\u00eas Lagoas ganha 5\u00aa Vara C\u00edvel e Sala Lil\u00e1s para apoio a mulheres<\/strong><\/p>\n<\/p>\n<div>O F\u00f3rum de Tr\u00eas Lagoas recebeu, nesta quinta-feira (3), a instala\u00e7\u00e3o da 5\u00aa Vara C\u00edvel e a inaugura\u00e7\u00e3o da Sala Lil\u00e1s, um espa\u00e7o dedicado ao acolhimento de mulheres v\u00edtimas de viol\u00eancia dom\u00e9stica. A cerim\u00f4nia contou com a presen\u00e7a do presidente do Tribunal de Justi\u00e7a de Mato Grosso do Sul, Dorival<\/div>\n<p>\nLeia a reportagem completa em:<br \/>\n<a href=\"https:\/\/jbr.jor.br\/forum-tres-lagoas-vara-civel-sala-lilas\/\" target=\"_blank\" rel=\"noopener noreferrer\"><br \/>\nJBR Jornal Brasil Regional<br \/>\n<\/a>\n<\/p>\n<p><!-- bloco-portais-jbr --><\/p>\n<div class=\"box-portais-jbr\" style=\"border:1px solid #e0e0e0;padding:16px 18px;margin:24px 0;border-radius:8px;background:#f9f9f9;font-size:0.95rem;\">\n<p style=\"margin:0 0 10px 0;font-weight:600;\">\n        Continue sempre bem informado acessando nossos portais:\n    <\/p>\n<ul style=\"margin:0;padding-left:20px;\">\n<li style=\"margin-bottom:8px;\">\n            <strong><a href=\"https:\/\/jornaldiadia.com.br\/\" target=\"_blank\" rel=\"noopener\" style=\"text-decoration:none;\">Jornal Dia Dia<\/a><\/strong> \u2013<br \/>\n            Sua fonte confi\u00e1vel para as melhores not\u00edcias e artigos \u00fateis. Fique por dentro dos acontecimentos mais importantes, dicas pr\u00e1ticas e conte\u00fados de qualidade.\n<\/li>\n<li style=\"margin-bottom:8px;\">\n            <strong><a href=\"https:\/\/jbr.jor.br\/\" target=\"_blank\" rel=\"noopener\" style=\"text-decoration:none;\">Jornal Brasil Regional (JBR)<\/a><\/strong> \u2013<br \/>\n            O pulso do pa\u00eds em tempo real. Not\u00edcias nacionais, regionais e internacionais com \u00e9tica e credibilidade.\n        <\/li>\n<li style=\"margin-bottom:8px;\">\n            <strong><a href=\"https:\/\/castilho.jor.br\/\" target=\"_blank\" rel=\"noopener\" style=\"text-decoration:none;\">Castilho Not\u00edcias (News)<\/a><\/strong> \u2013<br \/>\n            O seu di\u00e1rio local com cobertura de Castilho e Regi\u00e3o (SP). Jornalismo com credibilidade.\n        <\/li>\n<li style=\"margin-bottom:8px;\">\n            <strong><a href=\"https:\/\/casaejardim.net.br\/\" target=\"_blank\" rel=\"noopener\" style=\"text-decoration:none;\">Casa e Jardim<\/a><\/strong> \u2013<br \/>\n            Dicas exclusivas sobre decora\u00e7\u00e3o, jardinagem, arquitetura, DIY, reformas e muito mais. Tend\u00eancias, solu\u00e7\u00f5es pr\u00e1ticas e ideias criativas para todos os estilos e or\u00e7amentos.\n        <\/li>\n<li style=\"margin-bottom:0;\">\n            <strong><a href=\"https:\/\/b10.net.br\/\" target=\"_blank\" rel=\"noopener\" style=\"text-decoration:none;\">B10 Brasil<\/a><\/strong> \u2013<br \/>\n            As principais not\u00edcias, an\u00e1lises e insights sobre neg\u00f3cios, economia e soberania nacional. Conectando o Brasil ao mundo com intelig\u00eancia e estrat\u00e9gia.\n        <\/li>\n<\/ul>\n<\/div>\n<p><!-- \/bloco-portais-jbr --><\/p>\n<\/div>\n","protected":false},"excerpt":{"rendered":"<p>F\u00f3rum de Tr\u00eas Lagoas ganha 5\u00aa Vara C\u00edvel e Sala Lil\u00e1s para apoio a mulheres O F\u00f3rum de Tr\u00eas Lagoas recebeu, nesta quinta-feira (3), a instala\u00e7\u00e3o da 5\u00aa Vara C\u00edvel e a inaugura\u00e7\u00e3o da Sala Lil\u00e1s, um espa\u00e7o dedicado ao acolhimento de mulheres v\u00edtimas de viol\u00eancia dom\u00e9stica. A cerim\u00f4nia contou<span class=\"more-link\"><a href=\"http:\/\/diadianews.com\/index.php\/2026\/09\/03\/forum-de-tres-lagoas-ganha-5a-vara-civel-e-sala-lilas-para-apoio-a-mulheres\/\">Continue Reading<\/a><\/span><\/p>\n","protected":false},"author":1,"featured_media":8445,"comment_status":"closed","ping_status":"closed","sticky":false,"template":"","format":"standard","meta":{"footnotes":""},"categories":[1],"tags":[],"class_list":["entry","author-valdei","post-8444","post","type-post","status-publish","format-standard","has-post-thumbnail","category-news-do-dia"],"_links":{"self":[{"href":"http:\/\/diadianews.com\/index.php\/wp-json\/wp\/v2\/posts\/8444","targetHints":{"allow":["GET"]}}],"collection":[{"href":"http:\/\/diadianews.com\/index.php\/wp-json\/wp\/v2\/posts"}],"about":[{"href":"http:\/\/diadianews.com\/index.php\/wp-json\/wp\/v2\/types\/post"}],"author":[{"embeddable":true,"href":"http:\/\/diadianews.com\/index.php\/wp-json\/wp\/v2\/users\/1"}],"replies":[{"embeddable":true,"href":"http:\/\/diadianews.com\/index.php\/wp-json\/wp\/v2\/comments?post=8444"}],"version-history":[{"count":0,"href":"http:\/\/diadianews.com\/index.php\/wp-json\/wp\/v2\/posts\/8444\/revisions"}],"wp:featuredmedia":[{"embeddable":true,"href":"http:\/\/diadianews.com\/index.php\/wp-json\/wp\/v2\/media\/8445"}],"wp:attachment":[{"href":"http:\/\/diadianews.com\/index.php\/wp-json\/wp\/v2\/media?parent=8444"}],"wp:term":[{"taxonomy":"category","embeddable":true,"href":"http:\/\/diadianews.com\/index.php\/wp-json\/wp\/v2\/categories?post=8444"},{"taxonomy":"post_tag","embeddable":true,"href":"http:\/\/diadianews.com\/index.php\/wp-json\/wp\/v2\/tags?post=8444"}],"curies":[{"name":"wp","href":"https:\/\/api.w.org\/{rel}","templated":true}]}}