{"id":8486,"date":"2026-09-04T07:33:05","date_gmt":"2026-09-04T10:33:05","guid":{"rendered":"https:\/\/diadianews.com\/index.php\/2026\/09\/04\/calor-intenso-marca-a-previsao-de-sexta-feira-em-tres-lagoas-com-maxima-de-38c\/"},"modified":"2026-09-04T07:33:05","modified_gmt":"2026-09-04T10:33:05","slug":"calor-intenso-marca-a-previsao-de-sexta-feira-em-tres-lagoas-com-maxima-de-38c","status":"publish","type":"post","link":"http:\/\/diadianews.com\/index.php\/2026\/09\/04\/calor-intenso-marca-a-previsao-de-sexta-feira-em-tres-lagoas-com-maxima-de-38c\/","title":{"rendered":"Calor intenso marca a previs\u00e3o de sexta-feira em Tr\u00eas Lagoas com m\u00e1xima de 38\u00b0C"},"content":{"rendered":"<div>\n<p><strong>Calor intenso marca a previs\u00e3o de sexta-feira em Tr\u00eas Lagoas com m\u00e1xima de 38\u00b0C<\/strong><\/p>\n<\/p>\n<div><img width=\"768\" height=\"433\" src=\"https:\/\/jbr.jor.br\/wp-content\/uploads\/2026\/09\/20250811_061828-1024x577-1-768x433.webp\" class=\"webfeedsFeaturedVisual wp-post-image\" alt=\"Calor intenso marca a previs\u00e3o de sexta-feira em Tr\u00eas Lagoas com m\u00e1xima de 38\u00b0C\" style=\"float: left; margin-right: 5px;\" link_thumbnail=\"\" decoding=\"async\" fetchpriority=\"high\" srcset=\"https:\/\/jbr.jor.br\/wp-content\/uploads\/2026\/09\/20250811_061828-1024x577-1-768x433.webp 768w, https:\/\/jbr.jor.br\/wp-content\/uploads\/2026\/09\/20250811_061828-1024x577-1-300x169.webp 300w, https:\/\/jbr.jor.br\/wp-content\/uploads\/2026\/09\/20250811_061828-1024x577-1-465x262.webp 465w, https:\/\/jbr.jor.br\/wp-content\/uploads\/2026\/09\/20250811_061828-1024x577-1-695x392.webp 695w, https:\/\/jbr.jor.br\/wp-content\/uploads\/2026\/09\/20250811_061828-1024x577-1.webp 1024w\" sizes=\"(max-width: 768px) 100vw, 768px\" itemprop=\"image\">Tr\u00eas Lagoas se prepara para uma sexta-feira, 04 de setembro de 2026, com temperaturas elevadas, podendo chegar a 38\u00b0C, segundo o Instituto Nacional de Meteorologia (INMET). A m\u00ednima deve ficar em torno de 20\u00b0C, e a umidade relativa do ar variar\u00e1 entre 25% e 80%. Condi\u00e7\u00f5es clim\u00e1ticas e recomenda\u00e7\u00f5es Ao<\/div>\n<p>\nLeia a reportagem completa em:<br \/>\n<a href=\"https:\/\/jbr.jor.br\/calor-intenso-tres-lagoas\/\" target=\"_blank\" rel=\"noopener noreferrer\"><br \/>\nJBR Jornal Brasil Regional<br \/>\n<\/a>\n<\/p>\n<p><!-- bloco-portais-jbr --><\/p>\n<div class=\"box-portais-jbr\" style=\"border:1px solid #e0e0e0;padding:16px 18px;margin:24px 0;border-radius:8px;background:#f9f9f9;font-size:0.95rem;\">\n<p style=\"margin:0 0 10px 0;font-weight:600;\">\n        Continue sempre bem informado acessando nossos portais:\n    <\/p>\n<ul style=\"margin:0;padding-left:20px;\">\n<li style=\"margin-bottom:8px;\">\n            <strong><a href=\"https:\/\/jornaldiadia.com.br\/\" target=\"_blank\" rel=\"noopener\" style=\"text-decoration:none;\">Jornal Dia Dia<\/a><\/strong> \u2013<br \/>\n            Sua fonte confi\u00e1vel para as melhores not\u00edcias e artigos \u00fateis. Fique por dentro dos acontecimentos mais importantes, dicas pr\u00e1ticas e conte\u00fados de qualidade.\n<\/li>\n<li style=\"margin-bottom:8px;\">\n            <strong><a href=\"https:\/\/jbr.jor.br\/\" target=\"_blank\" rel=\"noopener\" style=\"text-decoration:none;\">Jornal Brasil Regional (JBR)<\/a><\/strong> \u2013<br \/>\n            O pulso do pa\u00eds em tempo real. Not\u00edcias nacionais, regionais e internacionais com \u00e9tica e credibilidade.\n        <\/li>\n<li style=\"margin-bottom:8px;\">\n            <strong><a href=\"https:\/\/castilho.jor.br\/\" target=\"_blank\" rel=\"noopener\" style=\"text-decoration:none;\">Castilho Not\u00edcias (News)<\/a><\/strong> \u2013<br \/>\n            O seu di\u00e1rio local com cobertura de Castilho e Regi\u00e3o (SP). Jornalismo com credibilidade.\n        <\/li>\n<li style=\"margin-bottom:8px;\">\n            <strong><a href=\"https:\/\/casaejardim.net.br\/\" target=\"_blank\" rel=\"noopener\" style=\"text-decoration:none;\">Casa e Jardim<\/a><\/strong> \u2013<br \/>\n            Dicas exclusivas sobre decora\u00e7\u00e3o, jardinagem, arquitetura, DIY, reformas e muito mais. Tend\u00eancias, solu\u00e7\u00f5es pr\u00e1ticas e ideias criativas para todos os estilos e or\u00e7amentos.\n        <\/li>\n<li style=\"margin-bottom:0;\">\n            <strong><a href=\"https:\/\/b10.net.br\/\" target=\"_blank\" rel=\"noopener\" style=\"text-decoration:none;\">B10 Brasil<\/a><\/strong> \u2013<br \/>\n            As principais not\u00edcias, an\u00e1lises e insights sobre neg\u00f3cios, economia e soberania nacional. Conectando o Brasil ao mundo com intelig\u00eancia e estrat\u00e9gia.\n        <\/li>\n<\/ul>\n<\/div>\n<p><!-- \/bloco-portais-jbr --><\/p>\n<\/div>\n","protected":false},"excerpt":{"rendered":"<p>Calor intenso marca a previs\u00e3o de sexta-feira em Tr\u00eas Lagoas com m\u00e1xima de 38\u00b0C Tr\u00eas Lagoas se prepara para uma sexta-feira, 04 de setembro de 2026, com temperaturas elevadas, podendo chegar a 38\u00b0C, segundo o Instituto Nacional de Meteorologia (INMET). A m\u00ednima deve ficar em torno de 20\u00b0C, e a<span class=\"more-link\"><a href=\"http:\/\/diadianews.com\/index.php\/2026\/09\/04\/calor-intenso-marca-a-previsao-de-sexta-feira-em-tres-lagoas-com-maxima-de-38c\/\">Continue Reading<\/a><\/span><\/p>\n","protected":false},"author":1,"featured_media":8487,"comment_status":"closed","ping_status":"closed","sticky":false,"template":"","format":"standard","meta":{"footnotes":""},"categories":[1],"tags":[],"class_list":["entry","author-valdei","post-8486","post","type-post","status-publish","format-standard","has-post-thumbnail","category-news-do-dia"],"_links":{"self":[{"href":"http:\/\/diadianews.com\/index.php\/wp-json\/wp\/v2\/posts\/8486","targetHints":{"allow":["GET"]}}],"collection":[{"href":"http:\/\/diadianews.com\/index.php\/wp-json\/wp\/v2\/posts"}],"about":[{"href":"http:\/\/diadianews.com\/index.php\/wp-json\/wp\/v2\/types\/post"}],"author":[{"embeddable":true,"href":"http:\/\/diadianews.com\/index.php\/wp-json\/wp\/v2\/users\/1"}],"replies":[{"embeddable":true,"href":"http:\/\/diadianews.com\/index.php\/wp-json\/wp\/v2\/comments?post=8486"}],"version-history":[{"count":0,"href":"http:\/\/diadianews.com\/index.php\/wp-json\/wp\/v2\/posts\/8486\/revisions"}],"wp:featuredmedia":[{"embeddable":true,"href":"http:\/\/diadianews.com\/index.php\/wp-json\/wp\/v2\/media\/8487"}],"wp:attachment":[{"href":"http:\/\/diadianews.com\/index.php\/wp-json\/wp\/v2\/media?parent=8486"}],"wp:term":[{"taxonomy":"category","embeddable":true,"href":"http:\/\/diadianews.com\/index.php\/wp-json\/wp\/v2\/categories?post=8486"},{"taxonomy":"post_tag","embeddable":true,"href":"http:\/\/diadianews.com\/index.php\/wp-json\/wp\/v2\/tags?post=8486"}],"curies":[{"name":"wp","href":"https:\/\/api.w.org\/{rel}","templated":true}]}}