{"id":8518,"date":"2026-09-04T12:03:20","date_gmt":"2026-09-04T15:03:20","guid":{"rendered":"https:\/\/diadianews.com\/index.php\/2026\/09\/04\/campeonato-municipal-de-futebol-amador-tera-rodada-no-domingo-6-em-tres-lagoas\/"},"modified":"2026-09-04T12:03:20","modified_gmt":"2026-09-04T15:03:20","slug":"campeonato-municipal-de-futebol-amador-tera-rodada-no-domingo-6-em-tres-lagoas","status":"publish","type":"post","link":"http:\/\/diadianews.com\/index.php\/2026\/09\/04\/campeonato-municipal-de-futebol-amador-tera-rodada-no-domingo-6-em-tres-lagoas\/","title":{"rendered":"Campeonato Municipal de Futebol Amador ter\u00e1 rodada no domingo (6) em Tr\u00eas Lagoas"},"content":{"rendered":"<div>\n<p><strong>Campeonato Municipal de Futebol Amador ter\u00e1 rodada no domingo (6) em Tr\u00eas Lagoas<\/strong><\/p>\n<\/p>\n<div><img width=\"420\" height=\"280\" src=\"https:\/\/jbr.jor.br\/wp-content\/uploads\/2026\/09\/WhatsApp-Image-2026-09-04-at-100413.webp\" class=\"webfeedsFeaturedVisual wp-post-image\" alt=\"Campeonato Municipal de Futebol Amador ter\u00e1 rodada no domingo (6) em Tr\u00eas Lagoas\" style=\"float: left; margin-right: 5px;\" link_thumbnail=\"\" decoding=\"async\" fetchpriority=\"high\" srcset=\"https:\/\/jbr.jor.br\/wp-content\/uploads\/2026\/09\/WhatsApp-Image-2026-09-04-at-100413.webp 420w, https:\/\/jbr.jor.br\/wp-content\/uploads\/2026\/09\/WhatsApp-Image-2026-09-04-at-100413-300x200.webp 300w\" sizes=\"(max-width: 420px) 100vw, 420px\" itemprop=\"image\">No pr\u00f3ximo domingo, 6 de setembro, o Campeonato Municipal de Futebol Amador de Tr\u00eas Lagoas realizar\u00e1 mais uma rodada, marcada para ocorrer no Est\u00e1dio Madrugad\u00e3o. A competi\u00e7\u00e3o, promovida pela Prefeitura local atrav\u00e9s da Secretaria Municipal de Esporte, Juventude e Lazer (SEJUVEL), chega \u00e0 sua 9\u00aa rodada. Programa\u00e7\u00e3o dos Jogos A<\/div>\n<p>\nLeia a reportagem completa em:<br \/>\n<a href=\"https:\/\/jbr.jor.br\/campeonato-futebol-amador-tres-lagoas\/\" target=\"_blank\" rel=\"noopener noreferrer\"><br \/>\nJBR Jornal Brasil Regional<br \/>\n<\/a>\n<\/p>\n<p><!-- bloco-portais-jbr --><\/p>\n<div class=\"box-portais-jbr\" style=\"border:1px solid #e0e0e0;padding:16px 18px;margin:24px 0;border-radius:8px;background:#f9f9f9;font-size:0.95rem;\">\n<p style=\"margin:0 0 10px 0;font-weight:600;\">\n        Continue sempre bem informado acessando nossos portais:\n    <\/p>\n<ul style=\"margin:0;padding-left:20px;\">\n<li style=\"margin-bottom:8px;\">\n            <strong><a href=\"https:\/\/jornaldiadia.com.br\/\" target=\"_blank\" rel=\"noopener\" style=\"text-decoration:none;\">Jornal Dia Dia<\/a><\/strong> \u2013<br \/>\n            Sua fonte confi\u00e1vel para as melhores not\u00edcias e artigos \u00fateis. Fique por dentro dos acontecimentos mais importantes, dicas pr\u00e1ticas e conte\u00fados de qualidade.\n<\/li>\n<li style=\"margin-bottom:8px;\">\n            <strong><a href=\"https:\/\/jbr.jor.br\/\" target=\"_blank\" rel=\"noopener\" style=\"text-decoration:none;\">Jornal Brasil Regional (JBR)<\/a><\/strong> \u2013<br \/>\n            O pulso do pa\u00eds em tempo real. Not\u00edcias nacionais, regionais e internacionais com \u00e9tica e credibilidade.\n        <\/li>\n<li style=\"margin-bottom:8px;\">\n            <strong><a href=\"https:\/\/castilho.jor.br\/\" target=\"_blank\" rel=\"noopener\" style=\"text-decoration:none;\">Castilho Not\u00edcias (News)<\/a><\/strong> \u2013<br \/>\n            O seu di\u00e1rio local com cobertura de Castilho e Regi\u00e3o (SP). Jornalismo com credibilidade.\n        <\/li>\n<li style=\"margin-bottom:8px;\">\n            <strong><a href=\"https:\/\/casaejardim.net.br\/\" target=\"_blank\" rel=\"noopener\" style=\"text-decoration:none;\">Casa e Jardim<\/a><\/strong> \u2013<br \/>\n            Dicas exclusivas sobre decora\u00e7\u00e3o, jardinagem, arquitetura, DIY, reformas e muito mais. Tend\u00eancias, solu\u00e7\u00f5es pr\u00e1ticas e ideias criativas para todos os estilos e or\u00e7amentos.\n        <\/li>\n<li style=\"margin-bottom:0;\">\n            <strong><a href=\"https:\/\/b10.net.br\/\" target=\"_blank\" rel=\"noopener\" style=\"text-decoration:none;\">B10 Brasil<\/a><\/strong> \u2013<br \/>\n            As principais not\u00edcias, an\u00e1lises e insights sobre neg\u00f3cios, economia e soberania nacional. Conectando o Brasil ao mundo com intelig\u00eancia e estrat\u00e9gia.\n        <\/li>\n<\/ul>\n<\/div>\n<p><!-- \/bloco-portais-jbr --><\/p>\n<\/div>\n","protected":false},"excerpt":{"rendered":"<p>Campeonato Municipal de Futebol Amador ter\u00e1 rodada no domingo (6) em Tr\u00eas Lagoas No pr\u00f3ximo domingo, 6 de setembro, o Campeonato Municipal de Futebol Amador de Tr\u00eas Lagoas realizar\u00e1 mais uma rodada, marcada para ocorrer no Est\u00e1dio Madrugad\u00e3o. A competi\u00e7\u00e3o, promovida pela Prefeitura local atrav\u00e9s da Secretaria Municipal de Esporte,<span class=\"more-link\"><a href=\"http:\/\/diadianews.com\/index.php\/2026\/09\/04\/campeonato-municipal-de-futebol-amador-tera-rodada-no-domingo-6-em-tres-lagoas\/\">Continue Reading<\/a><\/span><\/p>\n","protected":false},"author":1,"featured_media":8519,"comment_status":"closed","ping_status":"closed","sticky":false,"template":"","format":"standard","meta":{"footnotes":""},"categories":[1],"tags":[],"class_list":["entry","author-valdei","post-8518","post","type-post","status-publish","format-standard","has-post-thumbnail","category-news-do-dia"],"_links":{"self":[{"href":"http:\/\/diadianews.com\/index.php\/wp-json\/wp\/v2\/posts\/8518","targetHints":{"allow":["GET"]}}],"collection":[{"href":"http:\/\/diadianews.com\/index.php\/wp-json\/wp\/v2\/posts"}],"about":[{"href":"http:\/\/diadianews.com\/index.php\/wp-json\/wp\/v2\/types\/post"}],"author":[{"embeddable":true,"href":"http:\/\/diadianews.com\/index.php\/wp-json\/wp\/v2\/users\/1"}],"replies":[{"embeddable":true,"href":"http:\/\/diadianews.com\/index.php\/wp-json\/wp\/v2\/comments?post=8518"}],"version-history":[{"count":0,"href":"http:\/\/diadianews.com\/index.php\/wp-json\/wp\/v2\/posts\/8518\/revisions"}],"wp:featuredmedia":[{"embeddable":true,"href":"http:\/\/diadianews.com\/index.php\/wp-json\/wp\/v2\/media\/8519"}],"wp:attachment":[{"href":"http:\/\/diadianews.com\/index.php\/wp-json\/wp\/v2\/media?parent=8518"}],"wp:term":[{"taxonomy":"category","embeddable":true,"href":"http:\/\/diadianews.com\/index.php\/wp-json\/wp\/v2\/categories?post=8518"},{"taxonomy":"post_tag","embeddable":true,"href":"http:\/\/diadianews.com\/index.php\/wp-json\/wp\/v2\/tags?post=8518"}],"curies":[{"name":"wp","href":"https:\/\/api.w.org\/{rel}","templated":true}]}}