{"id":8536,"date":"2026-09-04T15:53:17","date_gmt":"2026-09-04T18:53:17","guid":{"rendered":"https:\/\/diadianews.com\/index.php\/2026\/09\/04\/capivara-com-filho-preferido-chama-atencao-nas-redes-e-cantor-de-ms-afirma-eu-que-filmei\/"},"modified":"2026-09-04T15:53:17","modified_gmt":"2026-09-04T18:53:17","slug":"capivara-com-filho-preferido-chama-atencao-nas-redes-e-cantor-de-ms-afirma-eu-que-filmei","status":"publish","type":"post","link":"http:\/\/diadianews.com\/index.php\/2026\/09\/04\/capivara-com-filho-preferido-chama-atencao-nas-redes-e-cantor-de-ms-afirma-eu-que-filmei\/","title":{"rendered":"Capivara com \u2018filho preferido\u2019 chama aten\u00e7\u00e3o nas redes e cantor de MS afirma: \u2018Eu que filmei\u2019"},"content":{"rendered":"<div>\n<p class=\"wp-block-paragraph\">(Foto: Reprodu\u00e7\u00e3o)<\/p>\n<p class=\"wp-block-paragraph\">Um post tem circulado nas redes sociais por exibir capivaras em uma situa\u00e7\u00e3o um tanto inusitada em <a href=\"https:\/\/midiamax.com.br\/municipios\/tres-lagoas\/\">Tr\u00eas Lagoas<\/a>, a 327 quil\u00f4metros de <a href=\"https:\/\/midiamax.com.br\/municipios\/campo-grande\/\">Campo Grande<\/a>.<\/p>\n<p class=\"wp-block-paragraph\">Nas imagens, um filhote de capivara \u00e9 visto pegando \u201ccarona\u201d nas costas de um exemplar adulto. A cena foi filmada pelo cantor sertanejo Jos\u00e9 Carvalho Jr., que ficou surpreso com o comportamento dos animais. \u201cAt\u00e9 as Capivaras est\u00e3o curtindo a vida aqu\u00e1tica\u201d, comentou.<\/p>\n<p class=\"wp-block-paragraph\">O comportamento dos animais repercutiu nas redes e cativou os internautas, que se encantaram com a grava\u00e7\u00e3o.<\/p>\n<p class=\"wp-block-paragraph\"><em>\u201cMagistral a fauna sul-mato-grossense\u201d<\/em>, <em>\u201cQue lindo! Tr\u00eas Lagoas \u00e9 diferente\u201d<\/em>, <em>\u201cQue imagem linda de se ver!\u201d<\/em>, disseram os seguidores do cantor. Por outro lado, outros brincaram que o filhot\u00e3o da \u201ccarona\u201d seria o filho adulto entre os animais que estavam curtindo a lagoa.<\/p>\n<p class=\"wp-block-paragraph\">No entanto, a imagem tamb\u00e9m gerou d\u00favidas, e houve quem questionou a veracidade do v\u00eddeo: \u201cIsso \u00e9 IA?\u201d.<\/p>\n<p class=\"wp-block-paragraph\"><a href=\"https:\/\/www.instagram.com\/reel\/DblpK06QAW5\/?utm_source=ig_web_copy_link&amp;igsi=NTc4MTIwNjQ2YQ==\">https:\/\/www.instagram.com\/reel\/DblpK06QAW5\/?utm_source=ig_web_copy_link&amp;igsi=NTc4MTIwNjQ2YQ==<\/a><\/p>\n<p class=\"wp-block-paragraph\">Para conferir se a cena teria sido gerada por intelig\u00eancia artificial, o <strong>Jornal Midiamax<\/strong> contatou o professor e bi\u00f3logo Jos\u00e9 Milton Longo para conferir a grava\u00e7\u00e3o. Segundo o especialista, apesar de n\u00e3o ser poss\u00edvel realizar uma an\u00e1lise t\u00e9cnica da imagem, o comportamento inusitado pode ser verdadeiro, sim.<\/p>\n<p class=\"wp-block-paragraph\">\u201cA f\u00edsica da \u00e1gua, o reflexo do p\u00f4r do sol, os movimentos dos animais e o desfoque natural da c\u00e2mera de celular s\u00e3o caracter\u00edsticos de um v\u00eddeo filmado na vida real\u2026 Desta forma, como \u2018dominam\u2019 bem o ambiente aqu\u00e1tico, \u00e9 poss\u00edvel, sim\u201d, observou o professor.<\/p>\n<p class=\"wp-block-paragraph\">O jornal submeteu a imagem \u00e0 an\u00e1lise, e duas plataformas consultadas n\u00e3o apontaram tratar-se de intelig\u00eancia artificial.<\/p>\n<h2 class=\"wp-block-heading\">Fale com os jornalistas do MidiaMAIS!<\/h2>\n<p class=\"wp-block-paragraph\">Tem algo legal para compartilhar com a gente?\u00a0<a href=\"https:\/\/api.whatsapp.com\/send?phone=556799657898&amp;text=Quero%20contar%20uma%20hist%C3%B3ria%20para%20o%20midiamais\">Fale direto com os jornalistas do MidiaMAIS atrav\u00e9s do WhatsApp.<\/a><\/p>\n<p class=\"wp-block-paragraph\">Mergulhe no universo do\u00a0<strong>entretenimento<\/strong>\u00a0e da\u00a0<strong>cultura<\/strong>\u00a0<a href=\"https:\/\/www.facebook.com\/groups\/379654620463392\/\">participando do nosso grupo no Facebook<\/a>: um lugar aberto ao bate-papo, troca de informa\u00e7\u00e3o, sugest\u00f5es, enquetes e muito mais. Voc\u00ea tamb\u00e9m pode acompanhar nossas atualiza\u00e7\u00f5es no\u00a0<a href=\"https:\/\/www.instagram.com\/midiamais.ms\/\">Instagram<\/a>\u00a0e no\u00a0<a href=\"https:\/\/www.tiktok.com\/@midiamax\">Tiktok<\/a>.<\/p>\n<p class=\"wp-block-paragraph\">(Revis\u00e3o: D\u00e1fini Lisboa)<\/p>\n<p class=\"wp-block-paragraph\">Midiamax<\/p>\n<p><!-- bloco-portais-jbr --><\/p>\n<div class=\"box-portais-jbr\" style=\"border:1px solid #e0e0e0;padding:16px 18px;margin:24px 0;border-radius:8px;background:#f9f9f9;font-size:0.95rem;\">\n<p style=\"margin:0 0 10px 0;font-weight:600;\">\n        Continue sempre bem informado acessando nossos portais:\n    <\/p>\n<ul style=\"margin:0;padding-left:20px;\">\n<li style=\"margin-bottom:8px;\">\n            <strong><a href=\"https:\/\/jornaldiadia.com.br\/\" target=\"_blank\" rel=\"noopener\" style=\"text-decoration:none;\">Jornal Dia Dia<\/a><\/strong> \u2013<br \/>\n            Sua fonte confi\u00e1vel para as melhores not\u00edcias e artigos \u00fateis. Fique por dentro dos acontecimentos mais importantes, dicas pr\u00e1ticas e conte\u00fados de qualidade.\n        <\/li>\n<li style=\"margin-bottom:8px;\">\n            <strong><a href=\"https:\/\/jbr.jor.br\/\" target=\"_blank\" rel=\"noopener\" style=\"text-decoration:none;\">Jornal Brasil Regional (JBR)<\/a><\/strong> \u2013<br \/>\n            O pulso do pa\u00eds em tempo real. Not\u00edcias nacionais, regionais e internacionais com \u00e9tica e credibilidade.\n        <\/li>\n<li style=\"margin-bottom:8px;\">\n            <strong><a href=\"https:\/\/castilho.jor.br\/\" target=\"_blank\" rel=\"noopener\" style=\"text-decoration:none;\">Castilho Not\u00edcias (News)<\/a><\/strong> \u2013<br \/>\n            O seu di\u00e1rio local com cobertura de Castilho e Regi\u00e3o (SP). Jornalismo com credibilidade.\n        <\/li>\n<li style=\"margin-bottom:8px;\">\n            <strong><a href=\"https:\/\/casaejardim.net.br\/\" target=\"_blank\" rel=\"noopener\" style=\"text-decoration:none;\">Casa e Jardim<\/a><\/strong> \u2013<br \/>\n            Dicas exclusivas sobre decora\u00e7\u00e3o, jardinagem, arquitetura, DIY, reformas e muito mais. Tend\u00eancias, solu\u00e7\u00f5es pr\u00e1ticas e ideias criativas para todos os estilos e or\u00e7amentos.\n        <\/li>\n<li style=\"margin-bottom:0;\">\n            <strong><a href=\"https:\/\/b10.net.br\/\" target=\"_blank\" rel=\"noopener\" style=\"text-decoration:none;\">B10 Brasil<\/a><\/strong> \u2013<br \/>\n            As principais not\u00edcias, an\u00e1lises e insights sobre neg\u00f3cios, economia e soberania nacional. Conectando o Brasil ao mundo com intelig\u00eancia e estrat\u00e9gia.\n        <\/li>\n<\/ul>\n<\/div>\n<p><!-- \/bloco-portais-jbr --><\/div>\n","protected":false},"excerpt":{"rendered":"<p>(Foto: Reprodu\u00e7\u00e3o) Um post tem circulado nas redes sociais por exibir capivaras em uma situa\u00e7\u00e3o um tanto inusitada em Tr\u00eas Lagoas, a 327 quil\u00f4metros de Campo Grande. Nas imagens, um filhote de capivara \u00e9 visto pegando \u201ccarona\u201d nas costas de um exemplar adulto. A cena foi filmada pelo cantor sertanejo<span class=\"more-link\"><a href=\"http:\/\/diadianews.com\/index.php\/2026\/09\/04\/capivara-com-filho-preferido-chama-atencao-nas-redes-e-cantor-de-ms-afirma-eu-que-filmei\/\">Continue Reading<\/a><\/span><\/p>\n","protected":false},"author":1,"featured_media":8537,"comment_status":"closed","ping_status":"closed","sticky":false,"template":"","format":"standard","meta":{"footnotes":""},"categories":[1],"tags":[],"class_list":["entry","author-valdei","post-8536","post","type-post","status-publish","format-standard","has-post-thumbnail","category-news-do-dia"],"_links":{"self":[{"href":"http:\/\/diadianews.com\/index.php\/wp-json\/wp\/v2\/posts\/8536","targetHints":{"allow":["GET"]}}],"collection":[{"href":"http:\/\/diadianews.com\/index.php\/wp-json\/wp\/v2\/posts"}],"about":[{"href":"http:\/\/diadianews.com\/index.php\/wp-json\/wp\/v2\/types\/post"}],"author":[{"embeddable":true,"href":"http:\/\/diadianews.com\/index.php\/wp-json\/wp\/v2\/users\/1"}],"replies":[{"embeddable":true,"href":"http:\/\/diadianews.com\/index.php\/wp-json\/wp\/v2\/comments?post=8536"}],"version-history":[{"count":0,"href":"http:\/\/diadianews.com\/index.php\/wp-json\/wp\/v2\/posts\/8536\/revisions"}],"wp:featuredmedia":[{"embeddable":true,"href":"http:\/\/diadianews.com\/index.php\/wp-json\/wp\/v2\/media\/8537"}],"wp:attachment":[{"href":"http:\/\/diadianews.com\/index.php\/wp-json\/wp\/v2\/media?parent=8536"}],"wp:term":[{"taxonomy":"category","embeddable":true,"href":"http:\/\/diadianews.com\/index.php\/wp-json\/wp\/v2\/categories?post=8536"},{"taxonomy":"post_tag","embeddable":true,"href":"http:\/\/diadianews.com\/index.php\/wp-json\/wp\/v2\/tags?post=8536"}],"curies":[{"name":"wp","href":"https:\/\/api.w.org\/{rel}","templated":true}]}}