{"id":8553,"date":"2026-09-04T18:03:12","date_gmt":"2026-09-04T21:03:12","guid":{"rendered":"https:\/\/diadianews.com\/index.php\/2026\/09\/04\/queda-nas-exportacoes-de-carne-bovina-de-ms-em-agosto-de-2026\/"},"modified":"2026-09-04T18:03:12","modified_gmt":"2026-09-04T21:03:12","slug":"queda-nas-exportacoes-de-carne-bovina-de-ms-em-agosto-de-2026","status":"publish","type":"post","link":"http:\/\/diadianews.com\/index.php\/2026\/09\/04\/queda-nas-exportacoes-de-carne-bovina-de-ms-em-agosto-de-2026\/","title":{"rendered":"Queda nas Exporta\u00e7\u00f5es de Carne Bovina de MS em Agosto de 2026"},"content":{"rendered":"<div>\n<p><strong>Queda nas Exporta\u00e7\u00f5es de Carne Bovina de MS em Agosto de 2026<\/strong><\/p>\n<\/p>\n<div><img width=\"768\" height=\"432\" src=\"https:\/\/jbr.jor.br\/wp-content\/uploads\/2026\/09\/257be858aed1f54adbb6226925d2a753a1153db7-768x432.webp\" class=\"webfeedsFeaturedVisual wp-post-image\" alt=\"Queda nas Exporta\u00e7\u00f5es de Carne Bovina de MS em Agosto de 2026\" style=\"float: left; margin-right: 5px;\" link_thumbnail=\"\" decoding=\"async\" loading=\"lazy\" srcset=\"https:\/\/jbr.jor.br\/wp-content\/uploads\/2026\/09\/257be858aed1f54adbb6226925d2a753a1153db7-768x432.webp 768w, https:\/\/jbr.jor.br\/wp-content\/uploads\/2026\/09\/257be858aed1f54adbb6226925d2a753a1153db7-300x169.webp 300w, https:\/\/jbr.jor.br\/wp-content\/uploads\/2026\/09\/257be858aed1f54adbb6226925d2a753a1153db7-465x262.webp 465w, https:\/\/jbr.jor.br\/wp-content\/uploads\/2026\/09\/257be858aed1f54adbb6226925d2a753a1153db7-695x391.webp 695w, https:\/\/jbr.jor.br\/wp-content\/uploads\/2026\/09\/257be858aed1f54adbb6226925d2a753a1153db7.webp 1024w\" sizes=\"auto, (max-width: 768px) 100vw, 768px\" itemprop=\"image\">As exporta\u00e7\u00f5es de carne bovina de Mato Grosso do Sul sofreram uma queda significativa em agosto de 2026, com um recuo de 28% em compara\u00e7\u00e3o ao m\u00eas anterior. O volume embarcado foi de 21,98 mil toneladas, resultando em um faturamento de US$ 140,38 milh\u00f5es, segundo dados do Comex Stat. Impacto<\/div>\n<p>\nLeia a reportagem completa em:<br \/>\n<a href=\"https:\/\/jbr.jor.br\/queda-exportacoes-carne-ms-agosto-2026\/\" target=\"_blank\" rel=\"noopener noreferrer\"><br \/>\nJBR Jornal Brasil Regional<br \/>\n<\/a>\n<\/p>\n<p><!-- bloco-portais-jbr --><\/p>\n<div class=\"box-portais-jbr\" style=\"border:1px solid #e0e0e0;padding:16px 18px;margin:24px 0;border-radius:8px;background:#f9f9f9;font-size:0.95rem;\">\n<p style=\"margin:0 0 10px 0;font-weight:600;\">\n        Continue sempre bem informado acessando nossos portais:\n    <\/p>\n<ul style=\"margin:0;padding-left:20px;\">\n<li style=\"margin-bottom:8px;\">\n            <strong><a href=\"https:\/\/jornaldiadia.com.br\/\" target=\"_blank\" rel=\"noopener\" style=\"text-decoration:none;\">Jornal Dia Dia<\/a><\/strong> \u2013<br \/>\n            Sua fonte confi\u00e1vel para as melhores not\u00edcias e artigos \u00fateis. Fique por dentro dos acontecimentos mais importantes, dicas pr\u00e1ticas e conte\u00fados de qualidade.\n<\/li>\n<li style=\"margin-bottom:8px;\">\n            <strong><a href=\"https:\/\/jbr.jor.br\/\" target=\"_blank\" rel=\"noopener\" style=\"text-decoration:none;\">Jornal Brasil Regional (JBR)<\/a><\/strong> \u2013<br \/>\n            O pulso do pa\u00eds em tempo real. Not\u00edcias nacionais, regionais e internacionais com \u00e9tica e credibilidade.\n        <\/li>\n<li style=\"margin-bottom:8px;\">\n            <strong><a href=\"https:\/\/castilho.jor.br\/\" target=\"_blank\" rel=\"noopener\" style=\"text-decoration:none;\">Castilho Not\u00edcias (News)<\/a><\/strong> \u2013<br \/>\n            O seu di\u00e1rio local com cobertura de Castilho e Regi\u00e3o (SP). Jornalismo com credibilidade.\n        <\/li>\n<li style=\"margin-bottom:8px;\">\n            <strong><a href=\"https:\/\/casaejardim.net.br\/\" target=\"_blank\" rel=\"noopener\" style=\"text-decoration:none;\">Casa e Jardim<\/a><\/strong> \u2013<br \/>\n            Dicas exclusivas sobre decora\u00e7\u00e3o, jardinagem, arquitetura, DIY, reformas e muito mais. Tend\u00eancias, solu\u00e7\u00f5es pr\u00e1ticas e ideias criativas para todos os estilos e or\u00e7amentos.\n        <\/li>\n<li style=\"margin-bottom:0;\">\n            <strong><a href=\"https:\/\/b10.net.br\/\" target=\"_blank\" rel=\"noopener\" style=\"text-decoration:none;\">B10 Brasil<\/a><\/strong> \u2013<br \/>\n            As principais not\u00edcias, an\u00e1lises e insights sobre neg\u00f3cios, economia e soberania nacional. Conectando o Brasil ao mundo com intelig\u00eancia e estrat\u00e9gia.\n        <\/li>\n<\/ul>\n<\/div>\n<p><!-- \/bloco-portais-jbr --><\/p>\n<\/div>\n","protected":false},"excerpt":{"rendered":"<p>Queda nas Exporta\u00e7\u00f5es de Carne Bovina de MS em Agosto de 2026 As exporta\u00e7\u00f5es de carne bovina de Mato Grosso do Sul sofreram uma queda significativa em agosto de 2026, com um recuo de 28% em compara\u00e7\u00e3o ao m\u00eas anterior. O volume embarcado foi de 21,98 mil toneladas, resultando em<span class=\"more-link\"><a href=\"http:\/\/diadianews.com\/index.php\/2026\/09\/04\/queda-nas-exportacoes-de-carne-bovina-de-ms-em-agosto-de-2026\/\">Continue Reading<\/a><\/span><\/p>\n","protected":false},"author":1,"featured_media":8554,"comment_status":"closed","ping_status":"closed","sticky":false,"template":"","format":"standard","meta":{"footnotes":""},"categories":[1],"tags":[],"class_list":["entry","author-valdei","post-8553","post","type-post","status-publish","format-standard","has-post-thumbnail","category-news-do-dia"],"_links":{"self":[{"href":"http:\/\/diadianews.com\/index.php\/wp-json\/wp\/v2\/posts\/8553","targetHints":{"allow":["GET"]}}],"collection":[{"href":"http:\/\/diadianews.com\/index.php\/wp-json\/wp\/v2\/posts"}],"about":[{"href":"http:\/\/diadianews.com\/index.php\/wp-json\/wp\/v2\/types\/post"}],"author":[{"embeddable":true,"href":"http:\/\/diadianews.com\/index.php\/wp-json\/wp\/v2\/users\/1"}],"replies":[{"embeddable":true,"href":"http:\/\/diadianews.com\/index.php\/wp-json\/wp\/v2\/comments?post=8553"}],"version-history":[{"count":0,"href":"http:\/\/diadianews.com\/index.php\/wp-json\/wp\/v2\/posts\/8553\/revisions"}],"wp:featuredmedia":[{"embeddable":true,"href":"http:\/\/diadianews.com\/index.php\/wp-json\/wp\/v2\/media\/8554"}],"wp:attachment":[{"href":"http:\/\/diadianews.com\/index.php\/wp-json\/wp\/v2\/media?parent=8553"}],"wp:term":[{"taxonomy":"category","embeddable":true,"href":"http:\/\/diadianews.com\/index.php\/wp-json\/wp\/v2\/categories?post=8553"},{"taxonomy":"post_tag","embeddable":true,"href":"http:\/\/diadianews.com\/index.php\/wp-json\/wp\/v2\/tags?post=8553"}],"curies":[{"name":"wp","href":"https:\/\/api.w.org\/{rel}","templated":true}]}}