{"id":8570,"date":"2026-09-04T19:08:06","date_gmt":"2026-09-04T22:08:06","guid":{"rendered":"http:\/\/diadianews.com\/index.php\/2026\/09\/04\/suzano-esta-com-15-vagas-abertas-em-agua-clara-ribas-do-rio-pardo-e-tres-lagoas-ms\/"},"modified":"2026-09-04T19:08:06","modified_gmt":"2026-09-04T22:08:06","slug":"suzano-esta-com-15-vagas-abertas-em-agua-clara-ribas-do-rio-pardo-e-tres-lagoas-ms","status":"publish","type":"post","link":"http:\/\/diadianews.com\/index.php\/2026\/09\/04\/suzano-esta-com-15-vagas-abertas-em-agua-clara-ribas-do-rio-pardo-e-tres-lagoas-ms\/","title":{"rendered":"Suzano est\u00e1 com 15 vagas abertas em \u00c1gua Clara, Ribas do Rio Pardo e Tr\u00eas Lagoas (MS)"},"content":{"rendered":"<div>\n<p class=\"wp-block-paragraph\"><em>Inscri\u00e7\u00f5es s\u00e3o gratuitas e realizadas pela Plataforma de Oportunidades da empresa; vagas contemplam as \u00e1reas florestal, manuten\u00e7\u00e3o e operacional<\/em><\/p>\n<figure class=\"wp-block-image size-full\"><img loading=\"lazy\" decoding=\"async\" width=\"354\" height=\"83\" src=\"https:\/\/jornaldiadia.com.br\/wp-content\/uploads\/slogansuzano-4.webp\" alt=\"\" class=\"wp-image-77292\" srcset=\"https:\/\/jornaldiadia.com.br\/wp-content\/uploads\/slogansuzano-4.webp 354w, https:\/\/jornaldiadia.com.br\/wp-content\/uploads\/slogansuzano-4-300x70.webp 300w\" sizes=\"auto, (max-width: 354px) 100vw, 354px\"><\/figure>\n<p class=\"wp-block-paragraph\">A Suzano, maior produtora mundial de celulose e refer\u00eancia global na fabrica\u00e7\u00e3o de bioprodutos a partir do eucalipto, est\u00e1 com 15 vagas abertas para atua\u00e7\u00e3o em \u00c1gua Clara, Ribas do Rio Pardo e Tr\u00eas Lagoas (MS), contemplando diferentes fun\u00e7\u00f5es nas \u00e1reas florestal, manuten\u00e7\u00e3o e operacional. As oportunidades s\u00e3o destinadas a todas as pessoas que atendam aos requisitos de cada vaga, sem distin\u00e7\u00e3o de g\u00eanero, origem, defici\u00eancia ou orienta\u00e7\u00e3o sexual. As inscri\u00e7\u00f5es s\u00e3o gratuitas e devem ser realizadas pela Plataforma de Oportunidades da Suzano (<a href=\"https:\/\/suzano.gupy.io\/\" target=\"_blank\" rel=\"noopener\">https:\/\/suzano.gupy.io\/<\/a>).<\/p>\n<p class=\"wp-block-paragraph\">Confira abaixo a lista completa das vagas dispon\u00edveis e os respectivos prazos de inscri\u00e7\u00e3o. Nas p\u00e1ginas, \u00e9 poss\u00edvel consultar os pr\u00e9-requisitos, as atribui\u00e7\u00f5es de cada fun\u00e7\u00e3o e os benef\u00edcios oferecidos pela empresa.<\/p>\n<p class=\"wp-block-paragraph\"><strong>\u00c1gua Clara<\/strong><\/p>\n<p class=\"wp-block-paragraph\"><strong>Trainee de Operador(a) de M\u00e1quinas Florestais \u2013 \u00c1gua Clara\/MS \u2013<\/strong>\u00a0Inscri\u00e7\u00f5es at\u00e9 09\/09\/2026:\u00a0<a href=\"https:\/\/suzano.gupy.io\/jobs\/12299729?jobBoardSource=share_link\" target=\"_blank\" rel=\"noopener\"><strong>P\u00e1gina da Vaga | Trainee de Operador(a) de M\u00e1quinas Florestais<\/strong><\/a><strong><\/strong><\/p>\n<p class=\"wp-block-paragraph\"><strong>Ribas do Rio Pardo<\/strong><\/p>\n<p class=\"wp-block-paragraph\"><strong>Aprendiz de Manuten\u00e7\u00e3o \u2013<\/strong>\u00a0Inscri\u00e7\u00f5es at\u00e9 06\/09\/2026:\u00a0<strong>P\u00e1gina da Vaga |\u00a0<\/strong><a href=\"https:\/\/suzano.gupy.io\/jobs\/11606442?jobBoardSource=share_link\" target=\"_blank\" rel=\"noopener\"><strong>Aprendiz de Manuten\u00e7\u00e3o<\/strong><\/a><\/p>\n<p class=\"wp-block-paragraph\"><strong>Analista de Excel\u00eancia Operacional | Industrial \u2013<\/strong>\u00a0Inscri\u00e7\u00f5es at\u00e9 07\/09\/2026<a href=\"https:\/\/suzano.gupy.io\/jobs\/12330346?jobBoardSource=share_link\" target=\"_blank\" rel=\"noopener\">:\u00a0<strong>P\u00e1gina da Vaga | Analista de Excel\u00eancia Operacional | Industrial<\/strong><\/a><strong><\/strong><\/p>\n<p class=\"wp-block-paragraph\"><strong>T\u00e9cnico(a) de Manuten\u00e7\u00e3o Mec\u00e2nica III \u2013 Industrial \u2013<\/strong>\u00a0Inscri\u00e7\u00f5es at\u00e9 07\/09\/2026:\u00a0<a href=\"https:\/\/suzano.gupy.io\/jobs\/12302755?jobBoardSource=share_link\" target=\"_blank\" rel=\"noopener\"><strong>P\u00e1gina da Vaga | T\u00e9cnico(a) de Manuten\u00e7\u00e3o Mec\u00e2nica III \u2013 Industrial<\/strong><\/a><\/p>\n<p class=\"wp-block-paragraph\"><strong>T\u00e9cnico(a) de Opera\u00e7\u00f5es Florestais III \u2013<\/strong>\u00a0Inscri\u00e7\u00f5es at\u00e9 10\/09\/2026<a href=\"https:\/\/suzano.gupy.io\/jobs\/12148735?jobBoardSource=share_link\" target=\"_blank\" rel=\"noopener\">:\u00a0<strong>P\u00e1gina da Vaga | T\u00e9cnico(a) de Opera\u00e7\u00f5es Florestais III<\/strong><\/a><\/p>\n<p class=\"wp-block-paragraph\"><strong>Comboista \u2013<\/strong>\u00a0Inscri\u00e7\u00f5es at\u00e9 10\/09\/2026:\u00a0<a href=\"https:\/\/suzano.gupy.io\/jobs\/12298675?jobBoardSource=share_link\" target=\"_blank\" rel=\"noopener\"><strong>P\u00e1gina da Vaga | Comboista<\/strong><\/a><strong><\/strong><\/p>\n<p class=\"wp-block-paragraph\"><strong>T\u00e9cnico(a) de Manuten\u00e7\u00e3o Florestal II e III em Silvicultura \u2013<\/strong>\u00a0Inscri\u00e7\u00f5es at\u00e9 11\/09\/2026:\u00a0<a href=\"https:\/\/suzano.gupy.io\/jobs\/12167764?jobBoardSource=share_link\" target=\"_blank\" rel=\"noopener\"><strong>P\u00e1gina da Vaga | T\u00e9cnico(a) de Manuten\u00e7\u00e3o Florestal II e III em Silvicultura<\/strong><\/a><strong><\/strong><\/p>\n<p class=\"wp-block-paragraph\"><strong>Mec\u00e2nico(a) de Manuten\u00e7\u00e3o de Oficina I em Log\u00edstica Florestal \u2013<\/strong>\u00a0Inscri\u00e7\u00f5es at\u00e9 12\/09\/2026:\u00a0<a href=\"https:\/\/suzano.gupy.io\/jobs\/12162691?jobBoardSource=share_link\" target=\"_blank\" rel=\"noopener\"><strong>P\u00e1gina da Vaga | Mec\u00e2nico(a) de Manuten\u00e7\u00e3o de Oficina I em Log\u00edstica Florestal<\/strong><\/a><strong><\/strong><\/p>\n<p class=\"wp-block-paragraph\"><strong>Mec\u00e2nico(a) de Manuten\u00e7\u00e3o de Oficina II em Log\u00edstica Florestal \u2013<\/strong>\u00a0Inscri\u00e7\u00f5es at\u00e9 12\/09\/2026:\u00a0<a href=\"https:\/\/suzano.gupy.io\/jobs\/11943849?jobBoardSource=share_link\" target=\"_blank\" rel=\"noopener\"><strong>P\u00e1gina da Vaga | Mec\u00e2nico(a) de Manuten\u00e7\u00e3o Oficina II em Log\u00edstica Florestal<\/strong><\/a><\/p>\n<p class=\"wp-block-paragraph\"><strong>Trainee de Operador(a) de Grua em Abastecimento Madeira \u2013<\/strong>\u00a0Inscri\u00e7\u00f5es at\u00e9 20\/09\/2026:\u00a0<a href=\"https:\/\/suzano.gupy.io\/jobs\/12306502?jobBoardSource=share_link\" target=\"_blank\" rel=\"noopener\"><strong>P\u00e1gina da Vaga | Trainee Operador(a) de Grua em Abastecimento Madeira<\/strong><\/a><strong><\/strong><\/p>\n<p class=\"wp-block-paragraph\"><strong>Programa de Aprendiz em Manuten\u00e7\u00e3o \u2013<\/strong>\u00a0Inscri\u00e7\u00f5es at\u00e9 31\/12\/2026:\u00a0<a href=\"https:\/\/suzano.gupy.io\/jobs\/11638682?jobBoardSource=share_link\" target=\"_blank\" rel=\"noopener\"><strong>P\u00e1gina da Vaga | Programa de Aprendiz em Manuten\u00e7\u00e3o<\/strong><\/a><strong><\/strong><\/p>\n<p class=\"wp-block-paragraph\"><strong>Tr\u00eas Lagoas<\/strong><\/p>\n<p class=\"wp-block-paragraph\"><strong>Mec\u00e2nico(a) I \u2013<\/strong>\u00a0Inscri\u00e7\u00f5es at\u00e9 05\/09\/2026:\u00a0<a href=\"https:\/\/suzano.gupy.io\/jobs\/11818094?jobBoardSource=share_link\" target=\"_blank\" rel=\"noopener\"><strong>P\u00e1gina da Vaga | Mec\u00e2nico(a) I<\/strong><\/a><strong><\/strong><\/p>\n<p class=\"wp-block-paragraph\"><strong>Trainee de Operador(a) de M\u00e1quinas Florestais \u2013\u00a0<\/strong>Inscri\u00e7\u00f5es at\u00e9 10\/09\/2026:\u00a0<a href=\"https:\/\/suzano.gupy.io\/jobs\/11506938?jobBoardSource=share_link\" target=\"_blank\" rel=\"noopener\"><strong>P\u00e1gina da Vaga | Trainee de Operador(a) de M\u00e1quinas Florestais<\/strong><\/a><strong><\/strong><\/p>\n<p class=\"wp-block-paragraph\"><strong>Trainee de Operador(a) de Grua em Abastecimento e Carregamento de Madeira \u2013<\/strong>\u00a0Inscri\u00e7\u00f5es at\u00e9 20\/09\/2026:\u00a0<a href=\"https:\/\/suzano.gupy.io\/jobs\/12306453?jobBoardSource=share_link\" target=\"_blank\" rel=\"noopener\"><strong>P\u00e1gina da Vaga | Trainee de Operador(a) de Grua em Abastecimento e Carregamento de Madeira<\/strong><\/a><strong><\/strong><\/p>\n<p class=\"wp-block-paragraph\"><strong>Programa de Aprendiz em Manuten\u00e7\u00e3o | Tr\u00eas Lagoas\/MS \u2013<\/strong>\u00a0Inscri\u00e7\u00f5es at\u00e9 31\/12\/2026:\u00a0<a href=\"https:\/\/suzano.gupy.io\/jobs\/11638995?jobBoardSource=share_link\" target=\"_blank\" rel=\"noopener\"><strong>P\u00e1gina da Vaga | Programa de Aprendiz em Manuten\u00e7\u00e3o<\/strong><\/a><strong><\/strong><\/p>\n<p class=\"wp-block-paragraph\"><strong>Sobre a Suzano<\/strong><strong><\/strong><\/p>\n<p class=\"wp-block-paragraph\">A Suzano \u00e9 a maior produtora mundial de celulose, uma das maiores fabricantes de pap\u00e9is da Am\u00e9rica Latina e l\u00edder no segmento de papel higi\u00eanico no Brasil. A companhia adota as melhores pr\u00e1ticas de inova\u00e7\u00e3o e sustentabilidade para desenvolver produtos e solu\u00e7\u00f5es a partir de mat\u00e9ria-prima renov\u00e1vel. Os produtos da Suzano est\u00e3o presentes na vida de mais de 2 bilh\u00f5es de pessoas, cerca de 25% da popula\u00e7\u00e3o mundial, e incluem celulose; itens para higiene pessoal como papel higi\u00eanico e guardanapos; pap\u00e9is para embalagens, copos e canudos; pap\u00e9is para imprimir e escrever, entre outros produtos desenvolvidos para atender \u00e0 crescente necessidade do planeta por itens mais sustent\u00e1veis. Entre suas marcas no Brasil est\u00e3o Neve\u00ae, P\u00f3len\u00ae, Suzano Report\u00ae, Mimmo\u00ae, entre outras. Com sede no Brasil e opera\u00e7\u00f5es na Am\u00e9rica Latina, Am\u00e9rica do Norte, Europa e \u00c1sia, a empresa tem mais de 100 anos de hist\u00f3ria e a\u00e7\u00f5es negociadas nas bolsas do Brasil (SUZB3) e dos Estados Unidos (SUZ). Saiba mais em:<a href=\"http:\/\/www.suzano.com.br\/\" target=\"_blank\" rel=\"noopener\">\u00a0<\/a><a href=\"http:\/\/www.suzano.com.br\/\" target=\"_blank\" rel=\"noopener\">www.suzano.com.br<\/a><\/p>\n<p class=\"wp-block-paragraph\"><strong>Informa\u00e7\u00f5es \u00e0 Imprensa<\/strong><strong><\/strong><\/p>\n<p class=\"wp-block-paragraph\">Infomuts \u2013 Informa\u00e7\u00e3o Inteligente<\/p>\n<p class=\"wp-block-paragraph\">Renata Prandini l\u00a0<a href=\"mailto:renata@infomuts.com\" target=\"_blank\" rel=\"noopener\">renata@infomuts.com<\/a><\/p>\n<p><!-- bloco-portais-jbr --><\/p>\n<div class=\"box-portais-jbr\" style=\"border:1px solid #e0e0e0;padding:16px 18px;margin:24px 0;border-radius:8px;background:#f9f9f9;font-size:0.95rem;\">\n<p style=\"margin:0 0 10px 0;font-weight:600;\">\n        Continue sempre bem informado acessando nossos portais:\n    <\/p>\n<ul style=\"margin:0;padding-left:20px;\">\n<li style=\"margin-bottom:8px;\">\n            <strong><a href=\"https:\/\/jornaldiadia.com.br\/\" target=\"_blank\" rel=\"noopener\" style=\"text-decoration:none;\">Jornal Dia Dia<\/a><\/strong> \u2013<br \/>\n            Sua fonte confi\u00e1vel para as melhores not\u00edcias e artigos \u00fateis. Fique por dentro dos acontecimentos mais importantes, dicas pr\u00e1ticas e conte\u00fados de qualidade.\n        <\/li>\n<li style=\"margin-bottom:8px;\">\n            <strong><a href=\"https:\/\/jbr.jor.br\/\" target=\"_blank\" rel=\"noopener\" style=\"text-decoration:none;\">Jornal Brasil Regional (JBR)<\/a><\/strong> \u2013<br \/>\n            O pulso do pa\u00eds em tempo real. Not\u00edcias nacionais, regionais e internacionais com \u00e9tica e credibilidade.\n        <\/li>\n<li style=\"margin-bottom:8px;\">\n            <strong><a href=\"https:\/\/castilho.jor.br\/\" target=\"_blank\" rel=\"noopener\" style=\"text-decoration:none;\">Castilho Not\u00edcias (News)<\/a><\/strong> \u2013<br \/>\n            O seu di\u00e1rio local com cobertura de Castilho e Regi\u00e3o (SP). Jornalismo com credibilidade.\n        <\/li>\n<li style=\"margin-bottom:8px;\">\n            <strong><a href=\"https:\/\/casaejardim.net.br\/\" target=\"_blank\" rel=\"noopener\" style=\"text-decoration:none;\">Casa e Jardim<\/a><\/strong> \u2013<br \/>\n            Dicas exclusivas sobre decora\u00e7\u00e3o, jardinagem, arquitetura, DIY, reformas e muito mais. Tend\u00eancias, solu\u00e7\u00f5es pr\u00e1ticas e ideias criativas para todos os estilos e or\u00e7amentos.\n        <\/li>\n<li style=\"margin-bottom:0;\">\n            <strong><a href=\"https:\/\/b10.net.br\/\" target=\"_blank\" rel=\"noopener\" style=\"text-decoration:none;\">B10 Brasil<\/a><\/strong> \u2013<br \/>\n            As principais not\u00edcias, an\u00e1lises e insights sobre neg\u00f3cios, economia e soberania nacional. Conectando o Brasil ao mundo com intelig\u00eancia e estrat\u00e9gia.\n        <\/li>\n<\/ul>\n<\/div>\n<p><!-- \/bloco-portais-jbr --><\/div>\n","protected":false},"excerpt":{"rendered":"<p>Inscri\u00e7\u00f5es s\u00e3o gratuitas e realizadas pela Plataforma de Oportunidades da empresa; vagas contemplam as \u00e1reas florestal, manuten\u00e7\u00e3o e operacional A Suzano, maior produtora mundial de celulose e refer\u00eancia global na fabrica\u00e7\u00e3o de bioprodutos a partir do eucalipto, est\u00e1 com 15 vagas abertas para atua\u00e7\u00e3o em \u00c1gua Clara, Ribas do Rio<span class=\"more-link\"><a href=\"http:\/\/diadianews.com\/index.php\/2026\/09\/04\/suzano-esta-com-15-vagas-abertas-em-agua-clara-ribas-do-rio-pardo-e-tres-lagoas-ms\/\">Continue Reading<\/a><\/span><\/p>\n","protected":false},"author":1,"featured_media":8571,"comment_status":"closed","ping_status":"closed","sticky":false,"template":"","format":"standard","meta":{"footnotes":""},"categories":[1],"tags":[],"class_list":["entry","author-valdei","post-8570","post","type-post","status-publish","format-standard","has-post-thumbnail","category-news-do-dia"],"_links":{"self":[{"href":"http:\/\/diadianews.com\/index.php\/wp-json\/wp\/v2\/posts\/8570","targetHints":{"allow":["GET"]}}],"collection":[{"href":"http:\/\/diadianews.com\/index.php\/wp-json\/wp\/v2\/posts"}],"about":[{"href":"http:\/\/diadianews.com\/index.php\/wp-json\/wp\/v2\/types\/post"}],"author":[{"embeddable":true,"href":"http:\/\/diadianews.com\/index.php\/wp-json\/wp\/v2\/users\/1"}],"replies":[{"embeddable":true,"href":"http:\/\/diadianews.com\/index.php\/wp-json\/wp\/v2\/comments?post=8570"}],"version-history":[{"count":0,"href":"http:\/\/diadianews.com\/index.php\/wp-json\/wp\/v2\/posts\/8570\/revisions"}],"wp:featuredmedia":[{"embeddable":true,"href":"http:\/\/diadianews.com\/index.php\/wp-json\/wp\/v2\/media\/8571"}],"wp:attachment":[{"href":"http:\/\/diadianews.com\/index.php\/wp-json\/wp\/v2\/media?parent=8570"}],"wp:term":[{"taxonomy":"category","embeddable":true,"href":"http:\/\/diadianews.com\/index.php\/wp-json\/wp\/v2\/categories?post=8570"},{"taxonomy":"post_tag","embeddable":true,"href":"http:\/\/diadianews.com\/index.php\/wp-json\/wp\/v2\/tags?post=8570"}],"curies":[{"name":"wp","href":"https:\/\/api.w.org\/{rel}","templated":true}]}}