{"id":8574,"date":"2026-09-04T19:48:15","date_gmt":"2026-09-04T22:48:15","guid":{"rendered":"http:\/\/diadianews.com\/index.php\/2026\/09\/04\/tiete-agroindustrial-anuncia-novas-vagas-de-emprego-em-ubarana-e-paraiso\/"},"modified":"2026-09-04T19:48:15","modified_gmt":"2026-09-04T22:48:15","slug":"tiete-agroindustrial-anuncia-novas-vagas-de-emprego-em-ubarana-e-paraiso","status":"publish","type":"post","link":"http:\/\/diadianews.com\/index.php\/2026\/09\/04\/tiete-agroindustrial-anuncia-novas-vagas-de-emprego-em-ubarana-e-paraiso\/","title":{"rendered":"Tiet\u00ea Agroindustrial anuncia novas vagas de emprego em Ubarana e Para\u00edso"},"content":{"rendered":"<div>\n<p><strong>Tiet\u00ea Agroindustrial anuncia novas vagas de emprego em Ubarana e Para\u00edso<\/strong><\/p>\n<\/p>\n<div><img width=\"713\" height=\"430\" src=\"https:\/\/jbr.jor.br\/wp-content\/uploads\/2026\/09\/tiete-agroindustrial-abre-vagas-de-emprego-nas-unidades-de-paraiso-e-ubarana20260812210.webp\" class=\"webfeedsFeaturedVisual wp-post-image\" alt=\"Tiet\u00ea Agroindustrial anuncia novas vagas de emprego em Ubarana e Para\u00edso\" style=\"float: left; margin-right: 5px;\" link_thumbnail=\"\" decoding=\"async\" fetchpriority=\"high\" srcset=\"https:\/\/jbr.jor.br\/wp-content\/uploads\/2026\/09\/tiete-agroindustrial-abre-vagas-de-emprego-nas-unidades-de-paraiso-e-ubarana20260812210.webp 713w, https:\/\/jbr.jor.br\/wp-content\/uploads\/2026\/09\/tiete-agroindustrial-abre-vagas-de-emprego-nas-unidades-de-paraiso-e-ubarana20260812210-300x181.webp 300w, https:\/\/jbr.jor.br\/wp-content\/uploads\/2026\/09\/tiete-agroindustrial-abre-vagas-de-emprego-nas-unidades-de-paraiso-e-ubarana20260812210-465x280.webp 465w, https:\/\/jbr.jor.br\/wp-content\/uploads\/2026\/09\/tiete-agroindustrial-abre-vagas-de-emprego-nas-unidades-de-paraiso-e-ubarana20260812210-695x419.webp 695w\" sizes=\"(max-width: 713px) 100vw, 713px\" itemprop=\"image\">A Tiet\u00ea Agroindustrial, que faz parte do Grupo FKS, abriu um processo seletivo para diversas oportunidades de emprego em suas unidades localizadas nos munic\u00edpios de Ubarana e Para\u00edso, no interior de S\u00e3o Paulo. As vagas abrangem \u00e1reas como administrativa, agr\u00edcola, automotiva e industrial. Oportunidades dispon\u00edveis As vagas est\u00e3o distribu\u00eddas entre<\/div>\n<p>\nLeia a reportagem completa em:<br \/>\n<a href=\"https:\/\/jbr.jor.br\/tiete-agroindustrial-vagas-ubarana-paraiso\/\" target=\"_blank\" rel=\"noopener noreferrer\"><br \/>\nJBR Jornal Brasil Regional<br \/>\n<\/a>\n<\/p>\n<p><!-- bloco-portais-jbr --><\/p>\n<div class=\"box-portais-jbr\" style=\"border:1px solid #e0e0e0;padding:16px 18px;margin:24px 0;border-radius:8px;background:#f9f9f9;font-size:0.95rem;\">\n<p style=\"margin:0 0 10px 0;font-weight:600;\">\n        Continue sempre bem informado acessando nossos portais:\n    <\/p>\n<ul style=\"margin:0;padding-left:20px;\">\n<li style=\"margin-bottom:8px;\">\n            <strong><a href=\"https:\/\/jornaldiadia.com.br\/\" target=\"_blank\" rel=\"noopener\" style=\"text-decoration:none;\">Jornal Dia Dia<\/a><\/strong> \u2013<br \/>\n            Sua fonte confi\u00e1vel para as melhores not\u00edcias e artigos \u00fateis. Fique por dentro dos acontecimentos mais importantes, dicas pr\u00e1ticas e conte\u00fados de qualidade.\n<\/li>\n<li style=\"margin-bottom:8px;\">\n            <strong><a href=\"https:\/\/jbr.jor.br\/\" target=\"_blank\" rel=\"noopener\" style=\"text-decoration:none;\">Jornal Brasil Regional (JBR)<\/a><\/strong> \u2013<br \/>\n            O pulso do pa\u00eds em tempo real. Not\u00edcias nacionais, regionais e internacionais com \u00e9tica e credibilidade.\n        <\/li>\n<li style=\"margin-bottom:8px;\">\n            <strong><a href=\"https:\/\/castilho.jor.br\/\" target=\"_blank\" rel=\"noopener\" style=\"text-decoration:none;\">Castilho Not\u00edcias (News)<\/a><\/strong> \u2013<br \/>\n            O seu di\u00e1rio local com cobertura de Castilho e Regi\u00e3o (SP). Jornalismo com credibilidade.\n        <\/li>\n<li style=\"margin-bottom:8px;\">\n            <strong><a href=\"https:\/\/casaejardim.net.br\/\" target=\"_blank\" rel=\"noopener\" style=\"text-decoration:none;\">Casa e Jardim<\/a><\/strong> \u2013<br \/>\n            Dicas exclusivas sobre decora\u00e7\u00e3o, jardinagem, arquitetura, DIY, reformas e muito mais. Tend\u00eancias, solu\u00e7\u00f5es pr\u00e1ticas e ideias criativas para todos os estilos e or\u00e7amentos.\n        <\/li>\n<li style=\"margin-bottom:0;\">\n            <strong><a href=\"https:\/\/b10.net.br\/\" target=\"_blank\" rel=\"noopener\" style=\"text-decoration:none;\">B10 Brasil<\/a><\/strong> \u2013<br \/>\n            As principais not\u00edcias, an\u00e1lises e insights sobre neg\u00f3cios, economia e soberania nacional. Conectando o Brasil ao mundo com intelig\u00eancia e estrat\u00e9gia.\n        <\/li>\n<\/ul>\n<\/div>\n<p><!-- \/bloco-portais-jbr --><\/p>\n<\/div>\n","protected":false},"excerpt":{"rendered":"<p>Tiet\u00ea Agroindustrial anuncia novas vagas de emprego em Ubarana e Para\u00edso A Tiet\u00ea Agroindustrial, que faz parte do Grupo FKS, abriu um processo seletivo para diversas oportunidades de emprego em suas unidades localizadas nos munic\u00edpios de Ubarana e Para\u00edso, no interior de S\u00e3o Paulo. As vagas abrangem \u00e1reas como administrativa,<span class=\"more-link\"><a href=\"http:\/\/diadianews.com\/index.php\/2026\/09\/04\/tiete-agroindustrial-anuncia-novas-vagas-de-emprego-em-ubarana-e-paraiso\/\">Continue Reading<\/a><\/span><\/p>\n","protected":false},"author":1,"featured_media":8575,"comment_status":"closed","ping_status":"closed","sticky":false,"template":"","format":"standard","meta":{"footnotes":""},"categories":[1],"tags":[],"class_list":["entry","author-valdei","post-8574","post","type-post","status-publish","format-standard","has-post-thumbnail","category-news-do-dia"],"_links":{"self":[{"href":"http:\/\/diadianews.com\/index.php\/wp-json\/wp\/v2\/posts\/8574","targetHints":{"allow":["GET"]}}],"collection":[{"href":"http:\/\/diadianews.com\/index.php\/wp-json\/wp\/v2\/posts"}],"about":[{"href":"http:\/\/diadianews.com\/index.php\/wp-json\/wp\/v2\/types\/post"}],"author":[{"embeddable":true,"href":"http:\/\/diadianews.com\/index.php\/wp-json\/wp\/v2\/users\/1"}],"replies":[{"embeddable":true,"href":"http:\/\/diadianews.com\/index.php\/wp-json\/wp\/v2\/comments?post=8574"}],"version-history":[{"count":0,"href":"http:\/\/diadianews.com\/index.php\/wp-json\/wp\/v2\/posts\/8574\/revisions"}],"wp:featuredmedia":[{"embeddable":true,"href":"http:\/\/diadianews.com\/index.php\/wp-json\/wp\/v2\/media\/8575"}],"wp:attachment":[{"href":"http:\/\/diadianews.com\/index.php\/wp-json\/wp\/v2\/media?parent=8574"}],"wp:term":[{"taxonomy":"category","embeddable":true,"href":"http:\/\/diadianews.com\/index.php\/wp-json\/wp\/v2\/categories?post=8574"},{"taxonomy":"post_tag","embeddable":true,"href":"http:\/\/diadianews.com\/index.php\/wp-json\/wp\/v2\/tags?post=8574"}],"curies":[{"name":"wp","href":"https:\/\/api.w.org\/{rel}","templated":true}]}}