{"id":8622,"date":"2026-09-05T17:18:30","date_gmt":"2026-09-05T20:18:30","guid":{"rendered":"http:\/\/diadianews.com\/index.php\/2026\/09\/05\/operacao-independencia-prf-reforca-o-combate-a-embriaguez-ao-volante-para-evitar-mortes-nas-rodovias-federais\/"},"modified":"2026-09-05T17:18:30","modified_gmt":"2026-09-05T20:18:30","slug":"operacao-independencia-prf-reforca-o-combate-a-embriaguez-ao-volante-para-evitar-mortes-nas-rodovias-federais","status":"publish","type":"post","link":"http:\/\/diadianews.com\/index.php\/2026\/09\/05\/operacao-independencia-prf-reforca-o-combate-a-embriaguez-ao-volante-para-evitar-mortes-nas-rodovias-federais\/","title":{"rendered":"Opera\u00e7\u00e3o Independ\u00eancia: PRF refor\u00e7a o combate \u00e0 embriaguez ao volante para evitar mortes nas rodovias federais"},"content":{"rendered":"<div>\n<p class=\"wp-block-paragraph\">N\u00famero de pessoas mortas em sinistros de tr\u00e2nsito provocados por ingest\u00e3o de \u00e1lcool diminuiu de janeiro a julho de 2026; recusas ao teste de alcoolemia aumentaram<\/p>\n<p class=\"wp-block-paragraph\">Publicado em 03\/09\/2026 13:16<\/p>\n<p class=\"wp-block-paragraph\">Dirigir sob a influ\u00eancia de \u00e1lcool ou a recusa ao teste de alcoolemia s\u00e3o infra\u00e7\u00f5es de tr\u00e2nsito grav\u00edssimas<\/p>\n<p class=\"wp-block-paragraph\">A Pol\u00edcia Rodovi\u00e1ria Federal (PRF) inicia, nesta sexta-feira (4), a Opera\u00e7\u00e3o Independ\u00eancia, para refor\u00e7ar a fiscaliza\u00e7\u00e3o de tr\u00e2nsito em todo o pa\u00eds. O trabalho faz parte do planejamento da institui\u00e7\u00e3o para os feriados de grande movimenta\u00e7\u00e3o de ve\u00edculos nas rodovias federais. Desta vez, o foco da opera\u00e7\u00e3o, que vai at\u00e9 a segunda-feira (7), \u00e9 o combate \u00e0 embriaguez ao volante.<\/p>\n<p class=\"wp-block-paragraph\">Neste ano, entre os meses de janeiro e julho, a ingest\u00e3o de \u00e1lcool pelos condutores foi a principal causa de 2.080 sinistros de tr\u00e2nsito. No total, 127 morreram e 1.754 ficaram feridas. As estat\u00edsticas deste ano apresentam queda em compara\u00e7\u00e3o ao ano passado.<\/p>\n<figure class=\"wp-block-table\">\n<table class=\"has-fixed-layout\">\n<thead>\n<tr>\n<th>Ano<\/th>\n<th>Sinistros de tr\u00e2nsito \u2013 alcoolemia<\/th>\n<th>Mortes<\/th>\n<th>Feridos<\/th>\n<\/tr>\n<\/thead>\n<tbody>\n<tr>\n<td>Janeiro a julho de 2026<\/td>\n<td>2.080<\/td>\n<td>127<\/td>\n<td>1.754<\/td>\n<\/tr>\n<tr>\n<td>Janeiro a julho de 2025<\/td>\n<td>2.127<\/td>\n<td>136<\/td>\n<td>1.853<\/td>\n<\/tr>\n<\/tbody>\n<\/table>\n<\/figure>\n<p class=\"wp-block-paragraph\">No mesmo per\u00edodo em que foi registrada a diminui\u00e7\u00e3o dos \u00edndices de sinistros de tr\u00e2nsito provocados por ingest\u00e3o de \u00e1lcool, mortes e feridos, a PRF intensificou o combate \u00e0 mistura \u00e1lcool e dire\u00e7\u00e3o. De janeiro a julho deste ano, foram realizados 2.255.639 testes de alcoolemia, 5,33% a mais que no ano passado, quando foram feitos 2.141.440 testes de detec\u00e7\u00e3o de consumo de \u00e1lcool.<\/p>\n<p class=\"wp-block-paragraph\">Apesar do refor\u00e7o na fiscaliza\u00e7\u00e3o, 25.289 motoristas se recusaram a fazer o teste de alcoolemia e 4.051 condutores foram flagrados na dire\u00e7\u00e3o de ve\u00edculo ap\u00f3s ingest\u00e3o de \u00e1lcool ou por apresentarem sinais de embriaguez entre janeiro e julho deste ano. No ano passado, 24.813 pessoas n\u00e3o fizeram o teste, e 4.513 pessoas dirigiam embriagadas.<\/p>\n<figure class=\"wp-block-table\">\n<table class=\"has-fixed-layout\">\n<thead>\n<tr>\n<th>Ano<\/th>\n<th>Infra\u00e7\u00f5es de tr\u00e2nsito \u2013 alcoolemia (recusa)<\/th>\n<th>Infra\u00e7\u00f5es de tr\u00e2nsito \u2013 alcoolemia (constata\u00e7\u00e3o)<\/th>\n<th>Pessoas detidas \u2013 embriaguez ao volante<\/th>\n<\/tr>\n<\/thead>\n<tbody>\n<tr>\n<td>Janeiro a julho de 2026<\/td>\n<td>25.289<\/td>\n<td>4.051<\/td>\n<td>1.973<\/td>\n<\/tr>\n<tr>\n<td>Janeiro a julho de 2025<\/td>\n<td>24.813<\/td>\n<td>4.513<\/td>\n<td>2.114<\/td>\n<\/tr>\n<\/tbody>\n<\/table>\n<\/figure>\n<p class=\"wp-block-paragraph\">Dirigir sob a influ\u00eancia de \u00e1lcool ou a recusa ao teste de alcoolemia s\u00e3o infra\u00e7\u00f5es de tr\u00e2nsito grav\u00edssimas pelo C\u00f3digo de Tr\u00e2nsito Brasileiro (CTB), com penalidade de multa e suspens\u00e3o do direito de dirigir por doze meses. Al\u00e9m disso, o motorista embriagado pode ser detido, dependendo da quantidade de \u00e1lcool presente no organismo ou por apresentar sinais de embriaguez.<\/p>\n<p class=\"wp-block-paragraph\"><strong>Novas Regras<\/strong><\/p>\n<p class=\"wp-block-paragraph\">No m\u00eas passado, o Conselho Nacional de Tr\u00e2nsito (Contran) definiu as regras para a fiscaliza\u00e7\u00e3o de alcoolemia em todo o pa\u00eds. A resolu\u00e7\u00e3o 1.031 do Contran inclui a triagem, conhecida por teste passivo, e a autua\u00e7\u00e3o por detec\u00e7\u00e3o de pelo menos dois sinais de embriaguez, procedimentos que j\u00e1 eram realizados pela PRF.<\/p>\n<p class=\"wp-block-paragraph\">A resolu\u00e7\u00e3o tamb\u00e9m estabelece procedimentos para a fiscaliza\u00e7\u00e3o quando h\u00e1 \u00e1lcool residual, presente em alguns alimentos e produtos, no organismo do motorista e o uso de \u201cdrog\u00f4metros\u201d, aparelhos usados para detectar a condu\u00e7\u00e3o de ve\u00edculos sob influ\u00eancia de subst\u00e2ncias psicoativas. As mudan\u00e7as da resolu\u00e7\u00e3o come\u00e7am a valer a partir de outubro de 2026.<\/p>\n<p class=\"wp-block-paragraph\"><strong>Clique aqui e saiba mais<\/strong>: <a href=\"https:\/\/www.gov.br\/prf\/pt-br\/noticias\/nacionais\/2026\/agosto\/nova-resolucao-do-contran-consolida-praticas-da-prf-na-lei-seca-e-abre-caminho-para-uso-futuro-de-drogometros\">https:\/\/www.gov.br\/prf\/pt-br\/noticias\/nacionais\/2026\/agosto\/nova-resolucao-do-contran-consolida-praticas-da-prf-na-lei-seca-e-abre-caminho-para-uso-futuro-de-drogometros<\/a><\/p>\n<p class=\"wp-block-paragraph\"><strong>Dicas para uma viagem em seguran\u00e7a:<\/strong><\/p>\n<p class=\"wp-block-paragraph\">-Fa\u00e7a a revis\u00e3o do ve\u00edculo;<\/p>\n<p class=\"wp-block-paragraph\">-Descanse antes da viagem;<\/p>\n<p class=\"wp-block-paragraph\">-Veja as condi\u00e7\u00f5es da rodovia;<\/p>\n<p class=\"wp-block-paragraph\">-Acompanhe as condi\u00e7\u00f5es meteorol\u00f3gicas;<\/p>\n<p class=\"wp-block-paragraph\">-N\u00e3o consuma bebidas alco\u00f3licas antes de dirigir;<\/p>\n<p class=\"wp-block-paragraph\">-Utilize o cinto de seguran\u00e7a e os equipamentos obrigat\u00f3rios;<\/p>\n<p class=\"wp-block-paragraph\">-Respeite os limites de velocidade;<\/p>\n<p class=\"wp-block-paragraph\">-N\u00e3o use o celular ao volante;<\/p>\n<p class=\"wp-block-paragraph\">-Ultrapasse em local permitido.<\/p>\n<p class=\"wp-block-paragraph\">Categorias<\/p>\n<p class=\"wp-block-paragraph\">Justi\u00e7a e Seguran\u00e7a<\/p>\n<p><!-- bloco-portais-jbr --><\/p>\n<div class=\"box-portais-jbr\" style=\"border:1px solid #e0e0e0;padding:16px 18px;margin:24px 0;border-radius:8px;background:#f9f9f9;font-size:0.95rem;\">\n<p style=\"margin:0 0 10px 0;font-weight:600;\">\n        Continue sempre bem informado acessando nossos portais:\n    <\/p>\n<ul style=\"margin:0;padding-left:20px;\">\n<li style=\"margin-bottom:8px;\">\n            <strong><a href=\"https:\/\/jornaldiadia.com.br\/\" target=\"_blank\" rel=\"noopener\" style=\"text-decoration:none;\">Jornal Dia Dia<\/a><\/strong> \u2013<br \/>\n            Sua fonte confi\u00e1vel para as melhores not\u00edcias e artigos \u00fateis. Fique por dentro dos acontecimentos mais importantes, dicas pr\u00e1ticas e conte\u00fados de qualidade.\n        <\/li>\n<li style=\"margin-bottom:8px;\">\n            <strong><a href=\"https:\/\/jbr.jor.br\/\" target=\"_blank\" rel=\"noopener\" style=\"text-decoration:none;\">Jornal Brasil Regional (JBR)<\/a><\/strong> \u2013<br \/>\n            O pulso do pa\u00eds em tempo real. Not\u00edcias nacionais, regionais e internacionais com \u00e9tica e credibilidade.\n        <\/li>\n<li style=\"margin-bottom:8px;\">\n            <strong><a href=\"https:\/\/castilho.jor.br\/\" target=\"_blank\" rel=\"noopener\" style=\"text-decoration:none;\">Castilho Not\u00edcias (News)<\/a><\/strong> \u2013<br \/>\n            O seu di\u00e1rio local com cobertura de Castilho e Regi\u00e3o (SP). Jornalismo com credibilidade.\n        <\/li>\n<li style=\"margin-bottom:8px;\">\n            <strong><a href=\"https:\/\/casaejardim.net.br\/\" target=\"_blank\" rel=\"noopener\" style=\"text-decoration:none;\">Casa e Jardim<\/a><\/strong> \u2013<br \/>\n            Dicas exclusivas sobre decora\u00e7\u00e3o, jardinagem, arquitetura, DIY, reformas e muito mais. Tend\u00eancias, solu\u00e7\u00f5es pr\u00e1ticas e ideias criativas para todos os estilos e or\u00e7amentos.\n        <\/li>\n<li style=\"margin-bottom:0;\">\n            <strong><a href=\"https:\/\/b10.net.br\/\" target=\"_blank\" rel=\"noopener\" style=\"text-decoration:none;\">B10 Brasil<\/a><\/strong> \u2013<br \/>\n            As principais not\u00edcias, an\u00e1lises e insights sobre neg\u00f3cios, economia e soberania nacional. Conectando o Brasil ao mundo com intelig\u00eancia e estrat\u00e9gia.\n        <\/li>\n<\/ul>\n<\/div>\n<p><!-- \/bloco-portais-jbr --><\/div>\n","protected":false},"excerpt":{"rendered":"<p>N\u00famero de pessoas mortas em sinistros de tr\u00e2nsito provocados por ingest\u00e3o de \u00e1lcool diminuiu de janeiro a julho de 2026; recusas ao teste de alcoolemia aumentaram Publicado em 03\/09\/2026 13:16 Dirigir sob a influ\u00eancia de \u00e1lcool ou a recusa ao teste de alcoolemia s\u00e3o infra\u00e7\u00f5es de tr\u00e2nsito grav\u00edssimas A Pol\u00edcia<span class=\"more-link\"><a href=\"http:\/\/diadianews.com\/index.php\/2026\/09\/05\/operacao-independencia-prf-reforca-o-combate-a-embriaguez-ao-volante-para-evitar-mortes-nas-rodovias-federais\/\">Continue Reading<\/a><\/span><\/p>\n","protected":false},"author":1,"featured_media":8623,"comment_status":"closed","ping_status":"closed","sticky":false,"template":"","format":"standard","meta":{"footnotes":""},"categories":[32],"tags":[],"class_list":["entry","author-valdei","post-8622","post","type-post","status-publish","format-standard","has-post-thumbnail","category-destaque"],"_links":{"self":[{"href":"http:\/\/diadianews.com\/index.php\/wp-json\/wp\/v2\/posts\/8622","targetHints":{"allow":["GET"]}}],"collection":[{"href":"http:\/\/diadianews.com\/index.php\/wp-json\/wp\/v2\/posts"}],"about":[{"href":"http:\/\/diadianews.com\/index.php\/wp-json\/wp\/v2\/types\/post"}],"author":[{"embeddable":true,"href":"http:\/\/diadianews.com\/index.php\/wp-json\/wp\/v2\/users\/1"}],"replies":[{"embeddable":true,"href":"http:\/\/diadianews.com\/index.php\/wp-json\/wp\/v2\/comments?post=8622"}],"version-history":[{"count":0,"href":"http:\/\/diadianews.com\/index.php\/wp-json\/wp\/v2\/posts\/8622\/revisions"}],"wp:featuredmedia":[{"embeddable":true,"href":"http:\/\/diadianews.com\/index.php\/wp-json\/wp\/v2\/media\/8623"}],"wp:attachment":[{"href":"http:\/\/diadianews.com\/index.php\/wp-json\/wp\/v2\/media?parent=8622"}],"wp:term":[{"taxonomy":"category","embeddable":true,"href":"http:\/\/diadianews.com\/index.php\/wp-json\/wp\/v2\/categories?post=8622"},{"taxonomy":"post_tag","embeddable":true,"href":"http:\/\/diadianews.com\/index.php\/wp-json\/wp\/v2\/tags?post=8622"}],"curies":[{"name":"wp","href":"https:\/\/api.w.org\/{rel}","templated":true}]}}