{"id":8634,"date":"2026-09-05T17:38:22","date_gmt":"2026-09-05T20:38:22","guid":{"rendered":"https:\/\/diadianews.com\/index.php\/2026\/09\/05\/prf-apreende-2-toneladas-de-maconha-escondidas-em-bau-de-caminhao-no-parana\/"},"modified":"2026-09-05T17:38:22","modified_gmt":"2026-09-05T20:38:22","slug":"prf-apreende-2-toneladas-de-maconha-escondidas-em-bau-de-caminhao-no-parana","status":"publish","type":"post","link":"http:\/\/diadianews.com\/index.php\/2026\/09\/05\/prf-apreende-2-toneladas-de-maconha-escondidas-em-bau-de-caminhao-no-parana\/","title":{"rendered":"PRF apreende 2 toneladas de maconha escondidas em ba\u00fa de caminh\u00e3o no Paran\u00e1"},"content":{"rendered":"<div>\n<p class=\"wp-block-paragraph\">Droga estava dentro de uma carga de estruturas met\u00e1licas; motorista foi preso<\/p>\n<p class=\"wp-block-paragraph\">Publicado em 05\/09\/2026 08:17 \u2013 Foto e release: PRF\/PR<\/p>\n<p class=\"wp-block-paragraph\">Na tarde desta sexta (4), em Camb\u00e9 (PR), policiais rodovi\u00e1rios federais abordaram um motorista que conduzia um caminh\u00e3o ba\u00fa na BR-369.<\/p>\n<p class=\"wp-block-paragraph\">Durante a vistoria, os policiais encontraram dentro de uma carga paletizada de estruturas met\u00e1licas, diversos fardos de maconha, que ao final da contagem, pesou 1.954 quilos.<\/p>\n<p class=\"wp-block-paragraph\">Diante dos fatos, o motorista foi detido em flagrante e conduzido, junto com a droga e o caminh\u00e3o para a Pol\u00edcia Judici\u00e1ria em Camb\u00e9 para o registro do crime de tr\u00e1fico de drogas.<\/p>\n<p class=\"wp-block-paragraph\">Categorias<\/p>\n<p class=\"wp-block-paragraph\">Justi\u00e7a e Seguran\u00e7a<\/p>\n<p><!-- bloco-portais-jbr --><\/p>\n<div class=\"box-portais-jbr\" style=\"border:1px solid #e0e0e0;padding:16px 18px;margin:24px 0;border-radius:8px;background:#f9f9f9;font-size:0.95rem;\">\n<p style=\"margin:0 0 10px 0;font-weight:600;\">\n        Continue sempre bem informado acessando nossos portais:\n    <\/p>\n<ul style=\"margin:0;padding-left:20px;\">\n<li style=\"margin-bottom:8px;\">\n            <strong><a href=\"https:\/\/jornaldiadia.com.br\/\" target=\"_blank\" rel=\"noopener\" style=\"text-decoration:none;\">Jornal Dia Dia<\/a><\/strong> \u2013<br \/>\n            Sua fonte confi\u00e1vel para as melhores not\u00edcias e artigos \u00fateis. Fique por dentro dos acontecimentos mais importantes, dicas pr\u00e1ticas e conte\u00fados de qualidade.\n        <\/li>\n<li style=\"margin-bottom:8px;\">\n            <strong><a href=\"https:\/\/jbr.jor.br\/\" target=\"_blank\" rel=\"noopener\" style=\"text-decoration:none;\">Jornal Brasil Regional (JBR)<\/a><\/strong> \u2013<br \/>\n            O pulso do pa\u00eds em tempo real. Not\u00edcias nacionais, regionais e internacionais com \u00e9tica e credibilidade.\n        <\/li>\n<li style=\"margin-bottom:8px;\">\n            <strong><a href=\"https:\/\/castilho.jor.br\/\" target=\"_blank\" rel=\"noopener\" style=\"text-decoration:none;\">Castilho Not\u00edcias (News)<\/a><\/strong> \u2013<br \/>\n            O seu di\u00e1rio local com cobertura de Castilho e Regi\u00e3o (SP). Jornalismo com credibilidade.\n        <\/li>\n<li style=\"margin-bottom:8px;\">\n            <strong><a href=\"https:\/\/casaejardim.net.br\/\" target=\"_blank\" rel=\"noopener\" style=\"text-decoration:none;\">Casa e Jardim<\/a><\/strong> \u2013<br \/>\n            Dicas exclusivas sobre decora\u00e7\u00e3o, jardinagem, arquitetura, DIY, reformas e muito mais. Tend\u00eancias, solu\u00e7\u00f5es pr\u00e1ticas e ideias criativas para todos os estilos e or\u00e7amentos.\n        <\/li>\n<li style=\"margin-bottom:0;\">\n            <strong><a href=\"https:\/\/b10.net.br\/\" target=\"_blank\" rel=\"noopener\" style=\"text-decoration:none;\">B10 Brasil<\/a><\/strong> \u2013<br \/>\n            As principais not\u00edcias, an\u00e1lises e insights sobre neg\u00f3cios, economia e soberania nacional. Conectando o Brasil ao mundo com intelig\u00eancia e estrat\u00e9gia.\n        <\/li>\n<\/ul>\n<\/div>\n<p><!-- \/bloco-portais-jbr --><\/div>\n","protected":false},"excerpt":{"rendered":"<p>Droga estava dentro de uma carga de estruturas met\u00e1licas; motorista foi preso Publicado em 05\/09\/2026 08:17 \u2013 Foto e release: PRF\/PR Na tarde desta sexta (4), em Camb\u00e9 (PR), policiais rodovi\u00e1rios federais abordaram um motorista que conduzia um caminh\u00e3o ba\u00fa na BR-369. Durante a vistoria, os policiais encontraram dentro de<span class=\"more-link\"><a href=\"http:\/\/diadianews.com\/index.php\/2026\/09\/05\/prf-apreende-2-toneladas-de-maconha-escondidas-em-bau-de-caminhao-no-parana\/\">Continue Reading<\/a><\/span><\/p>\n","protected":false},"author":1,"featured_media":8635,"comment_status":"closed","ping_status":"closed","sticky":false,"template":"","format":"standard","meta":{"footnotes":""},"categories":[1],"tags":[],"class_list":["entry","author-valdei","post-8634","post","type-post","status-publish","format-standard","has-post-thumbnail","category-news-do-dia"],"_links":{"self":[{"href":"http:\/\/diadianews.com\/index.php\/wp-json\/wp\/v2\/posts\/8634","targetHints":{"allow":["GET"]}}],"collection":[{"href":"http:\/\/diadianews.com\/index.php\/wp-json\/wp\/v2\/posts"}],"about":[{"href":"http:\/\/diadianews.com\/index.php\/wp-json\/wp\/v2\/types\/post"}],"author":[{"embeddable":true,"href":"http:\/\/diadianews.com\/index.php\/wp-json\/wp\/v2\/users\/1"}],"replies":[{"embeddable":true,"href":"http:\/\/diadianews.com\/index.php\/wp-json\/wp\/v2\/comments?post=8634"}],"version-history":[{"count":0,"href":"http:\/\/diadianews.com\/index.php\/wp-json\/wp\/v2\/posts\/8634\/revisions"}],"wp:featuredmedia":[{"embeddable":true,"href":"http:\/\/diadianews.com\/index.php\/wp-json\/wp\/v2\/media\/8635"}],"wp:attachment":[{"href":"http:\/\/diadianews.com\/index.php\/wp-json\/wp\/v2\/media?parent=8634"}],"wp:term":[{"taxonomy":"category","embeddable":true,"href":"http:\/\/diadianews.com\/index.php\/wp-json\/wp\/v2\/categories?post=8634"},{"taxonomy":"post_tag","embeddable":true,"href":"http:\/\/diadianews.com\/index.php\/wp-json\/wp\/v2\/tags?post=8634"}],"curies":[{"name":"wp","href":"https:\/\/api.w.org\/{rel}","templated":true}]}}