{"id":8636,"date":"2026-09-05T18:34:15","date_gmt":"2026-09-05T21:34:15","guid":{"rendered":"https:\/\/diadianews.com\/index.php\/2026\/09\/05\/padre-de-58-anos-e-preso-sob-suspeita-de-estupro-de-vulneravel-em-sp\/"},"modified":"2026-09-05T18:34:15","modified_gmt":"2026-09-05T21:34:15","slug":"padre-de-58-anos-e-preso-sob-suspeita-de-estupro-de-vulneravel-em-sp","status":"publish","type":"post","link":"http:\/\/diadianews.com\/index.php\/2026\/09\/05\/padre-de-58-anos-e-preso-sob-suspeita-de-estupro-de-vulneravel-em-sp\/","title":{"rendered":"Padre de 58 anos \u00e9 preso sob suspeita de estupro de vulner\u00e1vel em SP"},"content":{"rendered":"<div>\n<p><strong>Padre de 58 anos \u00e9 preso sob suspeita de estupro de vulner\u00e1vel em SP<\/strong><\/p>\n<\/p>\n<div><img width=\"768\" height=\"512\" src=\"https:\/\/jbr.jor.br\/wp-content\/uploads\/2026\/09\/padre_preso_algema_IA-768x512.webp\" class=\"webfeedsFeaturedVisual wp-post-image\" alt=\"Padre de 58 anos \u00e9 preso sob suspeita de estupro de vulner\u00e1vel em SP\" style=\"float: left; margin-right: 5px;\" link_thumbnail=\"\" decoding=\"async\" fetchpriority=\"high\" srcset=\"https:\/\/jbr.jor.br\/wp-content\/uploads\/2026\/09\/padre_preso_algema_IA-768x512.webp 768w, https:\/\/jbr.jor.br\/wp-content\/uploads\/2026\/09\/padre_preso_algema_IA-300x200.webp 300w, https:\/\/jbr.jor.br\/wp-content\/uploads\/2026\/09\/padre_preso_algema_IA-1024x682.webp 1024w, https:\/\/jbr.jor.br\/wp-content\/uploads\/2026\/09\/padre_preso_algema_IA-465x310.webp 465w, https:\/\/jbr.jor.br\/wp-content\/uploads\/2026\/09\/padre_preso_algema_IA-695x463.webp 695w, https:\/\/jbr.jor.br\/wp-content\/uploads\/2026\/09\/padre_preso_algema_IA.webp 1280w\" sizes=\"(max-width: 768px) 100vw, 768px\" itemprop=\"image\">Um padre de 58 anos foi detido em S\u00e3o Paulo, acusado de estupro de vulner\u00e1vel. A pris\u00e3o ocorreu em um contexto que ainda est\u00e1 sendo investigado pelas autoridades. Detalhes da Pris\u00e3o A deten\u00e7\u00e3o do religioso foi anunciada nesta sexta-feira, 5 de setembro de 2026, \u00e0s 17h54. As circunst\u00e2ncias que levaram<\/div>\n<p>\nLeia a reportagem completa em:<br \/>\n<a href=\"https:\/\/jbr.jor.br\/padre-preso-suspeita-estupro\/\" target=\"_blank\" rel=\"noopener noreferrer\"><br \/>\nJBR Jornal Brasil Regional<br \/>\n<\/a>\n<\/p>\n<p><!-- bloco-portais-jbr --><\/p>\n<div class=\"box-portais-jbr\" style=\"border:1px solid #e0e0e0;padding:16px 18px;margin:24px 0;border-radius:8px;background:#f9f9f9;font-size:0.95rem;\">\n<p style=\"margin:0 0 10px 0;font-weight:600;\">\n        Continue sempre bem informado acessando nossos portais:\n    <\/p>\n<ul style=\"margin:0;padding-left:20px;\">\n<li style=\"margin-bottom:8px;\">\n            <strong><a href=\"https:\/\/jornaldiadia.com.br\/\" target=\"_blank\" rel=\"noopener\" style=\"text-decoration:none;\">Jornal Dia Dia<\/a><\/strong> \u2013<br \/>\n            Sua fonte confi\u00e1vel para as melhores not\u00edcias e artigos \u00fateis. Fique por dentro dos acontecimentos mais importantes, dicas pr\u00e1ticas e conte\u00fados de qualidade.\n<\/li>\n<li style=\"margin-bottom:8px;\">\n            <strong><a href=\"https:\/\/jbr.jor.br\/\" target=\"_blank\" rel=\"noopener\" style=\"text-decoration:none;\">Jornal Brasil Regional (JBR)<\/a><\/strong> \u2013<br \/>\n            O pulso do pa\u00eds em tempo real. Not\u00edcias nacionais, regionais e internacionais com \u00e9tica e credibilidade.\n        <\/li>\n<li style=\"margin-bottom:8px;\">\n            <strong><a href=\"https:\/\/castilho.jor.br\/\" target=\"_blank\" rel=\"noopener\" style=\"text-decoration:none;\">Castilho Not\u00edcias (News)<\/a><\/strong> \u2013<br \/>\n            O seu di\u00e1rio local com cobertura de Castilho e Regi\u00e3o (SP). Jornalismo com credibilidade.\n        <\/li>\n<li style=\"margin-bottom:8px;\">\n            <strong><a href=\"https:\/\/casaejardim.net.br\/\" target=\"_blank\" rel=\"noopener\" style=\"text-decoration:none;\">Casa e Jardim<\/a><\/strong> \u2013<br \/>\n            Dicas exclusivas sobre decora\u00e7\u00e3o, jardinagem, arquitetura, DIY, reformas e muito mais. Tend\u00eancias, solu\u00e7\u00f5es pr\u00e1ticas e ideias criativas para todos os estilos e or\u00e7amentos.\n        <\/li>\n<li style=\"margin-bottom:0;\">\n            <strong><a href=\"https:\/\/b10.net.br\/\" target=\"_blank\" rel=\"noopener\" style=\"text-decoration:none;\">B10 Brasil<\/a><\/strong> \u2013<br \/>\n            As principais not\u00edcias, an\u00e1lises e insights sobre neg\u00f3cios, economia e soberania nacional. Conectando o Brasil ao mundo com intelig\u00eancia e estrat\u00e9gia.\n        <\/li>\n<\/ul>\n<\/div>\n<p><!-- \/bloco-portais-jbr --><\/p>\n<\/div>\n","protected":false},"excerpt":{"rendered":"<p>Padre de 58 anos \u00e9 preso sob suspeita de estupro de vulner\u00e1vel em SP Um padre de 58 anos foi detido em S\u00e3o Paulo, acusado de estupro de vulner\u00e1vel. A pris\u00e3o ocorreu em um contexto que ainda est\u00e1 sendo investigado pelas autoridades. Detalhes da Pris\u00e3o A deten\u00e7\u00e3o do religioso foi<span class=\"more-link\"><a href=\"http:\/\/diadianews.com\/index.php\/2026\/09\/05\/padre-de-58-anos-e-preso-sob-suspeita-de-estupro-de-vulneravel-em-sp\/\">Continue Reading<\/a><\/span><\/p>\n","protected":false},"author":1,"featured_media":8637,"comment_status":"closed","ping_status":"closed","sticky":false,"template":"","format":"standard","meta":{"footnotes":""},"categories":[1],"tags":[],"class_list":["entry","author-valdei","post-8636","post","type-post","status-publish","format-standard","has-post-thumbnail","category-news-do-dia"],"_links":{"self":[{"href":"http:\/\/diadianews.com\/index.php\/wp-json\/wp\/v2\/posts\/8636","targetHints":{"allow":["GET"]}}],"collection":[{"href":"http:\/\/diadianews.com\/index.php\/wp-json\/wp\/v2\/posts"}],"about":[{"href":"http:\/\/diadianews.com\/index.php\/wp-json\/wp\/v2\/types\/post"}],"author":[{"embeddable":true,"href":"http:\/\/diadianews.com\/index.php\/wp-json\/wp\/v2\/users\/1"}],"replies":[{"embeddable":true,"href":"http:\/\/diadianews.com\/index.php\/wp-json\/wp\/v2\/comments?post=8636"}],"version-history":[{"count":0,"href":"http:\/\/diadianews.com\/index.php\/wp-json\/wp\/v2\/posts\/8636\/revisions"}],"wp:featuredmedia":[{"embeddable":true,"href":"http:\/\/diadianews.com\/index.php\/wp-json\/wp\/v2\/media\/8637"}],"wp:attachment":[{"href":"http:\/\/diadianews.com\/index.php\/wp-json\/wp\/v2\/media?parent=8636"}],"wp:term":[{"taxonomy":"category","embeddable":true,"href":"http:\/\/diadianews.com\/index.php\/wp-json\/wp\/v2\/categories?post=8636"},{"taxonomy":"post_tag","embeddable":true,"href":"http:\/\/diadianews.com\/index.php\/wp-json\/wp\/v2\/tags?post=8636"}],"curies":[{"name":"wp","href":"https:\/\/api.w.org\/{rel}","templated":true}]}}