{"id":8644,"date":"2026-09-05T20:03:08","date_gmt":"2026-09-05T23:03:08","guid":{"rendered":"http:\/\/diadianews.com\/index.php\/2026\/09\/05\/empresario-de-76-anos-morre-em-acidente-com-capotamento-na-rodovia-federal-br-158-em-tres-lagoas\/"},"modified":"2026-09-05T20:03:08","modified_gmt":"2026-09-05T23:03:08","slug":"empresario-de-76-anos-morre-em-acidente-com-capotamento-na-rodovia-federal-br-158-em-tres-lagoas","status":"publish","type":"post","link":"http:\/\/diadianews.com\/index.php\/2026\/09\/05\/empresario-de-76-anos-morre-em-acidente-com-capotamento-na-rodovia-federal-br-158-em-tres-lagoas\/","title":{"rendered":"Empres\u00e1rio de 76 anos morre em acidente com capotamento na Rodovia Federal BR-158 em Tr\u00eas Lagoas"},"content":{"rendered":"<div>\n<p class=\"wp-block-paragraph\">Uma manh\u00e3 que come\u00e7ou como tantas outras terminou em trag\u00e9dia na BR-158, em Tr\u00eas Lagoas. Uma pessoa morreu e outras ficaram feridas ap\u00f3s uma colis\u00e3o seguida de capotamento, ocorrida na manh\u00e3 desta quinta-feira (3), nas proximidades da ponte do Rio Sucuri\u00fa, no km 524 da rodovia\u00a0.<\/p>\n<p class=\"wp-block-paragraph\">As informa\u00e7\u00f5es iniciais s\u00e3o do Corpo de Bombeiros, que foi acionado para atender a ocorr\u00eancia e deslocou equipes at\u00e9 o local do acidente. Segundo os bombeiros, a ocorr\u00eancia envolveu uma colis\u00e3o entre ve\u00edculos, seguida de capotamento, deixando v\u00edtimas que precisaram de atendimento. Uma morte j\u00e1 foi confirmada pelas equipes de resgate\u00a0.<\/p>\n<p class=\"wp-block-paragraph\">A v\u00edtima fatal foi identificada como Roberto Jos\u00e9 Medeiros, de 76 anos, conhecido tabeli\u00e3o de Tr\u00eas Lagoas. Medeiros era titular do 3\u00ba Servi\u00e7o Notarial e Tabelionato de Protesto de T\u00edtulos, localizado na Rua Parana\u00edba.<\/p>\n<figure class=\"wp-block-image\"><img decoding=\"async\" src=\"https:\/\/cdn.expressaoms.com.br\/Folder\/2026\/09\/e5ec6233-2d43-4231-991d-971b704afadc\/conversions\/9fb4911bfb46631f266255e6cd0f5e4e-medium.webp\" alt=\"Empres\u00e1rio de 76 anos morre em acidente com capotamento na BR-158 em Tr\u00eas Lagoas\"><\/figure>\n<p class=\"wp-block-paragraph\">A trajet\u00f3ria de Medeiros no servi\u00e7o notarial come\u00e7ou em 1995, quando foi aprovado no primeiro Concurso P\u00fablico para Outorga e Delega\u00e7\u00e3o de Servi\u00e7os Notariais e Registrais do Estado de Mato Grosso do Sul, assumindo um cart\u00f3rio em Rio Verde. Em 2005, prestou novo concurso para remo\u00e7\u00e3o e passou a atuar em Ivinhema como oficial de registro de im\u00f3veis. Foi em 2011 que finalmente se tornou tabeli\u00e3o de Notas e Protesto do 3\u00ba Servi\u00e7o Notarial de Tr\u00eas Lagoas\u00a0.<\/p>\n<p class=\"wp-block-paragraph\">O cart\u00f3rio comandado por Medeiros era refer\u00eancia na cidade, com estrutura que comportava tr\u00eas pr\u00e9dios anexos e atendia entre 300 e 500 pessoas por dia. O tabeli\u00e3o orgulhava-se de oferecer atendimento \u00e1gil e de qualidade, sem filas, garantindo a seguran\u00e7a jur\u00eddica dos documentos\u00a0.<\/p>\n<p class=\"wp-block-paragraph\">As circunst\u00e2ncias que provocaram o acidente ainda n\u00e3o foram esclarecidas e dever\u00e3o ser apuradas pelas autoridades competentes\u00a0. Equipes do Corpo de Bombeiros permanecem no local realizando o atendimento e os procedimentos necess\u00e1rios diante da ocorr\u00eancia.<\/p>\n<p class=\"wp-block-paragraph\">FONTE: EXPRESS\u00c3O MS\u00a0<\/p>\n<p class=\"wp-block-paragraph\">Republicado no site Gazeta da Regi\u00e3o de Andradina-SP<\/p>\n<ul class=\"wp-block-list\">\n<li><a href=\"https:\/\/www.facebook.com\/sharer\/sharer.php?u=https%3A%2F%2Fgazetadaregiao.com%2Fn%2Ftreslagoas%2Fempresario-de-76-anos-morre-em-acidente-com-capotamento-na-rodovia-federal-br-158-em-tres-lagoas\" target=\"_blank\" rel=\"noopener\"><\/a><\/li>\n<\/ul>\n<p class=\"wp-block-paragraph\"><a href=\"https:\/\/www.facebook.com\/sharer\/sharer.php?u=https%3A%2F%2Fgazetadaregiao.com%2Fn%2Ftreslagoas%2Fempresario-de-76-anos-morre-em-acidente-com-capotamento-na-rodovia-federal-br-158-em-tres-lagoas\" target=\"_blank\" rel=\"noopener\">Facebook<\/a> <a href=\"https:\/\/twitter.com\/intent\/tweet?text=Empres%C3%A1rio+de+76+anos+morre+em+acidente+com+capotamento+na+Rodovia+Federal+BR-158+em+Tr%C3%AAs+Lagoas%3A+https%3A%2F%2Fgazetadaregiao.com%2Fn%2Ftreslagoas%2Fempresario-de-76-anos-morre-em-acidente-com-capotamento-na-rodovia-federal-br-158-em-tres-lagoas\" target=\"_blank\" rel=\"noopener\"><\/a> <a href=\"https:\/\/twitter.com\/intent\/tweet?text=Empres%C3%A1rio+de+76+anos+morre+em+acidente+com+capotamento+na+Rodovia+Federal+BR-158+em+Tr%C3%AAs+Lagoas%3A+https%3A%2F%2Fgazetadaregiao.com%2Fn%2Ftreslagoas%2Fempresario-de-76-anos-morre-em-acidente-com-capotamento-na-rodovia-federal-br-158-em-tres-lagoas\" target=\"_blank\" rel=\"noopener\">X<\/a> <a href=\"http:\/\/www.linkedin.com\/shareArticle?url=https%3A%2F%2Fgazetadaregiao.com%2Fn%2Ftreslagoas%2Fempresario-de-76-anos-morre-em-acidente-com-capotamento-na-rodovia-federal-br-158-em-tres-lagoas&amp;title=Empres%C3%A1rio+de+76+anos+morre+em+acidente+com+capotamento+na+Rodovia+Federal+BR-158+em+Tr%C3%AAs+Lagoas&amp;summary=Uma+manh%C3%A3+que+come%C3%A7ou+como+tantas+outras+terminou...\" target=\"_blank\" rel=\"noopener\"><\/a> <a href=\"http:\/\/www.linkedin.com\/shareArticle?url=https%3A%2F%2Fgazetadaregiao.com%2Fn%2Ftreslagoas%2Fempresario-de-76-anos-morre-em-acidente-com-capotamento-na-rodovia-federal-br-158-em-tres-lagoas&amp;title=Empres%C3%A1rio+de+76+anos+morre+em+acidente+com+capotamento+na+Rodovia+Federal+BR-158+em+Tr%C3%AAs+Lagoas&amp;summary=Uma+manh%C3%A3+que+come%C3%A7ou+como+tantas+outras+terminou...\" target=\"_blank\" rel=\"noopener\">LinkedIn<\/a> <a href=\"https:\/\/api.whatsapp.com\/send?text=Empres%C3%A1rio+de+76+anos+morre+em+acidente+com+capotamento+na+Rodovia+Federal+BR-158+em+Tr%C3%AAs+Lagoas+https%3A%2F%2Fgazetadaregiao.com%2Fn%2Ftreslagoas%2Fempresario-de-76-anos-morre-em-acidente-com-capotamento-na-rodovia-federal-br-158-em-tres-lagoas\" target=\"_blank\" rel=\"noopener\"><\/a> <a href=\"https:\/\/api.whatsapp.com\/send?text=Empres%C3%A1rio+de+76+anos+morre+em+acidente+com+capotamento+na+Rodovia+Federal+BR-158+em+Tr%C3%AAs+Lagoas+https%3A%2F%2Fgazetadaregiao.com%2Fn%2Ftreslagoas%2Fempresario-de-76-anos-morre-em-acidente-com-capotamento-na-rodovia-federal-br-158-em-tres-lagoas\" target=\"_blank\" rel=\"noopener\">WhatsApp<\/a> <a href=\"https:\/\/telegram.me\/share\/url?url=https%3A%2F%2Fgazetadaregiao.com%2Fn%2Ftreslagoas%2Fempresario-de-76-anos-morre-em-acidente-com-capotamento-na-rodovia-federal-br-158-em-tres-lagoas&amp;text=Empres%C3%A1rio+de+76+anos+morre+em+acidente+com+capotamento+na+Rodovia+Federal+BR-158+em+Tr%C3%AAs+Lagoas\" target=\"_blank\" rel=\"noopener\"><\/a><\/p>\n<p><!-- bloco-portais-jbr -->\n<\/p>\n<div class=\"box-portais-jbr\" style=\"border:1px solid #e0e0e0;padding:16px 18px;margin:24px 0;border-radius:8px;background:#f9f9f9;font-size:0.95rem;\">\n<p style=\"margin:0 0 10px 0;font-weight:600;\">\n        Continue sempre bem informado acessando nossos portais:\n    <\/p>\n<ul style=\"margin:0;padding-left:20px;\">\n<li style=\"margin-bottom:8px;\">\n            <strong><a href=\"https:\/\/jornaldiadia.com.br\/\" target=\"_blank\" rel=\"noopener\" style=\"text-decoration:none;\">Jornal Dia Dia<\/a><\/strong> \u2013<br \/>\n            Sua fonte confi\u00e1vel para as melhores not\u00edcias e artigos \u00fateis. Fique por dentro dos acontecimentos mais importantes, dicas pr\u00e1ticas e conte\u00fados de qualidade.\n        <\/li>\n<li style=\"margin-bottom:8px;\">\n            <strong><a href=\"https:\/\/jbr.jor.br\/\" target=\"_blank\" rel=\"noopener\" style=\"text-decoration:none;\">Jornal Brasil Regional (JBR)<\/a><\/strong> \u2013<br \/>\n            O pulso do pa\u00eds em tempo real. Not\u00edcias nacionais, regionais e internacionais com \u00e9tica e credibilidade.\n        <\/li>\n<li style=\"margin-bottom:8px;\">\n            <strong><a href=\"https:\/\/castilho.jor.br\/\" target=\"_blank\" rel=\"noopener\" style=\"text-decoration:none;\">Castilho Not\u00edcias (News)<\/a><\/strong> \u2013<br \/>\n            O seu di\u00e1rio local com cobertura de Castilho e Regi\u00e3o (SP). Jornalismo com credibilidade.\n        <\/li>\n<li style=\"margin-bottom:8px;\">\n            <strong><a href=\"https:\/\/casaejardim.net.br\/\" target=\"_blank\" rel=\"noopener\" style=\"text-decoration:none;\">Casa e Jardim<\/a><\/strong> \u2013<br \/>\n            Dicas exclusivas sobre decora\u00e7\u00e3o, jardinagem, arquitetura, DIY, reformas e muito mais. Tend\u00eancias, solu\u00e7\u00f5es pr\u00e1ticas e ideias criativas para todos os estilos e or\u00e7amentos.\n        <\/li>\n<li style=\"margin-bottom:0;\">\n            <strong><a href=\"https:\/\/b10.net.br\/\" target=\"_blank\" rel=\"noopener\" style=\"text-decoration:none;\">B10 Brasil<\/a><\/strong> \u2013<br \/>\n            As principais not\u00edcias, an\u00e1lises e insights sobre neg\u00f3cios, economia e soberania nacional. Conectando o Brasil ao mundo com intelig\u00eancia e estrat\u00e9gia.\n        <\/li>\n<\/ul>\n<\/div>\n<p><!-- \/bloco-portais-jbr --><\/p>\n<\/div>\n","protected":false},"excerpt":{"rendered":"<p>Uma manh\u00e3 que come\u00e7ou como tantas outras terminou em trag\u00e9dia na BR-158, em Tr\u00eas Lagoas. Uma pessoa morreu e outras ficaram feridas ap\u00f3s uma colis\u00e3o seguida de capotamento, ocorrida na manh\u00e3 desta quinta-feira (3), nas proximidades da ponte do Rio Sucuri\u00fa, no km 524 da rodovia\u00a0. As informa\u00e7\u00f5es iniciais s\u00e3o<span class=\"more-link\"><a href=\"http:\/\/diadianews.com\/index.php\/2026\/09\/05\/empresario-de-76-anos-morre-em-acidente-com-capotamento-na-rodovia-federal-br-158-em-tres-lagoas\/\">Continue Reading<\/a><\/span><\/p>\n","protected":false},"author":1,"featured_media":8645,"comment_status":"closed","ping_status":"closed","sticky":false,"template":"","format":"standard","meta":{"footnotes":""},"categories":[1],"tags":[],"class_list":["entry","author-valdei","post-8644","post","type-post","status-publish","format-standard","has-post-thumbnail","category-news-do-dia"],"_links":{"self":[{"href":"http:\/\/diadianews.com\/index.php\/wp-json\/wp\/v2\/posts\/8644","targetHints":{"allow":["GET"]}}],"collection":[{"href":"http:\/\/diadianews.com\/index.php\/wp-json\/wp\/v2\/posts"}],"about":[{"href":"http:\/\/diadianews.com\/index.php\/wp-json\/wp\/v2\/types\/post"}],"author":[{"embeddable":true,"href":"http:\/\/diadianews.com\/index.php\/wp-json\/wp\/v2\/users\/1"}],"replies":[{"embeddable":true,"href":"http:\/\/diadianews.com\/index.php\/wp-json\/wp\/v2\/comments?post=8644"}],"version-history":[{"count":0,"href":"http:\/\/diadianews.com\/index.php\/wp-json\/wp\/v2\/posts\/8644\/revisions"}],"wp:featuredmedia":[{"embeddable":true,"href":"http:\/\/diadianews.com\/index.php\/wp-json\/wp\/v2\/media\/8645"}],"wp:attachment":[{"href":"http:\/\/diadianews.com\/index.php\/wp-json\/wp\/v2\/media?parent=8644"}],"wp:term":[{"taxonomy":"category","embeddable":true,"href":"http:\/\/diadianews.com\/index.php\/wp-json\/wp\/v2\/categories?post=8644"},{"taxonomy":"post_tag","embeddable":true,"href":"http:\/\/diadianews.com\/index.php\/wp-json\/wp\/v2\/tags?post=8644"}],"curies":[{"name":"wp","href":"https:\/\/api.w.org\/{rel}","templated":true}]}}